{"id":12175,"date":"2021-08-26T08:21:28","date_gmt":"2021-08-26T13:21:28","guid":{"rendered":"http:\/\/losperiodistas.com.mx\/portal\/?p=12175"},"modified":"2021-08-26T08:21:29","modified_gmt":"2021-08-26T13:21:29","slug":"el-papa-francisco-critica-la-detestable-hipocresia-existente-en-la-iglesia-catolica-y-entre-sus-ministros-rt","status":"publish","type":"post","link":"https:\/\/losperiodistas.com.mx\/portal\/el-papa-francisco-critica-la-detestable-hipocresia-existente-en-la-iglesia-catolica-y-entre-sus-ministros-rt\/","title":{"rendered":"El papa Francisco critica la \u00abdetestable hipocres\u00eda\u00bb existente en la Iglesia cat\u00f3lica y entre sus ministros | RT"},"content":{"rendered":"\n<p style=\"font-size:18px\"><em>En la pol\u00edtica \u00abno es inusual encontrar hip\u00f3critas\u00bb, personas que viven de una manera en p\u00fablico y de otra en privado, se\u00f1al\u00f3 el pont\u00edfice.<\/em><\/p>\n\n\n\n<p><\/p>\n\n\n\n<figure class=\"wp-block-image size-large\"><img fetchpriority=\"high\" decoding=\"async\" width=\"1024\" height=\"577\" src=\"https:\/\/losperiodistas.com.mx\/portal\/wp-content\/uploads\/2021\/08\/Captura-de-Pantalla-2021-08-26-a-las-8.19.07-1024x577.jpg\" alt=\"\" class=\"wp-image-12176\" srcset=\"https:\/\/losperiodistas.com.mx\/portal\/wp-content\/uploads\/2021\/08\/Captura-de-Pantalla-2021-08-26-a-las-8.19.07-1024x577.jpg 1024w, https:\/\/losperiodistas.com.mx\/portal\/wp-content\/uploads\/2021\/08\/Captura-de-Pantalla-2021-08-26-a-las-8.19.07-300x169.jpg 300w, https:\/\/losperiodistas.com.mx\/portal\/wp-content\/uploads\/2021\/08\/Captura-de-Pantalla-2021-08-26-a-las-8.19.07-768x432.jpg 768w, https:\/\/losperiodistas.com.mx\/portal\/wp-content\/uploads\/2021\/08\/Captura-de-Pantalla-2021-08-26-a-las-8.19.07-1536x865.jpg 1536w, https:\/\/losperiodistas.com.mx\/portal\/wp-content\/uploads\/2021\/08\/Captura-de-Pantalla-2021-08-26-a-las-8.19.07-2048x1153.jpg 2048w\" sizes=\"(max-width: 1024px) 100vw, 1024px\" \/><figcaption>El papa Francisco durante la audiencia general semanal en el Vaticano, el 25 de agosto de 2021. Guglielmo Mangiapane\u00a0\/ Reuters<\/figcaption><\/figure>\n\n\n\n<p class=\"has-vivid-cyan-blue-color has-text-color has-medium-font-size\">RT<\/p>\n\n\n\n<p>El papa Francisco&nbsp;<a href=\"https:\/\/www.vatican.va\/content\/francesco\/es\/audiences\/2021\/documents\/papa-francesco_20210825_udienza-generale.html\" target=\"_blank\" rel=\"noreferrer noopener\">dijo<\/a>&nbsp;este mi\u00e9rcoles durante su audiencia general en el Vaticano que en la Iglesia cat\u00f3lica existen \u00abhipocres\u00eda\u00bb y \u00abmuchos ministros hip\u00f3critas\u00bb.<\/p>\n\n\n\n<p>Esa cualidad de la gente \u00aba menudo&nbsp;<strong>se esconde en el lugar de trabajo<\/strong>, donde se trata de aparentar ser amigos con los colegas mientras la competici\u00f3n lleva a golpearles por la espalda\u00bb, lament\u00f3 Francisco. En la pol\u00edtica \u00ab<strong>no es inusual encontrar hip\u00f3critas<\/strong>\u00ab, personas que viven de una manera en p\u00fablico y de otra en privado, agreg\u00f3.<\/p>\n\n\n\n<figure class=\"wp-block-image\"><img decoding=\"async\" src=\"https:\/\/cdni.rt.com\/actualidad\/public_images\/2021.07\/thumbnail\/60f835c7e9ff711a78582e07.jpg\" alt=\"Dimite el principal funcionario de la Iglesia cat\u00f3lica de EE.UU. tras revelarse que frecuentaba bares para homosexuales\"\/><\/figure>\n\n\n\n<p><a href=\"https:\/\/actualidad.rt.com\/actualidad\/398467-dimite-principal-funcionario-iglesia-catolica-homosexuales\">Dimite el principal funcionario de la Iglesia cat\u00f3lica de EE.UU. tras revelarse que frecuentaba bares para homosexuales<\/a><\/p>\n\n\n\n<p>\u00abParticularmente&nbsp;<strong>detestable es la hipocres\u00eda en la Iglesia<\/strong>, y lamentablemente existe la hipocres\u00eda en la Iglesia, y hay muchos cristianos y muchos ministros hip\u00f3critas\u00bb, critic\u00f3. Seg\u00fan el papa, el hip\u00f3crita es una&nbsp;<a href=\"https:\/\/www.vaticannews.va\/es\/papa\/news\/2021-08\/papa-francisco-catequesis-25-agosto-2021-carta-pablo-galatas.html\" target=\"_blank\" rel=\"noreferrer noopener\">persona<\/a>&nbsp;que \u00ab<strong>finge, adula y enga\u00f1a<\/strong>&nbsp;porque vive con una m\u00e1scara en el rostro y no tiene el valor de enfrentarse a la verdad\u00bb.<\/p>\n\n\n\n<p>Francisco explica que esa cualidad se\u00a0<strong>difunde f\u00e1cilmente como un virus<\/strong>\u00a0en ambientes donde las relaciones interpersonales son vividas bajo la bandera del formalismo. \u00abLa hipocres\u00eda es el miedo a decir abiertamente la verdad, es fingir o\u00a0<strong>aparentar para quedar bien<\/strong>\u00a0a los ojos de los dem\u00e1s\u00bb, manifest\u00f3, se\u00f1alando que la hipocres\u00eda pone en peligro la unidad de la Iglesia.<\/p>\n\n\n\n<p>Fuente: https:\/\/actualidad.rt.com\/actualidad\/401977-papa-francisco-hipocresia-iglesia<\/p>\n","protected":false},"excerpt":{"rendered":"<p>En la pol\u00edtica \u00abno es inusual encontrar hip\u00f3critas\u00bb, personas que viven de una manera en p\u00fablico y de otra en [&hellip;]<\/p>\n","protected":false},"author":1,"featured_media":12176,"comment_status":"open","ping_status":"open","sticky":false,"template":"","format":"standard","meta":{"site-sidebar-layout":"default","site-content-layout":"","ast-site-content-layout":"default","site-content-style":"default","site-sidebar-style":"default","ast-global-header-display":"","ast-banner-title-visibility":"","ast-main-header-display":"","ast-hfb-above-header-display":"","ast-hfb-below-header-display":"","ast-hfb-mobile-header-display":"","site-post-title":"","ast-breadcrumbs-content":"","ast-featured-img":"","footer-sml-layout":"","theme-transparent-header-meta":"","adv-header-id-meta":"","stick-header-meta":"","header-above-stick-meta":"","header-main-stick-meta":"","header-below-stick-meta":"","astra-migrate-meta-layouts":"default","ast-page-background-enabled":"default","ast-page-background-meta":{"desktop":{"background-color":"var(--ast-global-color-4)","background-image":"","background-repeat":"repeat","background-position":"center center","background-size":"auto","background-attachment":"scroll","background-type":"","background-media":"","overlay-type":"","overlay-color":"","overlay-opacity":"","overlay-gradient":""},"tablet":{"background-color":"","background-image":"","background-repeat":"repeat","background-position":"center center","background-size":"auto","background-attachment":"scroll","background-type":"","background-media":"","overlay-type":"","overlay-color":"","overlay-opacity":"","overlay-gradient":""},"mobile":{"background-color":"","background-image":"","background-repeat":"repeat","background-position":"center center","background-size":"auto","background-attachment":"scroll","background-type":"","background-media":"","overlay-type":"","overlay-color":"","overlay-opacity":"","overlay-gradient":""}},"ast-content-background-meta":{"desktop":{"background-color":"var(--ast-global-color-5)","background-image":"","background-repeat":"repeat","background-position":"center center","background-size":"auto","background-attachment":"scroll","background-type":"","background-media":"","overlay-type":"","overlay-color":"","overlay-opacity":"","overlay-gradient":""},"tablet":{"background-color":"var(--ast-global-color-5)","background-image":"","background-repeat":"repeat","background-position":"center center","background-size":"auto","background-attachment":"scroll","background-type":"","background-media":"","overlay-type":"","overlay-color":"","overlay-opacity":"","overlay-gradient":""},"mobile":{"background-color":"var(--ast-global-color-5)","background-image":"","background-repeat":"repeat","background-position":"center center","background-size":"auto","background-attachment":"scroll","background-type":"","background-media":"","overlay-type":"","overlay-color":"","overlay-opacity":"","overlay-gradient":""}},"footnotes":""},"categories":[8],"tags":[3582,3581],"class_list":["post-12175","post","type-post","status-publish","format-standard","has-post-thumbnail","hentry","category-noticias","tag-hipocresia","tag-papa-frabcisco"],"_links":{"self":[{"href":"https:\/\/losperiodistas.com.mx\/portal\/wp-json\/wp\/v2\/posts\/12175","targetHints":{"allow":["GET"]}}],"collection":[{"href":"https:\/\/losperiodistas.com.mx\/portal\/wp-json\/wp\/v2\/posts"}],"about":[{"href":"https:\/\/losperiodistas.com.mx\/portal\/wp-json\/wp\/v2\/types\/post"}],"author":[{"embeddable":true,"href":"https:\/\/losperiodistas.com.mx\/portal\/wp-json\/wp\/v2\/users\/1"}],"replies":[{"embeddable":true,"href":"https:\/\/losperiodistas.com.mx\/portal\/wp-json\/wp\/v2\/comments?post=12175"}],"version-history":[{"count":1,"href":"https:\/\/losperiodistas.com.mx\/portal\/wp-json\/wp\/v2\/posts\/12175\/revisions"}],"predecessor-version":[{"id":12177,"href":"https:\/\/losperiodistas.com.mx\/portal\/wp-json\/wp\/v2\/posts\/12175\/revisions\/12177"}],"wp:featuredmedia":[{"embeddable":true,"href":"https:\/\/losperiodistas.com.mx\/portal\/wp-json\/wp\/v2\/media\/12176"}],"wp:attachment":[{"href":"https:\/\/losperiodistas.com.mx\/portal\/wp-json\/wp\/v2\/media?parent=12175"}],"wp:term":[{"taxonomy":"category","embeddable":true,"href":"https:\/\/losperiodistas.com.mx\/portal\/wp-json\/wp\/v2\/categories?post=12175"},{"taxonomy":"post_tag","embeddable":true,"href":"https:\/\/losperiodistas.com.mx\/portal\/wp-json\/wp\/v2\/tags?post=12175"}],"curies":[{"name":"wp","href":"https:\/\/api.w.org\/{rel}","templated":true}]}}