{"id":12164,"date":"2021-08-26T07:06:41","date_gmt":"2021-08-26T12:06:41","guid":{"rendered":"http:\/\/losperiodistas.com.mx\/portal\/?p=12164"},"modified":"2021-08-26T07:06:42","modified_gmt":"2021-08-26T12:06:42","slug":"amlo-principal-enemigo-de-si-mismo-dulce-maria-sauri-critico-los-constantes-ataques-a-la-oposicion-infobae","status":"publish","type":"post","link":"https:\/\/losperiodistas.com.mx\/portal\/amlo-principal-enemigo-de-si-mismo-dulce-maria-sauri-critico-los-constantes-ataques-a-la-oposicion-infobae\/","title":{"rendered":"\u201cAMLO, principal enemigo de s\u00ed mismo\u201d: Dulce Mar\u00eda Sauri critic\u00f3 los constantes ataques a la oposici\u00f3n | Infobae"},"content":{"rendered":"\n<p style=\"font-size:18px\"><em>La presidenta de la C\u00e1mara de Diputados consider\u00f3 que son muy pocos los que desean que le vaya mal al presidente, pues le ir\u00eda mal al pa\u00eds<\/em><\/p>\n\n\n\n<p><\/p>\n\n\n\n<figure class=\"wp-block-image size-large\"><img fetchpriority=\"high\" decoding=\"async\" width=\"1024\" height=\"684\" src=\"https:\/\/losperiodistas.com.mx\/portal\/wp-content\/uploads\/2021\/08\/Captura-de-Pantalla-2021-08-26-a-las-7.04.25-1024x684.jpg\" alt=\"\" class=\"wp-image-12165\" srcset=\"https:\/\/losperiodistas.com.mx\/portal\/wp-content\/uploads\/2021\/08\/Captura-de-Pantalla-2021-08-26-a-las-7.04.25-1024x684.jpg 1024w, https:\/\/losperiodistas.com.mx\/portal\/wp-content\/uploads\/2021\/08\/Captura-de-Pantalla-2021-08-26-a-las-7.04.25-300x200.jpg 300w, https:\/\/losperiodistas.com.mx\/portal\/wp-content\/uploads\/2021\/08\/Captura-de-Pantalla-2021-08-26-a-las-7.04.25-768x513.jpg 768w, https:\/\/losperiodistas.com.mx\/portal\/wp-content\/uploads\/2021\/08\/Captura-de-Pantalla-2021-08-26-a-las-7.04.25.jpg 1512w\" sizes=\"(max-width: 1024px) 100vw, 1024px\" \/><figcaption>La presidenta de la C\u00e1mara de Diputados consider\u00f3 que son muy pocos los que desean que le vaya mal al presidente, pues le ir\u00eda mal al pa\u00eds (Foto: EFE\/S\u00e1shenka Guti\u00e9rrez\/Archivo)<\/figcaption><\/figure>\n\n\n\n<p><\/p>\n\n\n\n<p class=\"has-vivid-cyan-blue-color has-text-color has-medium-font-size\">INFOBAE<\/p>\n\n\n\n<p><strong>Dulce Mar\u00eda Sauri,<\/strong>&nbsp;la presidenta de la C\u00e1mara de Diputados, miembro activo del&nbsp;<strong>Partido de la Revoluci\u00f3n Institucional<\/strong>&nbsp;(PRI), consider\u00f3 que Andr\u00e9s Manuel L\u00f3pez Obrador debe reconsiderar su posicionamiento frente a los opositores pol\u00edticos.<\/p>\n\n\n\n<p>De acuerdo con la entrevista de la presidenta de la&nbsp;<strong>C\u00e1mara de Diputados,<\/strong>&nbsp;Dulce Mar\u00eda Sauri, con el diario&nbsp;<em>Milenio<\/em>,&nbsp;<strong>no es precisamente la oposici\u00f3n quienes buscan boicotear<\/strong>&nbsp;o hacerle un mal al presidente de la Rep\u00fablica.<\/p>\n\n\n\n<p>De hecho, consider\u00f3 que la mayor\u00eda de ellos desear\u00edan que le vaya bien al presidente, y en este contexto,&nbsp;<strong>se\u00f1al\u00f3 que el presidente puede llegar a ser su propio enemigo<\/strong>, dijo al periodista Fernando Dami\u00e1n.<\/p>\n\n\n\n<p>\u201c\u00bfPor qu\u00e9 no piensa que no todos, yo dir\u00eda que muy pocos, quieren que le vaya mal al presidente?, porque sabemos que abrimos un flanco muy delicado para el pa\u00eds, o sea, yo sigo sosteniendo que le vaya bien al presidente, es algo que permite que le va a ir bien al pa\u00eds, pero\u00a0<strong>a veces s\u00ed me pregunto si el principal enemigo del presidente no es \u00e9l mismo<\/strong>\u201d, dijo al diario de circulaci\u00f3n nacional.<\/p>\n\n\n\n<p><img decoding=\"async\" height=\"3264\" width=\"4896\" srcset=\"https:\/\/www.infobae.com\/new-resizer\/fmpv9e7GFamQ67Bhsqtr9IeIYqw=\/420x280\/filters:format(jpg):quality(85)\/cloudfront-us-east-1.images.arcpublishing.com\/infobae\/K6MUMLSPGJBVJLIIEWYHUEGZRY.jpg 420w,https:\/\/www.infobae.com\/new-resizer\/Bz0fpmDQ3vhm2I7KIRnLpsinxrM=\/768x512\/filters:format(jpg):quality(85)\/cloudfront-us-east-1.images.arcpublishing.com\/infobae\/K6MUMLSPGJBVJLIIEWYHUEGZRY.jpg 768w,https:\/\/www.infobae.com\/new-resizer\/JqFJWhWPxPfB5NV7qUHEkALjrVs=\/992x661\/filters:format(jpg):quality(85)\/cloudfront-us-east-1.images.arcpublishing.com\/infobae\/K6MUMLSPGJBVJLIIEWYHUEGZRY.jpg 992w,https:\/\/www.infobae.com\/new-resizer\/FEhUIL38nAIhKsjXMyXNQdAbnEg=\/1200x800\/filters:format(jpg):quality(85)\/cloudfront-us-east-1.images.arcpublishing.com\/infobae\/K6MUMLSPGJBVJLIIEWYHUEGZRY.jpg 1200w,https:\/\/www.infobae.com\/new-resizer\/8t0_I_BreeSh5e7OX8jNHynUN1Y=\/1440x960\/filters:format(jpg):quality(85)\/cloudfront-us-east-1.images.arcpublishing.com\/infobae\/K6MUMLSPGJBVJLIIEWYHUEGZRY.jpg 1440w\" alt=\"C\u00e1mara de Diputados, en Ciudad de M\u00e9xico (Foto: EFE\/Mario Guzm\u00e1n\/Archivo)\" src=\"https:\/\/www.infobae.com\/new-resizer\/fmpv9e7GFamQ67Bhsqtr9IeIYqw=\/420x280\/filters:format(jpg):quality(85)\/cloudfront-us-east-1.images.arcpublishing.com\/infobae\/K6MUMLSPGJBVJLIIEWYHUEGZRY.jpg%20420w\">C\u00e1mara de Diputados, en Ciudad de M\u00e9xico (Foto: EFE\/Mario Guzm\u00e1n\/Archivo)<\/p>\n\n\n\n<p>Adem\u00e1s, dej\u00f3 una recomendaci\u00f3n al presidente Andr\u00e9s Manuel L\u00f3pez Obrador, a quien pidi\u00f3 que revise las soluciones que ha emprendido para presuntamente arreglar al pa\u00eds, pues parecen que la seguridad, la pobreza y la econom\u00eda no funcionan.<\/p>\n\n\n\n<p>\u201cY<strong>o sigo pensando que el Presidente de la Rep\u00fablica es un hombre sensible a los problemas.&nbsp;<\/strong>Yo le pedir\u00eda \u2018revise las soluciones\u2019. No funciona la soluci\u00f3n a la inseguridad, no funciona la soluci\u00f3n a la pobreza, no funcionan las soluciones en materia econ\u00f3mica\u201d, inform\u00f3 a la prensa.<\/p>\n\n\n\n<p>Adem\u00e1s, tambi\u00e9n le pidi\u00f3 que&nbsp;<strong>considere sus grandes proyectos de naci\u00f3n como la refiner\u00eda que est\u00e1 desarrollando en Dos Bocas, as\u00ed como el aeropuerto de Santa Luc\u00eda o el llamado Tren Maya<\/strong>, pues mientras considera que el primero no funcionar\u00e1, a los dos \u00faltimos les da el beneficio de la duda.<\/p>\n\n\n\n<p>Sauri es licenciada en Sociolog\u00eda por la Universidad Iberoamericana y se convirti\u00f3 en parte del PRI desde 1981 y hasta la fecha. Actualmente es diputada de la LXIV Legislatura en representaci\u00f3n proporcional de la circunscripci\u00f3n tercera de Yucat\u00e1n.<\/p>\n\n\n\n<p>Fue en septiembre de 2020 que se convirti\u00f3 en la presidenta de la C\u00e1mara de Diputados, puesto que culminar\u00e1 el 31 de agosto de 2021, cuando tome protesta la siguiente Legislatura.<\/p>\n\n\n\n<p><img decoding=\"async\" height=\"1080\" width=\"1920\" srcset=\"https:\/\/www.infobae.com\/new-resizer\/uhOxaohHbsRfiX2UgMDjzPm6VIA=\/420x236\/filters:format(jpg):quality(85)\/cloudfront-us-east-1.images.arcpublishing.com\/infobae\/TAUILX723NG73B267QURXWN6BU.jpg 420w,https:\/\/www.infobae.com\/new-resizer\/BZgu9B_Ah0kqV1SeZ-hg4kkfzKA=\/768x432\/filters:format(jpg):quality(85)\/cloudfront-us-east-1.images.arcpublishing.com\/infobae\/TAUILX723NG73B267QURXWN6BU.jpg 768w,https:\/\/www.infobae.com\/new-resizer\/51tQTWZloyatD3ADtOQxcixDJ3U=\/992x558\/filters:format(jpg):quality(85)\/cloudfront-us-east-1.images.arcpublishing.com\/infobae\/TAUILX723NG73B267QURXWN6BU.jpg 992w,https:\/\/www.infobae.com\/new-resizer\/lnR-019FgZllIK1vQViIdVbhb5U=\/1200x675\/filters:format(jpg):quality(85)\/cloudfront-us-east-1.images.arcpublishing.com\/infobae\/TAUILX723NG73B267QURXWN6BU.jpg 1200w,https:\/\/www.infobae.com\/new-resizer\/9NjWG0i3h_1DaQXX66bTFiisyEs=\/1440x810\/filters:format(jpg):quality(85)\/cloudfront-us-east-1.images.arcpublishing.com\/infobae\/TAUILX723NG73B267QURXWN6BU.jpg 1440w\" alt=\"\u201cAMLO, principal enemigo de s\u00ed mismo\u201d: Dulce Mar\u00eda Sauri critic\u00f3 los constantes ataques a la oposici\u00f3n (Foto: Cortes\u00eda C\u00e1mara de Diputados)\" src=\"https:\/\/www.infobae.com\/new-resizer\/uhOxaohHbsRfiX2UgMDjzPm6VIA=\/420x236\/filters:format(jpg):quality(85)\/cloudfront-us-east-1.images.arcpublishing.com\/infobae\/TAUILX723NG73B267QURXWN6BU.jpg%20420w\">\u201cAMLO, principal enemigo de s\u00ed mismo\u201d: Dulce Mar\u00eda Sauri critic\u00f3 los constantes ataques a la oposici\u00f3n (Foto: Cortes\u00eda C\u00e1mara de Diputados)<\/p>\n\n\n\n<h2 class=\"wp-block-heading\">El Movimiento Regeneraci\u00f3n Nacional respalda a AMLO<\/h2>\n\n\n\n<p>Lo anterior, luego de que se desataran diversos ataques en contra de sus opositores pol\u00edticos, especialmente Ricardo Anaya, quien fue citado por la Fiscal\u00eda General de la Rep\u00fablica por investigaciones de corrupci\u00f3n en su contra.<\/p>\n\n\n\n<p>Esta posici\u00f3n es respaldada por los miembros de su partido, Movimiento Regeneraci\u00f3n Nacional, pues Mario Delgado, el pol\u00edtico l\u00edder nacional de Morena, quien a trav\u00e9s de sus redes sociales public\u00f3 un comunicado en el que asegur\u00f3 que&nbsp;<strong>el gobierno en turno no persigue presos pol\u00edticos<\/strong>, pero s\u00ed quiere ver pol\u00edticos presos.<\/p>\n\n\n\n<p>Adem\u00e1s, asegur\u00f3 que no son los tiempos de antes&nbsp;<strong>en el que se hostigaba a los opositores<\/strong>, y se fabricaban delitos en su contra para sacarlos del camino. Sin embargo, cuestion\u00f3 la decisi\u00f3n de Ricardo Anaya de huir del pa\u00eds al asegurar que&nbsp;<strong>Andr\u00e9s Manuel L\u00f3pez Obrador<\/strong>, presidente de M\u00e9xico, quiere meterlo a la c\u00e1rcel.<\/p>\n\n\n\n<p>En este sentido,\u00a0<strong>Mario Delgado asegur\u00f3 que no debe tenerle miedo a L\u00f3pez Obrador<\/strong>, pero s\u00ed debe temerle al pasado, pues supuso que \u201cest\u00e1 lleno de corrupci\u00f3n, moches y negocios en lo oscurito\u201d.<\/p>\n\n\n\n<p>Fuente: https:\/\/www.infobae.com\/america\/mexico\/2021\/08\/26\/amlo-principal-enemigo-de-si-mismo-dulce-maria-sauri-critico-los-constantes-ataques-a-la-oposicion\/<\/p>\n","protected":false},"excerpt":{"rendered":"<p>La presidenta de la C\u00e1mara de Diputados consider\u00f3 que son muy pocos los que desean que le vaya mal al [&hellip;]<\/p>\n","protected":false},"author":1,"featured_media":12165,"comment_status":"open","ping_status":"open","sticky":false,"template":"","format":"standard","meta":{"site-sidebar-layout":"default","site-content-layout":"","ast-site-content-layout":"default","site-content-style":"default","site-sidebar-style":"default","ast-global-header-display":"","ast-banner-title-visibility":"","ast-main-header-display":"","ast-hfb-above-header-display":"","ast-hfb-below-header-display":"","ast-hfb-mobile-header-display":"","site-post-title":"","ast-breadcrumbs-content":"","ast-featured-img":"","footer-sml-layout":"","theme-transparent-header-meta":"","adv-header-id-meta":"","stick-header-meta":"","header-above-stick-meta":"","header-main-stick-meta":"","header-below-stick-meta":"","astra-migrate-meta-layouts":"default","ast-page-background-enabled":"default","ast-page-background-meta":{"desktop":{"background-color":"var(--ast-global-color-4)","background-image":"","background-repeat":"repeat","background-position":"center center","background-size":"auto","background-attachment":"scroll","background-type":"","background-media":"","overlay-type":"","overlay-color":"","overlay-opacity":"","overlay-gradient":""},"tablet":{"background-color":"","background-image":"","background-repeat":"repeat","background-position":"center center","background-size":"auto","background-attachment":"scroll","background-type":"","background-media":"","overlay-type":"","overlay-color":"","overlay-opacity":"","overlay-gradient":""},"mobile":{"background-color":"","background-image":"","background-repeat":"repeat","background-position":"center center","background-size":"auto","background-attachment":"scroll","background-type":"","background-media":"","overlay-type":"","overlay-color":"","overlay-opacity":"","overlay-gradient":""}},"ast-content-background-meta":{"desktop":{"background-color":"var(--ast-global-color-5)","background-image":"","background-repeat":"repeat","background-position":"center center","background-size":"auto","background-attachment":"scroll","background-type":"","background-media":"","overlay-type":"","overlay-color":"","overlay-opacity":"","overlay-gradient":""},"tablet":{"background-color":"var(--ast-global-color-5)","background-image":"","background-repeat":"repeat","background-position":"center center","background-size":"auto","background-attachment":"scroll","background-type":"","background-media":"","overlay-type":"","overlay-color":"","overlay-opacity":"","overlay-gradient":""},"mobile":{"background-color":"var(--ast-global-color-5)","background-image":"","background-repeat":"repeat","background-position":"center center","background-size":"auto","background-attachment":"scroll","background-type":"","background-media":"","overlay-type":"","overlay-color":"","overlay-opacity":"","overlay-gradient":""}},"footnotes":""},"categories":[8],"tags":[199,3579],"class_list":["post-12164","post","type-post","status-publish","format-standard","has-post-thumbnail","hentry","category-noticias","tag-amlo","tag-dulce-m-sauri"],"_links":{"self":[{"href":"https:\/\/losperiodistas.com.mx\/portal\/wp-json\/wp\/v2\/posts\/12164","targetHints":{"allow":["GET"]}}],"collection":[{"href":"https:\/\/losperiodistas.com.mx\/portal\/wp-json\/wp\/v2\/posts"}],"about":[{"href":"https:\/\/losperiodistas.com.mx\/portal\/wp-json\/wp\/v2\/types\/post"}],"author":[{"embeddable":true,"href":"https:\/\/losperiodistas.com.mx\/portal\/wp-json\/wp\/v2\/users\/1"}],"replies":[{"embeddable":true,"href":"https:\/\/losperiodistas.com.mx\/portal\/wp-json\/wp\/v2\/comments?post=12164"}],"version-history":[{"count":1,"href":"https:\/\/losperiodistas.com.mx\/portal\/wp-json\/wp\/v2\/posts\/12164\/revisions"}],"predecessor-version":[{"id":12166,"href":"https:\/\/losperiodistas.com.mx\/portal\/wp-json\/wp\/v2\/posts\/12164\/revisions\/12166"}],"wp:featuredmedia":[{"embeddable":true,"href":"https:\/\/losperiodistas.com.mx\/portal\/wp-json\/wp\/v2\/media\/12165"}],"wp:attachment":[{"href":"https:\/\/losperiodistas.com.mx\/portal\/wp-json\/wp\/v2\/media?parent=12164"}],"wp:term":[{"taxonomy":"category","embeddable":true,"href":"https:\/\/losperiodistas.com.mx\/portal\/wp-json\/wp\/v2\/categories?post=12164"},{"taxonomy":"post_tag","embeddable":true,"href":"https:\/\/losperiodistas.com.mx\/portal\/wp-json\/wp\/v2\/tags?post=12164"}],"curies":[{"name":"wp","href":"https:\/\/api.w.org\/{rel}","templated":true}]}}