{"id":12161,"date":"2021-08-26T07:02:53","date_gmt":"2021-08-26T12:02:53","guid":{"rendered":"http:\/\/losperiodistas.com.mx\/portal\/?p=12161"},"modified":"2021-08-26T07:02:54","modified_gmt":"2021-08-26T12:02:54","slug":"rivera-inicia-gabinete-con-arabian-romero-canedo-y-dominguez-e-consulta","status":"publish","type":"post","link":"https:\/\/losperiodistas.com.mx\/portal\/rivera-inicia-gabinete-con-arabian-romero-canedo-y-dominguez-e-consulta\/","title":{"rendered":"Rivera inicia gabinete con Arabi\u00e1n, Romero, Ca\u00f1edo y Dom\u00ednguez | E-Consulta"},"content":{"rendered":"\n<p style=\"font-size:18px\"><em>Los regidores electos dejar\u00e1n a sus suplentes y formar\u00e1n parte del nuevo gobierno que toma protesta el 15 de octubre<\/em><\/p>\n\n\n\n<p><\/p>\n\n\n\n<figure class=\"wp-block-image size-large\"><img fetchpriority=\"high\" decoding=\"async\" width=\"1024\" height=\"678\" src=\"https:\/\/losperiodistas.com.mx\/portal\/wp-content\/uploads\/2021\/08\/Captura-de-Pantalla-2021-08-26-a-las-6.58.53-1024x678.jpg\" alt=\"\" class=\"wp-image-12162\" srcset=\"https:\/\/losperiodistas.com.mx\/portal\/wp-content\/uploads\/2021\/08\/Captura-de-Pantalla-2021-08-26-a-las-6.58.53-1024x678.jpg 1024w, https:\/\/losperiodistas.com.mx\/portal\/wp-content\/uploads\/2021\/08\/Captura-de-Pantalla-2021-08-26-a-las-6.58.53-300x199.jpg 300w, https:\/\/losperiodistas.com.mx\/portal\/wp-content\/uploads\/2021\/08\/Captura-de-Pantalla-2021-08-26-a-las-6.58.53-768x509.jpg 768w, https:\/\/losperiodistas.com.mx\/portal\/wp-content\/uploads\/2021\/08\/Captura-de-Pantalla-2021-08-26-a-las-6.58.53-1536x1018.jpg 1536w, https:\/\/losperiodistas.com.mx\/portal\/wp-content\/uploads\/2021\/08\/Captura-de-Pantalla-2021-08-26-a-las-6.58.53-2048x1357.jpg 2048w\" sizes=\"(max-width: 1024px) 100vw, 1024px\" \/><\/figure>\n\n\n\n<p class=\"has-vivid-cyan-blue-color has-text-color has-medium-font-size\">KAREN MEZA \/ E-CONSULTA<\/p>\n\n\n\n<p>El alcalde&nbsp;electo de&nbsp;Puebla,<strong>&nbsp;Eduardo Rivera P\u00e9rez,<\/strong>&nbsp;anunci\u00f3 este mi\u00e9rcoles las primeras designaciones en su gabinete de gobierno que entrar\u00e1 en funciones el&nbsp;<strong>15 de octubre<\/strong>. Los nombramientos fueron para su suplente y tres regidores que dejar\u00e1n el cargo para ir al ayuntamiento.<\/p>\n\n\n\n<p>A trav\u00e9s de sus redes sociales comparti\u00f3 que&nbsp;<strong>Myriam Arabi\u00e1n Couttolenc<\/strong>&nbsp;estar\u00e1 al frente del \u00e1rea de medio ambiente, sin especificar si esta ser\u00e1 una nueva secretar\u00eda.<\/p>\n\n\n\n<p><strong>Karina Romero Alcal\u00e1<\/strong>&nbsp;se encargar\u00e1 de igualdad de g\u00e9nero;&nbsp;<strong>Alejandro Ca\u00f1edo Priesca<\/strong>&nbsp;estar\u00e1 al frente de turismo y&nbsp;<strong>Ad\u00e1n Dom\u00ednguez S\u00e1nchez<\/strong>&nbsp;tendr\u00e1 un cargo de nueva creaci\u00f3n, denominado gerencia de gobierno.<\/p>\n\n\n\n<p>En el primer gobierno de Rivera P\u00e9rez (2011-2014)<strong>, Ca\u00f1edo Priesca<\/strong>&nbsp;fue secretario de&nbsp;Turismo, cargo que continu\u00f3 con el expresidente municipal&nbsp;<strong>Antonio Gali Fayad<\/strong>&nbsp;(2014-2016) y&nbsp;<strong>Luis Banck Serrato<\/strong>&nbsp;(2016-2018).<\/p>\n\n\n\n<p>Tambi\u00e9n hab\u00eda sido designado como titular de Turismo en la gesti\u00f3n de&nbsp;<strong>Martha Erika Alonso Hidalgo<\/strong>, quien muri\u00f3 10 d\u00edas despu\u00e9s de tomar protesta como gobernadora.<\/p>\n\n\n\n<p>En el gobierno municipal de 2014 a 2018,<strong>\u00a0que compartieron Gali Fayad y Banck Serrato,\u00a0<\/strong>fueron regidores\u00a0Arabi\u00e1n Couttolenc\u00a0(PAN), Romero Alcal\u00e1\u00a0(PRI) y Dom\u00ednguez S\u00e1nchez\u00a0(PAN).<\/p>\n\n\n\n<figure class=\"wp-block-embed is-type-rich is-provider-twitter wp-block-embed-twitter\"><div class=\"wp-block-embed__wrapper\">\n<blockquote class=\"twitter-tweet\" data-width=\"500\" data-dnt=\"true\"><p lang=\"es\" dir=\"ltr\">Puebla tendr\u00e1 un gobierno de coalici\u00f3n, gracias <a href=\"https:\/\/twitter.com\/karina_ralcala?ref_src=twsrc%5Etfw\">@karina_ralcala<\/a>, <a href=\"https:\/\/twitter.com\/myriamarabian?ref_src=twsrc%5Etfw\">@myriamarabian<\/a>, <a href=\"https:\/\/twitter.com\/AleCanedoP?ref_src=twsrc%5Etfw\">@AleCanedoP<\/a>  y <a href=\"https:\/\/twitter.com\/adandominguez?ref_src=twsrc%5Etfw\">@adandominguez<\/a> por aceptar integrarse a las \u00e1reas de igualdad, medio ambiente, turismo y gerencia de gobierno en mi administraci\u00f3n.<br><br>Con experiencia vamos a <a href=\"https:\/\/twitter.com\/hashtag\/CorregirElRumbo?src=hash&amp;ref_src=twsrc%5Etfw\">#CorregirElRumbo<\/a> de Puebla <a href=\"https:\/\/t.co\/cEk2gekg9n\">pic.twitter.com\/cEk2gekg9n<\/a><\/p>&mdash; Eduardo Rivera P\u00e9rez (@eduardorivera01) <a href=\"https:\/\/twitter.com\/eduardorivera01\/status\/1430672939376988162?ref_src=twsrc%5Etfw\">August 25, 2021<\/a><\/blockquote><script async src=\"https:\/\/platform.twitter.com\/widgets.js\" charset=\"utf-8\"><\/script>\n<\/div><\/figure>\n\n\n\n<p><strong>Karina Romero Alcal\u00e1<\/strong>&nbsp;fue presidenta de la Comisi\u00f3n del Deporte y Juventud en el Cabildo, as\u00ed que su designaci\u00f3n en materia de&nbsp;igualdad&nbsp;de g\u00e9nero representar\u00e1 su primer cargo en la estructura org\u00e1nica del ayuntamiento.<\/p>\n\n\n\n<p><strong>Arabian Couttolenc&nbsp;<\/strong>fue diputada federal en la&nbsp;<strong>LIX Legislatura&nbsp;<\/strong>(2003-2006), form\u00f3 parte del gobierno de&nbsp;<strong>Rafael Moreno Valle<\/strong>&nbsp;como titular de&nbsp;<strong>la Secretar\u00eda de Desarrollo Social&nbsp;<\/strong>y como panista es af\u00edn al grupo pol\u00edtico de la ex aspirante presidencial&nbsp;<strong>Margarita Zavala G\u00f3mez del Campo<\/strong>.<\/p>\n\n\n\n<p>\u201cEn estos perfiles est\u00e1n reflejados diferentes sectores de la sociedad y, juntos, en equipo, se&nbsp;<strong>entregar\u00e1n buenas cuentas<\/strong>\u201d, coment\u00f3 Rivera P\u00e9rez en un comunicado tras realizar las designaciones.<\/p>\n\n\n\n<p><strong>Modificaci\u00f3n al Cabildo<\/strong><\/p>\n\n\n\n<p>Los nuevos miembros del gabinete fueron electos como regidores, por lo que sus suplentes tomar\u00e1n protesta en octubre.<\/p>\n\n\n\n<p>De&nbsp;<strong>Myriam Arabi\u00e1n Couttolenc<\/strong>&nbsp;ingresar\u00e1 como suplente la ex diputada local&nbsp;<strong>Mar\u00eda Fernanda Huerta L\u00f3pez.<\/strong><\/p>\n\n\n\n<p>Por la pri\u00edsta&nbsp;<strong>Karina Romero Alcal\u00e1<\/strong>&nbsp;llegar\u00e1 la exlegisladora local del PAN,&nbsp;<strong>Ana Mar\u00eda Jim\u00e9nez Ortiz.<\/strong><\/p>\n\n\n\n<p>Para suplir a\u00a0<strong>Alejandro Ca\u00f1edo Priesca<\/strong>\u00a0llegar\u00e1\u00a0<strong>Alfredo Ram\u00edrez Barra<\/strong>; en tanto que\u00a0<strong>Ad\u00e1n Dom\u00ednguez S\u00e1nchez<\/strong>\u00a0es el suplente del alcalde electo.<\/p>\n\n\n\n<figure class=\"wp-block-embed is-type-rich is-provider-twitter wp-block-embed-twitter\"><div class=\"wp-block-embed__wrapper\">\n<blockquote class=\"twitter-tweet\" data-width=\"500\" data-dnt=\"true\"><p lang=\"es\" dir=\"ltr\">Agradezco a <a href=\"https:\/\/twitter.com\/eduardorivera01?ref_src=twsrc%5Etfw\">@eduardorivera01<\/a> la oportunidad y confianza, trabajaremos intensamente por un mejor Puebla.<br>Juntos vamos a <a href=\"https:\/\/twitter.com\/hashtag\/CorregirElRumbo?src=hash&amp;ref_src=twsrc%5Etfw\">#CorregirElRumbo<\/a> de <a href=\"https:\/\/twitter.com\/hashtag\/Puebla?src=hash&amp;ref_src=twsrc%5Etfw\">#Puebla<\/a> <a href=\"https:\/\/t.co\/l0mUBauitH\">https:\/\/t.co\/l0mUBauitH<\/a><\/p>&mdash; Ad\u00e1n Dom\u00ednguez S\u00e1nchez (@adandominguez) <a href=\"https:\/\/twitter.com\/adandominguez\/status\/1430685498259935238?ref_src=twsrc%5Etfw\">August 26, 2021<\/a><\/blockquote><script async src=\"https:\/\/platform.twitter.com\/widgets.js\" charset=\"utf-8\"><\/script>\n<\/div><\/figure>\n\n\n\n<p>Fuente: https:\/\/www.e-consulta.com\/nota\/2021-08-25\/ciudad\/rivera-inicia-gabinete-con-arabian-romero-canedo-y-dominguez<\/p>\n","protected":false},"excerpt":{"rendered":"<p>Los regidores electos dejar\u00e1n a sus suplentes y formar\u00e1n parte del nuevo gobierno que toma protesta el 15 de octubre [&hellip;]<\/p>\n","protected":false},"author":1,"featured_media":12162,"comment_status":"open","ping_status":"open","sticky":false,"template":"","format":"standard","meta":{"site-sidebar-layout":"default","site-content-layout":"","ast-site-content-layout":"default","site-content-style":"default","site-sidebar-style":"default","ast-global-header-display":"","ast-banner-title-visibility":"","ast-main-header-display":"","ast-hfb-above-header-display":"","ast-hfb-below-header-display":"","ast-hfb-mobile-header-display":"","site-post-title":"","ast-breadcrumbs-content":"","ast-featured-img":"","footer-sml-layout":"","theme-transparent-header-meta":"","adv-header-id-meta":"","stick-header-meta":"","header-above-stick-meta":"","header-main-stick-meta":"","header-below-stick-meta":"","astra-migrate-meta-layouts":"default","ast-page-background-enabled":"default","ast-page-background-meta":{"desktop":{"background-color":"var(--ast-global-color-4)","background-image":"","background-repeat":"repeat","background-position":"center center","background-size":"auto","background-attachment":"scroll","background-type":"","background-media":"","overlay-type":"","overlay-color":"","overlay-opacity":"","overlay-gradient":""},"tablet":{"background-color":"","background-image":"","background-repeat":"repeat","background-position":"center center","background-size":"auto","background-attachment":"scroll","background-type":"","background-media":"","overlay-type":"","overlay-color":"","overlay-opacity":"","overlay-gradient":""},"mobile":{"background-color":"","background-image":"","background-repeat":"repeat","background-position":"center center","background-size":"auto","background-attachment":"scroll","background-type":"","background-media":"","overlay-type":"","overlay-color":"","overlay-opacity":"","overlay-gradient":""}},"ast-content-background-meta":{"desktop":{"background-color":"var(--ast-global-color-5)","background-image":"","background-repeat":"repeat","background-position":"center center","background-size":"auto","background-attachment":"scroll","background-type":"","background-media":"","overlay-type":"","overlay-color":"","overlay-opacity":"","overlay-gradient":""},"tablet":{"background-color":"var(--ast-global-color-5)","background-image":"","background-repeat":"repeat","background-position":"center center","background-size":"auto","background-attachment":"scroll","background-type":"","background-media":"","overlay-type":"","overlay-color":"","overlay-opacity":"","overlay-gradient":""},"mobile":{"background-color":"var(--ast-global-color-5)","background-image":"","background-repeat":"repeat","background-position":"center center","background-size":"auto","background-attachment":"scroll","background-type":"","background-media":"","overlay-type":"","overlay-color":"","overlay-opacity":"","overlay-gradient":""}},"footnotes":""},"categories":[8],"tags":[3578,3575,1286,3574,3577,3576],"class_list":["post-12161","post","type-post","status-publish","format-standard","has-post-thumbnail","hentry","category-noticias","tag-adan-dominguez-sanchez","tag-alejandro-canedo-priesca","tag-eduardo-rivera","tag-gobierno-rivera-perez","tag-karina-romero-alcala","tag-myriam-arabian-couttolenc"],"_links":{"self":[{"href":"https:\/\/losperiodistas.com.mx\/portal\/wp-json\/wp\/v2\/posts\/12161","targetHints":{"allow":["GET"]}}],"collection":[{"href":"https:\/\/losperiodistas.com.mx\/portal\/wp-json\/wp\/v2\/posts"}],"about":[{"href":"https:\/\/losperiodistas.com.mx\/portal\/wp-json\/wp\/v2\/types\/post"}],"author":[{"embeddable":true,"href":"https:\/\/losperiodistas.com.mx\/portal\/wp-json\/wp\/v2\/users\/1"}],"replies":[{"embeddable":true,"href":"https:\/\/losperiodistas.com.mx\/portal\/wp-json\/wp\/v2\/comments?post=12161"}],"version-history":[{"count":1,"href":"https:\/\/losperiodistas.com.mx\/portal\/wp-json\/wp\/v2\/posts\/12161\/revisions"}],"predecessor-version":[{"id":12163,"href":"https:\/\/losperiodistas.com.mx\/portal\/wp-json\/wp\/v2\/posts\/12161\/revisions\/12163"}],"wp:featuredmedia":[{"embeddable":true,"href":"https:\/\/losperiodistas.com.mx\/portal\/wp-json\/wp\/v2\/media\/12162"}],"wp:attachment":[{"href":"https:\/\/losperiodistas.com.mx\/portal\/wp-json\/wp\/v2\/media?parent=12161"}],"wp:term":[{"taxonomy":"category","embeddable":true,"href":"https:\/\/losperiodistas.com.mx\/portal\/wp-json\/wp\/v2\/categories?post=12161"},{"taxonomy":"post_tag","embeddable":true,"href":"https:\/\/losperiodistas.com.mx\/portal\/wp-json\/wp\/v2\/tags?post=12161"}],"curies":[{"name":"wp","href":"https:\/\/api.w.org\/{rel}","templated":true}]}}