{"id":121558,"date":"2026-05-03T08:57:42","date_gmt":"2026-05-03T14:57:42","guid":{"rendered":"https:\/\/losperiodistas.com.mx\/portal\/?p=121558"},"modified":"2026-05-03T08:57:43","modified_gmt":"2026-05-03T14:57:43","slug":"un-experto-forense-revela-en-cope-los-datos-que-ratifican-la-autenticidad-de-la-sabana-santa-las-lesiones-son-exactamente-las-mismas-que-cuenta-la-narracion-evangelica","status":"publish","type":"post","link":"https:\/\/losperiodistas.com.mx\/portal\/un-experto-forense-revela-en-cope-los-datos-que-ratifican-la-autenticidad-de-la-sabana-santa-las-lesiones-son-exactamente-las-mismas-que-cuenta-la-narracion-evangelica\/","title":{"rendered":"Un experto forense revela en COPE los datos que ratifican la autenticidad de la S\u00e1bana Santa: \u00abLas lesiones son exactamente las mismas que cuenta la narraci\u00f3n evang\u00e9lica\u00bb"},"content":{"rendered":"\n<h2 class=\"wp-block-heading\">Nuevos an\u00e1lisis de ADN y las lesiones del cuerpo coinciden con el relato de los Evangelios y las costumbres jud\u00edas del siglo I, seg\u00fan el doctor Alfonso S\u00e1nchez Hermosilla<\/h2>\n\n\n\n<figure class=\"wp-block-image size-large\"><img fetchpriority=\"high\" decoding=\"async\" width=\"1024\" height=\"576\" src=\"https:\/\/losperiodistas.com.mx\/portal\/wp-content\/uploads\/2026\/05\/69f70ffae13c9-1024x576.webp\" alt=\"\" class=\"wp-image-121559\" srcset=\"https:\/\/losperiodistas.com.mx\/portal\/wp-content\/uploads\/2026\/05\/69f70ffae13c9-1024x576.webp 1024w, https:\/\/losperiodistas.com.mx\/portal\/wp-content\/uploads\/2026\/05\/69f70ffae13c9-300x169.webp 300w, https:\/\/losperiodistas.com.mx\/portal\/wp-content\/uploads\/2026\/05\/69f70ffae13c9-768x432.webp 768w, https:\/\/losperiodistas.com.mx\/portal\/wp-content\/uploads\/2026\/05\/69f70ffae13c9.webp 1536w\" sizes=\"(max-width: 1024px) 100vw, 1024px\" \/><\/figure>\n\n\n\n<p><\/p>\n\n\n\n<figure class=\"wp-block-audio\"><audio controls src=\"https:\/\/losperiodistas.com.mx\/portal\/wp-content\/uploads\/2026\/05\/c7i1GoikV2kgASfUJeQx0.mp3\"><\/audio><\/figure>\n\n\n\n<p class=\"has-vivid-red-color has-text-color has-link-color has-medium-font-size wp-elements-333a91fdb5c9ec707c9a95fc77b76c3d\"><strong>Redacci\u00f3n Fin de Semana \/ COPE<\/strong><\/p>\n\n\n\n<p>La&nbsp;<strong>S\u00e1bana Santa<\/strong>&nbsp;de Tur\u00edn, el lienzo que seg\u00fan la tradici\u00f3n envolvi\u00f3 el cuerpo de Cristo, contin\u00faa arrojando datos que alimentan el debate sobre su autenticidad. Una reciente investigaci\u00f3n del catedr\u00e1tico italiano Gianni Barcaccia ha confirmado que la tela viaj\u00f3 por Oriente Pr\u00f3ximo y contiene ADN de origen indostan\u00ed. Lejos de invalidarla, estos hallazgos refuerzan su posible origen en el Jerusal\u00e9n del siglo I, como ha explicado el m\u00e9dico forense y experto en la S\u00edndone,&nbsp;<strong>Alfonso S\u00e1nchez Hermosilla<\/strong>, en el programa &#8216;<strong>Fin de Semana<\/strong>&#8216; de COPE.<\/p>\n\n\n\n<figure class=\"wp-block-image\"><img decoding=\"async\" src=\"https:\/\/imagenes.cope.es\/files\/content_image\/uploads\/2026\/04\/28\/69f08bd0ed42f.webp\" alt=\"El hombre de la S\u00e1bana Santa en la exposici\u00f3n 'The Mystery Man'\"\/><figcaption class=\"wp-element-caption\">El hombre de la S\u00e1bana Santa en la exposici\u00f3n &#8216;The Mystery Man&#8217;<\/figcaption><\/figure>\n\n\n\n<p>S\u00e1nchez Hermosilla aclara que, aunque no se puede tener una \u00abcerteza absoluta\u00bb, el lienzo \u00abcumple todos los requisitos necesarios para ser considerado un lienzo funerario utilizado en la provincia romana de Judea, en el siglo primero\u00bb.<\/p>\n\n\n\n<p>&nbsp;La presencia de&nbsp;<strong>ADN de personas de la India<\/strong>&nbsp;no es una sorpresa, ya que, seg\u00fan los registros hist\u00f3ricos, \u00abhab\u00eda una nutrida colonia de indostan\u00edes viviendo en la provincia romana de Judea y trabajando all\u00ed\u00bb, muchos como tejedores expertos en lino, un material valioso en la \u00e9poca y conectado a trav\u00e9s de la&nbsp;<strong>Ruta de la Seda<\/strong>.<\/p>\n\n\n\n<h3 class=\"wp-block-heading\">Las lesiones coinciden con los Evangelios<\/h3>\n\n\n\n<p>Uno de los pilares que sostienen la autenticidad del lienzo es que \u00ablas lesiones que se visualizan son exactamente las mismas que cuenta la&nbsp;<strong>narraci\u00f3n evang\u00e9lica<\/strong>\u00ab, afirma el forense. El cuerpo fue flagelado con un &#8216;<strong>flagrum taxillatum<\/strong>&#8216; romano, presenta heridas compatibles con una&nbsp;<strong>coronaci\u00f3n de espinas<\/strong>&nbsp;y una&nbsp;<strong>herida penetrante en el t\u00f3rax<\/strong>&nbsp;por una lanza. Adem\u00e1s, fue crucificado con clavos en las mu\u00f1ecas, una localizaci\u00f3n anat\u00f3micamente correcta que difiere de la mayor\u00eda de representaciones art\u00edsticas.<\/p>\n\n\n\n<blockquote class=\"wp-block-quote has-ast-global-color-4-background-color has-background is-layout-flow wp-block-quote-is-layout-flow\">\n<div class=\"wp-block-group is-layout-constrained wp-block-group-is-layout-constrained\">\n<p><em><strong>Tiene todo lo que nos cuentan los evangelios con respecto a Jes\u00fas de Nazaret\u00bb<\/strong><\/em><\/p>\n\n\n\n<p><strong><em>Alfonso S\u00e1nchez Hermosilla \/ M\u00e9dico Forense<\/em><\/strong><\/p>\n<\/div>\n<\/blockquote>\n\n\n\n<p>El tratamiento del cad\u00e1ver tambi\u00e9n se corresponde con las estrictas&nbsp;<strong>normas de pureza ritual del pueblo jud\u00edo<\/strong>&nbsp;para una muerte violenta. S\u00e1nchez Hermosilla explica que, en esos casos, el cuerpo no se lavaba para no perder la sangre, pues cre\u00edan que \u00ab<strong>el alma est\u00e1 en la sangre<\/strong>\u00bb y era necesaria para la resurrecci\u00f3n. \u00abNada se opone a la hip\u00f3tesis de que pudo ser perfectamente uno de los lienzos funerarios de Jes\u00fas de Nazaret\u00bb, sentencia el experto.<\/p>\n\n\n\n<h3 class=\"wp-block-heading\">El error de la dataci\u00f3n por Carbono 14<\/h3>\n\n\n\n<p>Sobre la controvertida dataci\u00f3n con&nbsp;<strong>carbono 14<\/strong>&nbsp;que la situ\u00f3 en la Edad Media, S\u00e1nchez Hermosilla la atribuye a un error metodol\u00f3gico. El&nbsp;<strong>material textil<\/strong>, especialmente el lino, es muy absorbente y propenso a la&nbsp;<strong>contaminaci\u00f3n<\/strong>. A lo largo de los siglos, la S\u00e1bana Santa acumul\u00f3 suciedad, como el holl\u00edn de las l\u00e1mparas, que atrajo a microorganismos. Esta \u00abenorme&nbsp;<strong>contaminaci\u00f3n microbiol\u00f3gica<\/strong>\u00bb no es eliminada por los m\u00e9todos de limpieza est\u00e1ndar, que, sin embargo, s\u00ed reducen el carbono 14 original.<\/p>\n\n\n\n<figure class=\"wp-block-image\"><img decoding=\"async\" src=\"https:\/\/imagenes.cope.es\/files\/content_image\/uploads\/2026\/05\/03\/69f71097eea96.jpeg\" alt=\"Escena de La Pasi\u00f3n de Cristo\"\/><figcaption class=\"wp-element-caption\">Alamy Stock PhotoEscena de La Pasi\u00f3n de Cristo<\/figcaption><\/figure>\n\n\n\n<p>Este proceso, seg\u00fan el forense, distorsiona el resultado final. \u00abEstamos reduciendo la cantidad de carbono 14 original del siglo primero y no estamos reduciendo en absoluto todo el carbono 14 aportado con el paso de los siglos\u00bb, detalla. Esta es la causa que, a su juicio, \u00abm\u00e1s peso espec\u00edfico ha tenido en ese resultado que sorprendi\u00f3 a muchos, excepto a los que verdaderamente saben qu\u00e9 es el carbono 14\u00bb.<\/p>\n\n\n\n<h3 class=\"wp-block-heading\">El Sudario de Oviedo y la sangre<\/h3>\n\n\n\n<p>Otra pieza clave en el puzle es el&nbsp;<strong>Sudario de Oviedo<\/strong>, el pa\u00f1o que habr\u00eda cubierto la cabeza del mismo cad\u00e1ver. Los an\u00e1lisis de la sangre presente en ambas reliquias han confirmado que es&nbsp;<strong>sangre humana<\/strong>&nbsp;del&nbsp;<strong>grupo AB<\/strong>. Un estudio gen\u00e9tico sobre el sudario, realizado por el equipo de S\u00e1nchez Hermosilla, revel\u00f3 un&nbsp;<strong>ADN mitocondrial<\/strong>&nbsp;\u00abmuy inusual, muy caracter\u00edstico de grupos humanos que tienen su origen en Oriente Medio\u00bb.<\/p>\n\n\n\n<p>Curiosamente, el experto sostiene que el Sudario de Oviedo podr\u00eda ser el \u00ab<strong>objeto m\u00e1s investigado de la historia<\/strong>\u00ab, por encima de la propia S\u00edndone. \u00abEn el sudario de Oviedo hemos hecho pruebas anal\u00edticas que no se han hecho con la s\u00edndone de Tur\u00edn\u00bb, afirma, lo que casa con los relatos evang\u00e9licos que mencionan dos lienzos diferentes en el sepulcro.<\/p>\n\n\n\n<p>Fuente: <a href=\"https:\/\/www.cope.es\/programas\/fin-de-semana\/audios\/experto-forense-revela-cope-datos-ratifican-autenticidad-sabana-santa-lesiones-son-exactamente-cuenta-narracion-evangelica-20260503_3356504.html\">https:\/\/www.cope.es\/programas\/fin-de-semana\/audios\/experto-forense-revela-cope-datos-ratifican-autenticidad-sabana-santa-lesiones-son-exactamente-cuenta-narracion-evangelica-20260503_3356504.html<\/a><\/p>\n","protected":false},"excerpt":{"rendered":"<p>Nuevos an\u00e1lisis de ADN y las lesiones del cuerpo coinciden con el relato de los Evangelios y las costumbres jud\u00edas [&hellip;]<\/p>\n","protected":false},"author":1,"featured_media":121559,"comment_status":"open","ping_status":"open","sticky":false,"template":"","format":"standard","meta":{"site-sidebar-layout":"default","site-content-layout":"","ast-site-content-layout":"default","site-content-style":"default","site-sidebar-style":"default","ast-global-header-display":"","ast-banner-title-visibility":"","ast-main-header-display":"","ast-hfb-above-header-display":"","ast-hfb-below-header-display":"","ast-hfb-mobile-header-display":"","site-post-title":"","ast-breadcrumbs-content":"","ast-featured-img":"","footer-sml-layout":"","theme-transparent-header-meta":"","adv-header-id-meta":"","stick-header-meta":"","header-above-stick-meta":"","header-main-stick-meta":"","header-below-stick-meta":"","astra-migrate-meta-layouts":"default","ast-page-background-enabled":"default","ast-page-background-meta":{"desktop":{"background-color":"var(--ast-global-color-4)","background-image":"","background-repeat":"repeat","background-position":"center center","background-size":"auto","background-attachment":"scroll","background-type":"","background-media":"","overlay-type":"","overlay-color":"","overlay-opacity":"","overlay-gradient":""},"tablet":{"background-color":"","background-image":"","background-repeat":"repeat","background-position":"center center","background-size":"auto","background-attachment":"scroll","background-type":"","background-media":"","overlay-type":"","overlay-color":"","overlay-opacity":"","overlay-gradient":""},"mobile":{"background-color":"","background-image":"","background-repeat":"repeat","background-position":"center center","background-size":"auto","background-attachment":"scroll","background-type":"","background-media":"","overlay-type":"","overlay-color":"","overlay-opacity":"","overlay-gradient":""}},"ast-content-background-meta":{"desktop":{"background-color":"var(--ast-global-color-5)","background-image":"","background-repeat":"repeat","background-position":"center center","background-size":"auto","background-attachment":"scroll","background-type":"","background-media":"","overlay-type":"","overlay-color":"","overlay-opacity":"","overlay-gradient":""},"tablet":{"background-color":"var(--ast-global-color-5)","background-image":"","background-repeat":"repeat","background-position":"center center","background-size":"auto","background-attachment":"scroll","background-type":"","background-media":"","overlay-type":"","overlay-color":"","overlay-opacity":"","overlay-gradient":""},"mobile":{"background-color":"var(--ast-global-color-5)","background-image":"","background-repeat":"repeat","background-position":"center center","background-size":"auto","background-attachment":"scroll","background-type":"","background-media":"","overlay-type":"","overlay-color":"","overlay-opacity":"","overlay-gradient":""}},"footnotes":""},"categories":[8],"tags":[48803,13162,48804,48805],"class_list":["post-121558","post","type-post","status-publish","format-standard","has-post-thumbnail","hentry","category-noticias","tag-medico-forense-alfonso-sanchez-hermosilla","tag-sabana-santa","tag-sindone","tag-sudario-de-oviedo"],"_links":{"self":[{"href":"https:\/\/losperiodistas.com.mx\/portal\/wp-json\/wp\/v2\/posts\/121558","targetHints":{"allow":["GET"]}}],"collection":[{"href":"https:\/\/losperiodistas.com.mx\/portal\/wp-json\/wp\/v2\/posts"}],"about":[{"href":"https:\/\/losperiodistas.com.mx\/portal\/wp-json\/wp\/v2\/types\/post"}],"author":[{"embeddable":true,"href":"https:\/\/losperiodistas.com.mx\/portal\/wp-json\/wp\/v2\/users\/1"}],"replies":[{"embeddable":true,"href":"https:\/\/losperiodistas.com.mx\/portal\/wp-json\/wp\/v2\/comments?post=121558"}],"version-history":[{"count":1,"href":"https:\/\/losperiodistas.com.mx\/portal\/wp-json\/wp\/v2\/posts\/121558\/revisions"}],"predecessor-version":[{"id":121561,"href":"https:\/\/losperiodistas.com.mx\/portal\/wp-json\/wp\/v2\/posts\/121558\/revisions\/121561"}],"wp:featuredmedia":[{"embeddable":true,"href":"https:\/\/losperiodistas.com.mx\/portal\/wp-json\/wp\/v2\/media\/121559"}],"wp:attachment":[{"href":"https:\/\/losperiodistas.com.mx\/portal\/wp-json\/wp\/v2\/media?parent=121558"}],"wp:term":[{"taxonomy":"category","embeddable":true,"href":"https:\/\/losperiodistas.com.mx\/portal\/wp-json\/wp\/v2\/categories?post=121558"},{"taxonomy":"post_tag","embeddable":true,"href":"https:\/\/losperiodistas.com.mx\/portal\/wp-json\/wp\/v2\/tags?post=121558"}],"curies":[{"name":"wp","href":"https:\/\/api.w.org\/{rel}","templated":true}]}}