{"id":121555,"date":"2026-05-03T08:45:31","date_gmt":"2026-05-03T14:45:31","guid":{"rendered":"https:\/\/losperiodistas.com.mx\/portal\/?p=121555"},"modified":"2026-05-03T08:45:33","modified_gmt":"2026-05-03T14:45:33","slug":"rebasados-los-servicios-de-inteligencia-en-medio-de-las-tensiones-con-eu-por-el-narco-proceso","status":"publish","type":"post","link":"https:\/\/losperiodistas.com.mx\/portal\/rebasados-los-servicios-de-inteligencia-en-medio-de-las-tensiones-con-eu-por-el-narco-proceso\/","title":{"rendered":"Rebasados, los servicios de inteligencia en medio de las tensiones con EU por el narco | Proceso"},"content":{"rendered":"\n<p class=\"has-light-green-cyan-background-color has-background has-medium-font-size\"><strong>Fracas\u00f3 el decreto de L\u00f3pez Obrador para contener a los agentes de EU en M\u00e9xico. La revelaci\u00f3n de la infiltraci\u00f3n de la CIA en Chihuahua, sin que lo advirtiera la inteligencia mexicana, es un esc\u00e1ndalo que la presidenta Sheinbaum intenta apaciguar; lo mismo ocurre con el caso Rocha Moya.<\/strong><\/p>\n\n\n\n<figure class=\"wp-block-image size-full\"><img fetchpriority=\"high\" decoding=\"async\" width=\"685\" height=\"385\" src=\"https:\/\/losperiodistas.com.mx\/portal\/wp-content\/uploads\/2026\/05\/f685x385-247062_284755_5050.jpeg\" alt=\"\" class=\"wp-image-121556\" srcset=\"https:\/\/losperiodistas.com.mx\/portal\/wp-content\/uploads\/2026\/05\/f685x385-247062_284755_5050.jpeg 685w, https:\/\/losperiodistas.com.mx\/portal\/wp-content\/uploads\/2026\/05\/f685x385-247062_284755_5050-300x169.jpeg 300w\" sizes=\"(max-width: 685px) 100vw, 685px\" \/><figcaption class=\"wp-element-caption\">Edici\u00f3n 0035 de la revista Proceso, correspondiente a mayo de 2026. Foto: Especial<\/figcaption><\/figure>\n\n\n\n<p><\/p>\n\n\n\n<p class=\"has-medium-font-size\"><strong><a href=\"https:\/\/www.proceso.com.mx\/autor\/jcaraizaga.html\">Por\u00a0Jorge Carrasco Araizaga<\/a> \/ <a href=\"https:\/\/www.proceso.com.mx\/reportajes\/2026\/5\/2\/rebasados-los-servicios-de-inteligencia-en-medio-de-las-tensiones-con-eu-por-el-narco-373257.html\">Proceso<\/a><\/strong><\/p>\n\n\n\n<p><\/p>\n\n\n\n<p>CIUDAD DE M\u00c9XICO (<strong>Proceso<\/strong>).\u2013 La presidenta Claudia Sheinbaum pas\u00f3 de la excepci\u00f3n a la confrontaci\u00f3n con Estados Unidos. El accidente carretero en Chihuahua que puso en evidencia, de nueva cuenta, las operaciones de la CIA en territorio mexicano, fue tomado por la titular del Ejecutivo como un caso \u201cexcepcional\u201d y pidi\u00f3 cuidar la relaci\u00f3n con Washington en materia de seguridad.<\/p>\n\n\n\n<p>Pero la condescendencia adornada de soberan\u00eda fue dejada atr\u00e1s cuando el Departamento de Justicia deton\u00f3 la informaci\u00f3n de que una decena de funcionarios del gobierno de Morena en Sinaloa, encabezados por el gobernador Rub\u00e9n Rocha Moya y el senador Enrique Inzunza, han sido requeridos bajo la acusaci\u00f3n de narcotr\u00e1fico.<\/p>\n\n\n\n<p><strong>Noticias Relacionadas<\/strong><\/p>\n\n\n\n<ul class=\"wp-block-list\">\n<li><a href=\"https:\/\/www.proceso.com.mx\/nacional\/2026\/5\/1\/fgr-no-entregara-eu-por-ahora-ruben-rocha-moya-373241.html\">FGR no entregar\u00e1 a EU, por ahora, a Rub\u00e9n Rocha Moya<\/a><\/li>\n\n\n\n<li><a href=\"https:\/\/www.proceso.com.mx\/nacional\/justicia\/2026\/4\/23\/labor-de-los-agentes-de-la-cia-muertos-en-mexico-sigue-alimentando-contradicciones-suspicacias-372731.html\">Labor de los agentes de la CIA muertos en M\u00e9xico sigue alimentando contradicciones y suspicacias<\/a><\/li>\n\n\n\n<li><a href=\"https:\/\/www.proceso.com.mx\/internacional\/2025\/6\/4\/memorias-del-espionaje-exdirector-alista-libro-sobre-la-cia-352440.html\">Memorias del espionaje: exdirector alista libro sobre la CIA<\/a><\/li>\n<\/ul>\n\n\n\n<p>Ni la presencia de los agentes de la CIA en el desmantelamiento de un laboratorio de metanfetaminas, que cont\u00f3 con la presencia de efectivos de dos batallones del Ej\u00e9rcito, ni la ofensiva judicial estadunidense sin precedentes fueron advertidas por los servicios de inteligencia mexicanos.&nbsp;<\/p>\n\n\n\n<p>El Ej\u00e9rcito sab\u00eda o tiene una falla estructural grave, asegura el analista en seguridad nacional Erubiel Tirado, en entrevista con&nbsp;<strong>Proceso<\/strong>, que en esta edici\u00f3n de mayo da cuenta de c\u00f3mo la CIA se salt\u00f3 toda la legislaci\u00f3n mexicana. En particular, el decreto del entonces presidente Andr\u00e9s Manuel L\u00f3pez Obrador con el que supuestamente los agentes estadunidenses estaban sujetos a informar puntualmente sobre sus actividades en M\u00e9xico, luego de a\u00f1os de intensa actividad desplegada en el pa\u00eds contra el narcotr\u00e1fico a partir del gobierno de Felipe Calder\u00f3n.<\/p>\n\n\n\n<figure class=\"wp-block-image\"><img decoding=\"async\" src=\"https:\/\/www.proceso.com.mx\/u\/fotografias\/m\/2026\/5\/1\/f768x1-247063_247190_5050.png\" alt=\"\"\/><figcaption class=\"wp-element-caption\">Fragmento del reportaje principal de la edici\u00f3n de mayo. Foto: Especial<\/figcaption><\/figure>\n\n\n\n<p>La relaci\u00f3n bilateral se prepara para otro momento complicado: la negociaci\u00f3n del tratado comercial M\u00e9xico- Estados Unidos- Canad\u00e1, que comienza a fines de mes. En entrevista, el secretario de Econom\u00eda, Marcelo Ebrard, asegura que el instrumento sobrevivir\u00e1 en 90%, bajo el entendido de que los aranceles de la administraci\u00f3n Trump al acero y al sector automotriz llegaron para quedarse.<\/p>\n\n\n\n<p>Una dificultad m\u00e1s para el gobierno de Sheinbaum en el \u00e1mbito exterior es su rechazo a que la crisis de desapariciones forzadas en M\u00e9xico se trate en la Asamblea General de la Organizaci\u00f3n de las Naciones Unidas (ONU). Aunque fracas\u00f3 en su intento de bloquear el informe del Comit\u00e9 contra la Desaparici\u00f3n Forzada, mantiene el cabildeo ante el Alto Comisionado de la ONU para los Derechos Humanos con el prop\u00f3sito de impedir que el Estado mexicano sea exhibido ante sus pares en el m\u00e1ximo organismo mundial.<\/p>\n\n\n\n<figure class=\"wp-block-image\"><img decoding=\"async\" src=\"https:\/\/www.proceso.com.mx\/u\/fotografias\/m\/2026\/5\/1\/f768x1-247065_247192_5050.png\" alt=\"\"\/><figcaption class=\"wp-element-caption\">El sarampi\u00f3n, un recuerdito que nadie quiere en el Mundial. Foto: Especial &nbsp;&nbsp;<\/figcaption><\/figure>\n\n\n\n<p>En el frente interno, los proyectos de infraestructura de los gobiernos de la llamada Cuarta Transformaci\u00f3n no dejan de provocar pol\u00e9mica por la oposici\u00f3n de comunidades, como el caso de la planta recicladora de basura en Puebla, las acciones judiciales contra propietarios en el desarrollo del Nuevo Nayarit o el resurgimiento del viejo proyecto carretero del expresidente Felipe Calder\u00f3n sobre el libramiento de Tulum y que beneficiar\u00e1 a los hijos de Nicol\u00e1s Mollinedo, el exchofer de L\u00f3pez Obrador.<\/p>\n\n\n\n<p>En este n\u00famero, los lectores de&nbsp;<strong>Proceso<\/strong>&nbsp;tambi\u00e9n encontrar\u00e1n la historia sobre el fracaso de Interjet, la l\u00ednea \u00e1rea de bajo costo que lleg\u00f3 a transportar a 90 millones de personas en 2018 y que por una mala administraci\u00f3n acab\u00f3 arrastrada en deudas, implicada en la compra de huachicol y en la salida de capitales a para\u00edsos fiscales.<\/p>\n\n\n\n<figure class=\"wp-block-image\"><img decoding=\"async\" src=\"https:\/\/www.proceso.com.mx\/u\/fotografias\/m\/2026\/5\/1\/f768x1-247064_247191_5050.png\" alt=\"\"\/><figcaption class=\"wp-element-caption\">Imagen previa de la entrevista con el secretario de Econom\u00eda, Marcelo Ebrard. Foto: Especial<\/figcaption><\/figure>\n\n\n\n<p>En la secci\u00f3n de Cultura los trabajadores del Instituto Nacional de Antropolog\u00eda e Historia cuentan c\u00f3mo la austeridad ha causado la crisis de seguridad en espacios como Teotihuac\u00e1n, donde un tirador asesin\u00f3 a una turista canadiense e hiri\u00f3 a otras 13 personas, y \u00e9l mismo se quit\u00f3 la vida luego de ser inmovilizado por la Guardia Nacional.<\/p>\n\n\n\n<p>El hecho ocurri\u00f3 a semanas del partido de inauguraci\u00f3n del Mundial de futbol que se realizar\u00e1 en M\u00e9xico y que atraer\u00e1 a miles de turistas.<\/p>\n\n\n\n<figure class=\"wp-block-image\"><img decoding=\"async\" src=\"https:\/\/www.proceso.com.mx\/u\/fotografias\/m\/2026\/5\/1\/f768x1-247066_247193_5050.png\" alt=\"\"\/><figcaption class=\"wp-element-caption\">El Manchester United en M\u00e9xico. Foto: Especial&nbsp;<\/figcaption><\/figure>\n\n\n\n<p>De igual manera, los lectores encontrar\u00e1n una oferta amplia en la secci\u00f3n de Deportes. Desde las advertencias de especialistas sobre un eventual contagio de sarampi\u00f3n, hasta los grandes ganadores particulares del negocio futbolero, pasando por la revisi\u00f3n de c\u00f3mo los servicios de seguridad mexicanos hicieron seguimiento de jugadores extranjeros en los mundiales de 1970 y 1986.<\/p>\n\n\n\n<p>La edici\u00f3n 0035 de&nbsp;<strong>Proceso<\/strong>, correspondiente a mayo de 2026, puede adquirirse en&nbsp;<a href=\"https:\/\/proceso.pressreader.com\/\" target=\"_blank\" rel=\"noreferrer noopener\"><strong>este enlace<\/strong><\/a>.<\/p>\n\n\n\n<p>Fuente: <a href=\"https:\/\/www.proceso.com.mx\/reportajes\/2026\/5\/2\/rebasados-los-servicios-de-inteligencia-en-medio-de-las-tensiones-con-eu-por-el-narco-373257.html\">https:\/\/www.proceso.com.mx\/reportajes\/2026\/5\/2\/rebasados-los-servicios-de-inteligencia-en-medio-de-las-tensiones-con-eu-por-el-narco-373257.html<\/a><\/p>\n","protected":false},"excerpt":{"rendered":"<p>Fracas\u00f3 el decreto de L\u00f3pez Obrador para contener a los agentes de EU en M\u00e9xico. La revelaci\u00f3n de la infiltraci\u00f3n [&hellip;]<\/p>\n","protected":false},"author":1,"featured_media":121556,"comment_status":"open","ping_status":"open","sticky":false,"template":"","format":"standard","meta":{"site-sidebar-layout":"default","site-content-layout":"","ast-site-content-layout":"default","site-content-style":"default","site-sidebar-style":"default","ast-global-header-display":"","ast-banner-title-visibility":"","ast-main-header-display":"","ast-hfb-above-header-display":"","ast-hfb-below-header-display":"","ast-hfb-mobile-header-display":"","site-post-title":"","ast-breadcrumbs-content":"","ast-featured-img":"","footer-sml-layout":"","theme-transparent-header-meta":"","adv-header-id-meta":"","stick-header-meta":"","header-above-stick-meta":"","header-main-stick-meta":"","header-below-stick-meta":"","astra-migrate-meta-layouts":"default","ast-page-background-enabled":"default","ast-page-background-meta":{"desktop":{"background-color":"var(--ast-global-color-4)","background-image":"","background-repeat":"repeat","background-position":"center center","background-size":"auto","background-attachment":"scroll","background-type":"","background-media":"","overlay-type":"","overlay-color":"","overlay-opacity":"","overlay-gradient":""},"tablet":{"background-color":"","background-image":"","background-repeat":"repeat","background-position":"center center","background-size":"auto","background-attachment":"scroll","background-type":"","background-media":"","overlay-type":"","overlay-color":"","overlay-opacity":"","overlay-gradient":""},"mobile":{"background-color":"","background-image":"","background-repeat":"repeat","background-position":"center center","background-size":"auto","background-attachment":"scroll","background-type":"","background-media":"","overlay-type":"","overlay-color":"","overlay-opacity":"","overlay-gradient":""}},"ast-content-background-meta":{"desktop":{"background-color":"var(--ast-global-color-5)","background-image":"","background-repeat":"repeat","background-position":"center center","background-size":"auto","background-attachment":"scroll","background-type":"","background-media":"","overlay-type":"","overlay-color":"","overlay-opacity":"","overlay-gradient":""},"tablet":{"background-color":"var(--ast-global-color-5)","background-image":"","background-repeat":"repeat","background-position":"center center","background-size":"auto","background-attachment":"scroll","background-type":"","background-media":"","overlay-type":"","overlay-color":"","overlay-opacity":"","overlay-gradient":""},"mobile":{"background-color":"var(--ast-global-color-5)","background-image":"","background-repeat":"repeat","background-position":"center center","background-size":"auto","background-attachment":"scroll","background-type":"","background-media":"","overlay-type":"","overlay-color":"","overlay-opacity":"","overlay-gradient":""}},"footnotes":""},"categories":[8],"tags":[48801,12165,244,48802,30316],"class_list":["post-121555","post","type-post","status-publish","format-standard","has-post-thumbnail","hentry","category-noticias","tag-chihuahua-cia","tag-cia","tag-dea-mexico","tag-inteligencia-mexico","tag-rocha-moya"],"_links":{"self":[{"href":"https:\/\/losperiodistas.com.mx\/portal\/wp-json\/wp\/v2\/posts\/121555","targetHints":{"allow":["GET"]}}],"collection":[{"href":"https:\/\/losperiodistas.com.mx\/portal\/wp-json\/wp\/v2\/posts"}],"about":[{"href":"https:\/\/losperiodistas.com.mx\/portal\/wp-json\/wp\/v2\/types\/post"}],"author":[{"embeddable":true,"href":"https:\/\/losperiodistas.com.mx\/portal\/wp-json\/wp\/v2\/users\/1"}],"replies":[{"embeddable":true,"href":"https:\/\/losperiodistas.com.mx\/portal\/wp-json\/wp\/v2\/comments?post=121555"}],"version-history":[{"count":1,"href":"https:\/\/losperiodistas.com.mx\/portal\/wp-json\/wp\/v2\/posts\/121555\/revisions"}],"predecessor-version":[{"id":121557,"href":"https:\/\/losperiodistas.com.mx\/portal\/wp-json\/wp\/v2\/posts\/121555\/revisions\/121557"}],"wp:featuredmedia":[{"embeddable":true,"href":"https:\/\/losperiodistas.com.mx\/portal\/wp-json\/wp\/v2\/media\/121556"}],"wp:attachment":[{"href":"https:\/\/losperiodistas.com.mx\/portal\/wp-json\/wp\/v2\/media?parent=121555"}],"wp:term":[{"taxonomy":"category","embeddable":true,"href":"https:\/\/losperiodistas.com.mx\/portal\/wp-json\/wp\/v2\/categories?post=121555"},{"taxonomy":"post_tag","embeddable":true,"href":"https:\/\/losperiodistas.com.mx\/portal\/wp-json\/wp\/v2\/tags?post=121555"}],"curies":[{"name":"wp","href":"https:\/\/api.w.org\/{rel}","templated":true}]}}