{"id":12155,"date":"2021-08-25T18:25:50","date_gmt":"2021-08-25T23:25:50","guid":{"rendered":"http:\/\/losperiodistas.com.mx\/portal\/?p=12155"},"modified":"2021-08-25T18:25:51","modified_gmt":"2021-08-25T23:25:51","slug":"acusa-fgr-a-anaya-de-entregar-petroleo-a-extranjeros-el-norte","status":"publish","type":"post","link":"https:\/\/losperiodistas.com.mx\/portal\/acusa-fgr-a-anaya-de-entregar-petroleo-a-extranjeros-el-norte\/","title":{"rendered":"Acusa FGR a Anaya de entregar petr\u00f3leo a extranjeros | El Norte"},"content":{"rendered":"\n<p><\/p>\n\n\n\n<figure class=\"wp-block-image size-large\"><img fetchpriority=\"high\" decoding=\"async\" width=\"960\" height=\"636\" src=\"https:\/\/losperiodistas.com.mx\/portal\/wp-content\/uploads\/2021\/08\/Captura-de-Pantalla-2021-08-25-a-las-18.22.02.jpg\" alt=\"\" class=\"wp-image-12156\" srcset=\"https:\/\/losperiodistas.com.mx\/portal\/wp-content\/uploads\/2021\/08\/Captura-de-Pantalla-2021-08-25-a-las-18.22.02.jpg 960w, https:\/\/losperiodistas.com.mx\/portal\/wp-content\/uploads\/2021\/08\/Captura-de-Pantalla-2021-08-25-a-las-18.22.02-300x199.jpg 300w, https:\/\/losperiodistas.com.mx\/portal\/wp-content\/uploads\/2021\/08\/Captura-de-Pantalla-2021-08-25-a-las-18.22.02-768x509.jpg 768w\" sizes=\"(max-width: 960px) 100vw, 960px\" \/><\/figure>\n\n\n\n<p class=\"has-vivid-cyan-blue-color has-text-color has-medium-font-size\">ABEL BARAJAS \/ EL NORTE<\/p>\n\n\n\n<p><strong>Cd. de M\u00e9xico&nbsp;(25 agosto 2021).-&nbsp;<\/strong><\/p>\n\n\n\n<p>La Fiscal\u00eda General de la Rep\u00fablica asegur\u00f3 que Ricardo Anaya particip\u00f3 en una trama delictiva cuya finalidad era entregar el patrimonio petrolero del Pa\u00eds a intereses y a empresas extranjeras, ya que existe constancia de que s\u00ed vot\u00f3 como diputado en favor de la reforma energ\u00e9tica.<\/p>\n\n\n\n<p>En un inusual comunicado, la dependencia federal dio a conocer detalles en \u00abversi\u00f3n p\u00fablica\u00bb de la imputaci\u00f3n contra el ex candidato presidencial panista, al precisar que se basa en los testimonios de Emilio Lozoya y tres testigos m\u00e1s, quienes aseguran haberle enviado o entregado dinero, o haberlo visto en la oficina del ex director de Pemex.<\/p>\n\n\n\n<p>En el texto, tambi\u00e9n confirma que ha judicializado el caso contra el panista, quien est\u00e1 citado para este jueves en el Centro de Justicia Penal Federal del Reclusorio Norte, para una audiencia en la que la FGR pretende imputarlo por cohecho, lavado y asociaci\u00f3n delictuosa.<\/p>\n\n\n\n<p>\u00abEmilio &#8216;N&#8217;, en su denuncia de 2020, se\u00f1al\u00f3 que recibi\u00f3 instrucciones &#8216;superiores&#8217; para entregar 6 millones 800 mil pesos a Ricardo \u00abN\u00bb, para que votara a favor de la Reforma Energ\u00e9tica que privatizar\u00eda la producci\u00f3n petrolera mexicana, en favor de empresas extranjeras, como Odebrecht Brasil\u00bb, dijo la FGR.<\/p>\n\n\n\n<p>\u00abLa secuencia de todas las diligencias se\u00f1aladas, que pueden aportarse en versi\u00f3n p\u00fablica, m\u00e1s otras adicionales, evidencian una l\u00ednea clara y consecuente de hechos delictivos que tuvieron por objeto entregar el patrimonio petrolero del pa\u00eds a intereses y a empresas extranjeras, con todas las consecuencias econ\u00f3micas y sociales que M\u00e9xico ha sufrido. Todo lo cual ya ha quedado debidamente judicializado en casos vinculados con el presente asunto, los cuales ya son del dominio p\u00fablico\u00bb.<\/p>\n\n\n\n<p>En la secuencia que refiere, la FGR relata que Marcelo Odebrecht, Luis Alberto de Meneses Weyl, Luiz Antonio Mameri e Hilberto Da Silva, los directivos de Odebrecht en Brasil y M\u00e9xico, declararon que pretend\u00edan tener controles y contratos en operaciones sustantivas del sector petrolero en M\u00e9xico a partir del 2012.<\/p>\n\n\n\n<p>Y, como parte de esos prop\u00f3sitos, pagaron sobornos a Lozoya, a quien hicieron un primer pago por 10 millones de d\u00f3lares, \u00abpara garantizar el control sobre esa producci\u00f3n petrolera\u00bb.<\/p>\n\n\n\n<p>Seg\u00fan la Fiscal\u00eda, para esos fines se llev\u00f3 a cabo la reforma energ\u00e9tica por la que Ricardo Anaya supuestamente recibi\u00f3 un soborno de 6.8 millones de pesos.<\/p>\n\n\n\n<p>La dependencia federal dijo que, adem\u00e1s de Lozoya,contra Anaya tambi\u00e9n declaran Norberto Gallardo Vargas y Miguel P\u00e9rez Esquivel, jefe de escoltas y chofer del ex director de Pemex, respectivamente, as\u00ed como Froyl\u00e1n Gracia Galicia, Coordinador Ejecutivo de la Direcci\u00f3n de la petrolera.<\/p>\n\n\n\n<p>\u00abSeg\u00fan consta en diligencias ministeriales, dicha cantidad le fue entregada a Ricardo \u00abN\u00bb por una persona de confianza del propio Emilio \u00abN\u00bb, cuyo nombre es Norberto \u00abN\u00bb; misma cantidad que le entreg\u00f3 a Ricardo \u00abN\u00bb, en las instalaciones de la C\u00e1mara de Diputados, en el a\u00f1o 2014&#8243;, dijo la Fiscal\u00eda.<\/p>\n\n\n\n<p>\u00abLos testigos Miguel \u00abN\u00bb y Froyl\u00e1n \u00abN\u00bb, manifestaron haber presenciado diversas visitas de Ricardo \u00abN\u00bb y otros legisladores, a las oficinas de Emilio \u00abN\u00bb, en la Direcci\u00f3n General de PEMEX; lo cual qued\u00f3 asentado en diligencias ministeriales\u00bb.<\/p>\n\n\n\n<p>Agreg\u00f3 que, conforme con lo se\u00f1alado en el Diario de Debates de la C\u00e1mara de Diputados, donde se aprob\u00f3 la reforma constitucional en materia energ\u00e9tica, qued\u00f3 constancia de que Ricardo Anaya vot\u00f3 a favor de la misma.<\/p>\n\n\n\n<p>\u00abDe conformidad con los art\u00edculos 212, 261, 313 y 315 del C\u00f3digo Nacional de Procedimientos Penales, se se\u00f1ala que, en la etapa de investigaci\u00f3n inicial, de audiencia inicial y de vinculaci\u00f3n a proceso, el Ministerio P\u00fablico de la Federaci\u00f3n s\u00f3lo necesita exponer al Juez de Control los datos de prueba con los que considere que se establece un hecho que la ley se\u00f1ale como delito y la probabilidad de que el imputado lo cometi\u00f3 o particip\u00f3 en su comisi\u00f3n\u00bb, a\u00f1adi\u00f3.<br>Acudir\u00e1 UIF a audiencia de Anaya&nbsp;<br>Santiago Nieto Castillo, titular de la Unidad de Inteligencia Financiera de la Secretar\u00eda de Hacienda, indic\u00f3 que esta dependencia acudir\u00e1 ma\u00f1ana a la audiencia de imputaci\u00f3n a la que fue citado Ricardo Anaya, se\u00f1alado por Emilio Lozoya de recibir sobornos del caso Odebrecht.<\/p>\n\n\n\n<p>Explic\u00f3 que la Fiscal\u00eda General de la Rep\u00fablica recurri\u00f3 al juez de control para citar a Anaya y por ello colaborar\u00e1 en la audiencia.<\/p>\n\n\n\n<p>\u00abEstaremos en ese momento imponi\u00e9ndonos del tema y con la idea de colaborar con la Fiscal\u00eda General de la Rep\u00fablica\u00bb, se\u00f1al\u00f3 en entrevista en un hotel de Paseo de la Reforma, donde fue invitado a un encuentro con diputados electos del PT.<\/p>\n\n\n\n<p>Dijo que se deb\u00eda recordar que Anaya fue se\u00f1alado, junto con otras 70 personas, por Emilio Lozoya, ex director de Pemex, en el caso de los sobornos para aprobar la reforma energ\u00e9tica.<\/p>\n\n\n\n<p>Detall\u00f3 que a la fecha ha entregado informaci\u00f3n de 35 personas a las autoridades y que la UIF ha presentado denuncias contra 23 de los 71 se\u00f1alados.<\/p>\n\n\n\n<p>Mencion\u00f3 que no tiene conocimiento de la carpeta de investigaci\u00f3n que integr\u00f3 la FGR contra Anaya.<\/p>\n\n\n\n<p>\u00abVamos a tener conocimiento de la carpeta de investigaci\u00f3n en unas horas y veremos si tenemos tema en d\u00f3nde se formular una imputaci\u00f3n\u00bb, precis\u00f3.<\/p>\n\n\n\n<p>Asegur\u00f3 que en la investigaci\u00f3n contra Anaya no hay filias ni fobias y que esa ha sido la instrucci\u00f3n del Presidente, Andr\u00e9s Manuel L\u00f3pez Obrador.<\/p>\n\n\n\n<p>Se\u00f1alo que el primer Mandatario ha insistido en que no hay persecuci\u00f3n pol\u00edtica contra Anaya y que se tiene que colaborar con la Fiscal\u00eda General.<\/p>\n\n\n\n<p>\u00abNo hay persecuci\u00f3n pol\u00edtica en contra de nadie y tenemos que colaborar con la Fiscal\u00eda General de la Rep\u00fablica, evidentemente\u00bb, coment\u00f3.<\/p>\n\n\n\n<p>Dijo que no conoce si la indagatoria contra Anaya contiene alg\u00fan se\u00f1alamiento sobre el uso de instituciones financieras en para\u00edsos fiscales.<\/p>\n\n\n\n<h2 class=\"wp-block-heading\">Notas Relacionadas<\/h2>\n\n\n\n<figure class=\"wp-block-image\"><img decoding=\"async\" src=\"https:\/\/img.gruporeforma.com\/imagenes\/elementorelacionado\/10\/645\/9644465.jpg\" alt=\"\"\/><\/figure>\n\n\n\n<p><a href=\"https:\/\/www.elnorte.com\/reta-anaya-a-amlo-me-presento-si-acuden-pio-y-martin\/ar2246144?v=12\">Reta Anaya a AMLO: me presento si acuden P\u00edo y Mart\u00edn<\/a><\/p>\n\n\n\n<figure class=\"wp-block-image\"><img decoding=\"async\" src=\"https:\/\/img.gruporeforma.com\/imagenes\/elementorelacionado\/10\/645\/9644533.jpg\" alt=\"\"\/><\/figure>\n\n\n\n<p><a href=\"https:\/\/www.elnorte.com\/truena-amlo-contra-anaya-chueco-hipocrita-ladron\/ar2246167?v=11\">Truena AMLO contra Anaya: &#8216;chueco, hip\u00f3crita, ladr\u00f3n&#8217;<\/a><\/p>\n\n\n\n<figure class=\"wp-block-image\"><img decoding=\"async\" src=\"https:\/\/img.gruporeforma.com\/imagenes\/elementorelacionado\/10\/643\/9642573.jpg\" alt=\"\"\/><\/figure>\n\n\n\n<p><a href=\"https:\/\/www.elnorte.com\/no-suelta-amlo-a-anaya-no-te-mande-a-hacer-esas-cosas\/ar2245400?v=6\">No suelta AMLO a Anaya: &#8216;no te mand\u00e9 a hacer esas cosas&#8217;<\/a><\/p>\n\n\n\n<figure class=\"wp-block-image\"><img decoding=\"async\" src=\"https:\/\/img.gruporeforma.com\/imagenes\/elementorelacionado\/10\/642\/9641341.jpg\" alt=\"\"\/><\/figure>\n\n\n\n<p><a href=\"https:\/\/www.elnorte.com\/no-afecta-ir-a-la-carcel-cuando-uno-es-inocente\/ar2244733?v=23\">&#8216;No afecta ir a la c\u00e1rcel cuando uno es inocente&#8217;<\/a><\/p>\n\n\n\n<figure class=\"wp-block-image\"><img decoding=\"async\" src=\"https:\/\/img.gruporeforma.com\/imagenes\/elementorelacionado\/10\/642\/9641335.jpg\" alt=\"\"\/><\/figure>\n\n\n\n<p><a href=\"https:\/\/www.elnorte.com\/advierte-anaya-me-quieren-dar-30-anos-de-carcel\/ar2244725?v=8\">Advierte Anaya: me quieren dar 30 a\u00f1os de c\u00e1rcel<\/a><\/p>\n\n\n\n<p class=\"has-medium-font-size\"><strong>A petici\u00f3n de AMLO<\/strong><\/p>\n\n\n\n<p>Aunque la FGR es una instituci\u00f3n aut\u00f3noma del Poder Ejecutivo, el comunicado sobre el caso Anaya fue difundido siete horas despu\u00e9s de que el Presidente Andr\u00e9s Manuel L\u00f3pez Obrador lo pidi\u00f3 de manera expresa.<\/p>\n\n\n\n<p>Seg\u00fan el Mandatario, la FGR y el Poder Judicial tendr\u00edan que informar sobre las pesquisas, para evitar que el panista siga acus\u00e1ndolo de persecuci\u00f3n.<\/p>\n\n\n\n<p>\u00abQue la Fiscal\u00eda y el Poder Judicial informen, que no se vaya a quedar todo en que por el debido proceso no se puede dar informaci\u00f3n. Esto es un asunto de inter\u00e9s p\u00fablico que a todos nos ata\u00f1e, a todos nos importa\u00bb, dijo durante su conferencia matutina, en Xalapa,<\/p>\n\n\n\n<p>\u00abOjal\u00e1 y la Fiscal\u00eda d\u00e9 a conocer por qu\u00e9 es lo del citatorio a Anaya, para que no quede en especulaci\u00f3n, si no, me va a seguir echando la culpa a m\u00ed. Es m\u00e1s, si la Fiscal\u00eda no da a conocer la causa o el Poder Judicial, yo voy a estar insistiendo que se trasparente todo el proceso\u00bb.<\/p>\n\n\n\n<p>El Presidente advirti\u00f3 que, si no se transparentan las razones por las que se decidi\u00f3 proceder contra Anaya, puede generarse una confusi\u00f3n en la opini\u00f3n p\u00fablica.<\/p>\n\n\n\n<p>\u00abPorque, si no, \u00e9l va a seguir hablando y la gente puede confundirse, y como tiene tanto apoyo en los medios de informaci\u00f3n, porque lo protegen, hasta a los que hab\u00edan acusado de corrupci\u00f3n en su momento ya ahora lo est\u00e1n defendiendo. Ser\u00eda bueno que se transparente todo, todo, todo y as\u00ed ya se sabe de qu\u00e9 se trata\u00bb.<\/p>\n\n\n\n<p><em>Con informaci\u00f3n de\u00a0Claudia Salazar y Martha Mart\u00ednez<\/em><\/p>\n\n\n\n<p>Fuente: https:\/\/www.elnorte.com\/acusa-fgr-a-anaya-de-entregar-petroleo-a-extranjeros\/ar2246490<\/p>\n","protected":false},"excerpt":{"rendered":"<p>ABEL BARAJAS \/ EL NORTE Cd. de M\u00e9xico&nbsp;(25 agosto 2021).-&nbsp; La Fiscal\u00eda General de la Rep\u00fablica asegur\u00f3 que Ricardo Anaya [&hellip;]<\/p>\n","protected":false},"author":1,"featured_media":12156,"comment_status":"open","ping_status":"open","sticky":false,"template":"","format":"standard","meta":{"site-sidebar-layout":"default","site-content-layout":"","ast-site-content-layout":"default","site-content-style":"default","site-sidebar-style":"default","ast-global-header-display":"","ast-banner-title-visibility":"","ast-main-header-display":"","ast-hfb-above-header-display":"","ast-hfb-below-header-display":"","ast-hfb-mobile-header-display":"","site-post-title":"","ast-breadcrumbs-content":"","ast-featured-img":"","footer-sml-layout":"","theme-transparent-header-meta":"","adv-header-id-meta":"","stick-header-meta":"","header-above-stick-meta":"","header-main-stick-meta":"","header-below-stick-meta":"","astra-migrate-meta-layouts":"default","ast-page-background-enabled":"default","ast-page-background-meta":{"desktop":{"background-color":"var(--ast-global-color-4)","background-image":"","background-repeat":"repeat","background-position":"center center","background-size":"auto","background-attachment":"scroll","background-type":"","background-media":"","overlay-type":"","overlay-color":"","overlay-opacity":"","overlay-gradient":""},"tablet":{"background-color":"","background-image":"","background-repeat":"repeat","background-position":"center center","background-size":"auto","background-attachment":"scroll","background-type":"","background-media":"","overlay-type":"","overlay-color":"","overlay-opacity":"","overlay-gradient":""},"mobile":{"background-color":"","background-image":"","background-repeat":"repeat","background-position":"center center","background-size":"auto","background-attachment":"scroll","background-type":"","background-media":"","overlay-type":"","overlay-color":"","overlay-opacity":"","overlay-gradient":""}},"ast-content-background-meta":{"desktop":{"background-color":"var(--ast-global-color-5)","background-image":"","background-repeat":"repeat","background-position":"center center","background-size":"auto","background-attachment":"scroll","background-type":"","background-media":"","overlay-type":"","overlay-color":"","overlay-opacity":"","overlay-gradient":""},"tablet":{"background-color":"var(--ast-global-color-5)","background-image":"","background-repeat":"repeat","background-position":"center center","background-size":"auto","background-attachment":"scroll","background-type":"","background-media":"","overlay-type":"","overlay-color":"","overlay-opacity":"","overlay-gradient":""},"mobile":{"background-color":"var(--ast-global-color-5)","background-image":"","background-repeat":"repeat","background-position":"center center","background-size":"auto","background-attachment":"scroll","background-type":"","background-media":"","overlay-type":"","overlay-color":"","overlay-opacity":"","overlay-gradient":""}},"footnotes":""},"categories":[8],"tags":[3572,3573,3404],"class_list":["post-12155","post","type-post","status-publish","format-standard","has-post-thumbnail","hentry","category-noticias","tag-fgr","tag-petroleo-mexicano-a-extranjeros","tag-ricardo-anaya"],"_links":{"self":[{"href":"https:\/\/losperiodistas.com.mx\/portal\/wp-json\/wp\/v2\/posts\/12155","targetHints":{"allow":["GET"]}}],"collection":[{"href":"https:\/\/losperiodistas.com.mx\/portal\/wp-json\/wp\/v2\/posts"}],"about":[{"href":"https:\/\/losperiodistas.com.mx\/portal\/wp-json\/wp\/v2\/types\/post"}],"author":[{"embeddable":true,"href":"https:\/\/losperiodistas.com.mx\/portal\/wp-json\/wp\/v2\/users\/1"}],"replies":[{"embeddable":true,"href":"https:\/\/losperiodistas.com.mx\/portal\/wp-json\/wp\/v2\/comments?post=12155"}],"version-history":[{"count":1,"href":"https:\/\/losperiodistas.com.mx\/portal\/wp-json\/wp\/v2\/posts\/12155\/revisions"}],"predecessor-version":[{"id":12157,"href":"https:\/\/losperiodistas.com.mx\/portal\/wp-json\/wp\/v2\/posts\/12155\/revisions\/12157"}],"wp:featuredmedia":[{"embeddable":true,"href":"https:\/\/losperiodistas.com.mx\/portal\/wp-json\/wp\/v2\/media\/12156"}],"wp:attachment":[{"href":"https:\/\/losperiodistas.com.mx\/portal\/wp-json\/wp\/v2\/media?parent=12155"}],"wp:term":[{"taxonomy":"category","embeddable":true,"href":"https:\/\/losperiodistas.com.mx\/portal\/wp-json\/wp\/v2\/categories?post=12155"},{"taxonomy":"post_tag","embeddable":true,"href":"https:\/\/losperiodistas.com.mx\/portal\/wp-json\/wp\/v2\/tags?post=12155"}],"curies":[{"name":"wp","href":"https:\/\/api.w.org\/{rel}","templated":true}]}}