{"id":121546,"date":"2026-05-03T07:46:56","date_gmt":"2026-05-03T13:46:56","guid":{"rendered":"https:\/\/losperiodistas.com.mx\/portal\/?p=121546"},"modified":"2026-05-03T07:46:58","modified_gmt":"2026-05-03T13:46:58","slug":"el-papa-denuncia-ataques-a-la-prensa-y-honra-a-periodistas-asesinados-vatican-news","status":"publish","type":"post","link":"https:\/\/losperiodistas.com.mx\/portal\/el-papa-denuncia-ataques-a-la-prensa-y-honra-a-periodistas-asesinados-vatican-news\/","title":{"rendered":"El Papa denuncia ataques a la prensa y honra a periodistas asesinados | Vatican News"},"content":{"rendered":"\n<p class=\"has-luminous-vivid-amber-background-color has-background has-medium-font-size\">En el marco de la Jornada Mundial de la Libertad de Prensa, promovida por la UNESCO, el Papa expres\u00f3 su preocupaci\u00f3n por las constantes violaciones a este derecho fundamental, denunciando que en muchos lugares se vulnera de forma evidente o encubierta, y record\u00f3 a los numerosos periodistas y reporteros que han perdido la vida a causa de las guerras y la violencia.<\/p>\n\n\n\n<figure class=\"wp-block-image size-large\"><img fetchpriority=\"high\" decoding=\"async\" width=\"1024\" height=\"675\" src=\"https:\/\/losperiodistas.com.mx\/portal\/wp-content\/uploads\/2026\/05\/cq5dam.thumbnail.cropped.1500.844-1024x675.jpeg\" alt=\"\" class=\"wp-image-121547\" srcset=\"https:\/\/losperiodistas.com.mx\/portal\/wp-content\/uploads\/2026\/05\/cq5dam.thumbnail.cropped.1500.844-1024x675.jpeg 1024w, https:\/\/losperiodistas.com.mx\/portal\/wp-content\/uploads\/2026\/05\/cq5dam.thumbnail.cropped.1500.844-300x198.jpeg 300w, https:\/\/losperiodistas.com.mx\/portal\/wp-content\/uploads\/2026\/05\/cq5dam.thumbnail.cropped.1500.844-768x506.jpeg 768w, https:\/\/losperiodistas.com.mx\/portal\/wp-content\/uploads\/2026\/05\/cq5dam.thumbnail.cropped.1500.844.jpeg 1280w\" sizes=\"(max-width: 1024px) 100vw, 1024px\" \/><\/figure>\n\n\n\n<p class=\"has-vivid-red-color has-text-color has-link-color has-medium-font-size wp-elements-c8984afa42bd74e8b8e65b74c2990c8a\"><strong>Patricia Ynestroza \/ Vatican News <\/strong><\/p>\n\n\n\n<p><strong>Ciudad del Vaticano<\/strong><\/p>\n\n\n\n<p>En sus saludos despu\u00e9s del Regina Caeli, el Papa Le\u00f3n XIV record\u00f3 a los tantos periodistas asesinados a causa de la violencia. En el marco de la&nbsp;Jornada Mundial de la Libertad de Prensa, patrocinada por la UNESCO, el Papa lament\u00f3 que este derecho fundamental sea vulnerado con frecuencia, a veces de manera evidente y otras de forma silenciosa. Asimismo, record\u00f3 a los numerosos periodistas y reporteros que han perdido la vida a causa de guerras y actos de violencia, destacando su testimonio como un llamado a la verdad y la justicia.<\/p>\n\n\n\n<figure class=\"wp-block-image\"><img decoding=\"async\" src=\"https:\/\/www.vaticannews.va\/content\/dam\/vaticannews\/agenzie\/images\/afp\/2026\/05\/03\/12\/1777804572943.jpg\/_jcr_content\/renditions\/cq5dam.thumbnail.cropped.750.422.jpeg\" alt=\"Fieles presentes en el Regina Caeli \" title=\"Fieles presentes en el Regina Caeli \"\/><\/figure>\n\n\n\n<p>Fieles presentes en el Regina Caeli &nbsp; (AFP or licensors)<\/p>\n\n\n\n<h2 class=\"wp-block-heading\">El Papa invita a rezar el Rosario por la paz<\/h2>\n\n\n\n<p>Con el inicio del mes de mayo, tradicionalmente dedicado a la Virgen Mar\u00eda, el Papa anim\u00f3 a los fieles a renovar la alegr\u00eda de reunirse como Iglesia para rezar el Rosario, recordando el ejemplo de los disc\u00edpulos reunidos en el Cen\u00e1culo junto a Mar\u00eda entre la Ascensi\u00f3n de Jes\u00fas y Pentecost\u00e9s, mientras esperaban la venida del Esp\u00edritu Santo. Durante su saludo, el Pont\u00edfice encomend\u00f3 a la oraci\u00f3n de los presentes sus intenciones, especialmente por la comuni\u00f3n dentro de la Iglesia y por la paz en el mundo.<\/p>\n\n\n\n<p class=\"has-ast-global-color-4-background-color has-background\">Lea tambi\u00e9n<\/p>\n\n\n\n<p><a href=\"https:\/\/www.vaticannews.va\/es\/papa\/news\/2026-05\/regina-caeli-dios-existe-lugar-reservado-cada-persona-papa-leon.html\"><\/a><\/p>\n\n\n\n<figure class=\"wp-block-image\"><a href=\"https:\/\/www.vaticannews.va\/es\/papa\/news\/2026-05\/regina-caeli-dios-existe-lugar-reservado-cada-persona-papa-leon.html\"><img decoding=\"async\" src=\"https:\/\/www.vaticannews.va\/content\/dam\/vaticannews\/agenzie\/images\/ansa\/2026\/04\/26\/13\/1777202496582.jpg\/_jcr_content\/renditions\/cq5dam.thumbnail.cropped.500.281.jpeg\" alt=\"Papa Le\u00f3n XIV en el Regina Caeli: en Dios existe un lugar reservado para cada persona\"\/><\/a><\/figure>\n\n\n\n<p>03\/05\/2026<\/p>\n\n\n\n<h2 class=\"wp-block-heading\"><a href=\"https:\/\/www.vaticannews.va\/es\/papa\/news\/2026-05\/regina-caeli-dios-existe-lugar-reservado-cada-persona-papa-leon.html\">Papa Le\u00f3n XIV en el Regina Caeli: en Dios existe un lugar reservado para cada persona<\/a><\/h2>\n\n\n\n<h2 class=\"wp-block-heading\">Saludando a los grupos presentes<\/h2>\n\n\n\n<p>El Santo Padre tambi\u00e9n dirigi\u00f3 un saludo especial a los fieles de Roma y a los peregrinos llegados de distintos pa\u00edses. De manera particular, salud\u00f3 a los peruanos residentes en Roma que integran la Asociaci\u00f3n Virgen de Chapi de Arequipa.<\/p>\n\n\n\n<p>Finalmente, reconoci\u00f3 la labor de la Asociaci\u00f3n \u201cMeter\u201d, que desde hace tres d\u00e9cadas trabaja en la defensa de menores frente a los abusos, promoviendo la prevenci\u00f3n y el acompa\u00f1amiento a las v\u00edctimas. El Papa agradeci\u00f3 su servicio y compromiso en esta misi\u00f3n.<\/p>\n\n\n\n<figure class=\"wp-block-image\"><img decoding=\"async\" src=\"https:\/\/www.vaticannews.va\/content\/dam\/vaticannews\/agenzie\/images\/afp\/2026\/05\/03\/12\/1777804269268.jpg\/_jcr_content\/renditions\/cq5dam.thumbnail.cropped.750.422.jpeg\" alt=\"El Papa en sus saludos despu\u00e9s del rezo mariano\" title=\"El Papa en sus saludos despu\u00e9s del rezo mariano\"\/><\/figure>\n\n\n\n<p>El Papa en sus saludos despu\u00e9s del rezo mariano &nbsp; (AFP or licensors)<\/p>\n\n\n\n<p>Fuente: <a href=\"https:\/\/www.vaticannews.va\/es\/papa\/news\/2026-05\/papa-alerta-sobre-violaciones-a-la-libertad-de-prensa-victimas.html\">https:\/\/www.vaticannews.va\/es\/papa\/news\/2026-05\/papa-alerta-sobre-violaciones-a-la-libertad-de-prensa-victimas.html<\/a><\/p>\n","protected":false},"excerpt":{"rendered":"<p>En el marco de la Jornada Mundial de la Libertad de Prensa, promovida por la UNESCO, el Papa expres\u00f3 su [&hellip;]<\/p>\n","protected":false},"author":1,"featured_media":121547,"comment_status":"open","ping_status":"open","sticky":false,"template":"","format":"standard","meta":{"site-sidebar-layout":"default","site-content-layout":"","ast-site-content-layout":"default","site-content-style":"default","site-sidebar-style":"default","ast-global-header-display":"","ast-banner-title-visibility":"","ast-main-header-display":"","ast-hfb-above-header-display":"","ast-hfb-below-header-display":"","ast-hfb-mobile-header-display":"","site-post-title":"","ast-breadcrumbs-content":"","ast-featured-img":"","footer-sml-layout":"","theme-transparent-header-meta":"","adv-header-id-meta":"","stick-header-meta":"","header-above-stick-meta":"","header-main-stick-meta":"","header-below-stick-meta":"","astra-migrate-meta-layouts":"default","ast-page-background-enabled":"default","ast-page-background-meta":{"desktop":{"background-color":"var(--ast-global-color-4)","background-image":"","background-repeat":"repeat","background-position":"center center","background-size":"auto","background-attachment":"scroll","background-type":"","background-media":"","overlay-type":"","overlay-color":"","overlay-opacity":"","overlay-gradient":""},"tablet":{"background-color":"","background-image":"","background-repeat":"repeat","background-position":"center center","background-size":"auto","background-attachment":"scroll","background-type":"","background-media":"","overlay-type":"","overlay-color":"","overlay-opacity":"","overlay-gradient":""},"mobile":{"background-color":"","background-image":"","background-repeat":"repeat","background-position":"center center","background-size":"auto","background-attachment":"scroll","background-type":"","background-media":"","overlay-type":"","overlay-color":"","overlay-opacity":"","overlay-gradient":""}},"ast-content-background-meta":{"desktop":{"background-color":"var(--ast-global-color-5)","background-image":"","background-repeat":"repeat","background-position":"center center","background-size":"auto","background-attachment":"scroll","background-type":"","background-media":"","overlay-type":"","overlay-color":"","overlay-opacity":"","overlay-gradient":""},"tablet":{"background-color":"var(--ast-global-color-5)","background-image":"","background-repeat":"repeat","background-position":"center center","background-size":"auto","background-attachment":"scroll","background-type":"","background-media":"","overlay-type":"","overlay-color":"","overlay-opacity":"","overlay-gradient":""},"mobile":{"background-color":"var(--ast-global-color-5)","background-image":"","background-repeat":"repeat","background-position":"center center","background-size":"auto","background-attachment":"scroll","background-type":"","background-media":"","overlay-type":"","overlay-color":"","overlay-opacity":"","overlay-gradient":""}},"footnotes":""},"categories":[8],"tags":[48797,48796,48795],"class_list":["post-121546","post","type-post","status-publish","format-standard","has-post-thumbnail","hentry","category-noticias","tag-ornada-mundial-de-la-libertad-de-prensa","tag-papa-leon-xiv-prensa","tag-periodistas-violentados"],"_links":{"self":[{"href":"https:\/\/losperiodistas.com.mx\/portal\/wp-json\/wp\/v2\/posts\/121546","targetHints":{"allow":["GET"]}}],"collection":[{"href":"https:\/\/losperiodistas.com.mx\/portal\/wp-json\/wp\/v2\/posts"}],"about":[{"href":"https:\/\/losperiodistas.com.mx\/portal\/wp-json\/wp\/v2\/types\/post"}],"author":[{"embeddable":true,"href":"https:\/\/losperiodistas.com.mx\/portal\/wp-json\/wp\/v2\/users\/1"}],"replies":[{"embeddable":true,"href":"https:\/\/losperiodistas.com.mx\/portal\/wp-json\/wp\/v2\/comments?post=121546"}],"version-history":[{"count":1,"href":"https:\/\/losperiodistas.com.mx\/portal\/wp-json\/wp\/v2\/posts\/121546\/revisions"}],"predecessor-version":[{"id":121548,"href":"https:\/\/losperiodistas.com.mx\/portal\/wp-json\/wp\/v2\/posts\/121546\/revisions\/121548"}],"wp:featuredmedia":[{"embeddable":true,"href":"https:\/\/losperiodistas.com.mx\/portal\/wp-json\/wp\/v2\/media\/121547"}],"wp:attachment":[{"href":"https:\/\/losperiodistas.com.mx\/portal\/wp-json\/wp\/v2\/media?parent=121546"}],"wp:term":[{"taxonomy":"category","embeddable":true,"href":"https:\/\/losperiodistas.com.mx\/portal\/wp-json\/wp\/v2\/categories?post=121546"},{"taxonomy":"post_tag","embeddable":true,"href":"https:\/\/losperiodistas.com.mx\/portal\/wp-json\/wp\/v2\/tags?post=121546"}],"curies":[{"name":"wp","href":"https:\/\/api.w.org\/{rel}","templated":true}]}}