{"id":121540,"date":"2026-05-02T23:45:17","date_gmt":"2026-05-03T05:45:17","guid":{"rendered":"https:\/\/losperiodistas.com.mx\/portal\/?p=121540"},"modified":"2026-05-02T23:45:18","modified_gmt":"2026-05-03T05:45:18","slug":"el-senador-morenista-enrique-inzunza-aseguro-que-no-dejara-su-escano-el-economista","status":"publish","type":"post","link":"https:\/\/losperiodistas.com.mx\/portal\/el-senador-morenista-enrique-inzunza-aseguro-que-no-dejara-su-escano-el-economista\/","title":{"rendered":"El senador morenista Enrique Inzunza asegur\u00f3 que no dejar\u00e1 su esca\u00f1o | El Economista"},"content":{"rendered":"\n<p>Imputado por EU por narcotr\u00e1fico, el sinaloense anunci\u00f3 su disposici\u00f3n a declarar ante las autoridades de M\u00e9xico.<\/p>\n\n\n\n<figure class=\"wp-block-image size-large\"><img fetchpriority=\"high\" decoding=\"async\" width=\"1024\" height=\"632\" src=\"https:\/\/losperiodistas.com.mx\/portal\/wp-content\/uploads\/2026\/05\/EnriqueInzunza-1024x632.png\" alt=\"\" class=\"wp-image-121541\" srcset=\"https:\/\/losperiodistas.com.mx\/portal\/wp-content\/uploads\/2026\/05\/EnriqueInzunza-1024x632.png 1024w, https:\/\/losperiodistas.com.mx\/portal\/wp-content\/uploads\/2026\/05\/EnriqueInzunza-300x185.png 300w, https:\/\/losperiodistas.com.mx\/portal\/wp-content\/uploads\/2026\/05\/EnriqueInzunza-768x474.png 768w, https:\/\/losperiodistas.com.mx\/portal\/wp-content\/uploads\/2026\/05\/EnriqueInzunza.png 1321w\" sizes=\"(max-width: 1024px) 100vw, 1024px\" \/><figcaption class=\"wp-element-caption\">Enrique Inzunza C\u00e1zarez, senador de Sinaloa por Morena.<br>Cortes\u00eda X @InzunzaCazarez<\/figcaption><\/figure>\n\n\n\n<p class=\"has-vivid-red-color has-text-color has-link-color wp-elements-4dcab2461013597c8d22145ed63a9e82\">Rolando Ramos \/ El Economista<\/p>\n\n\n\n<p>El senador de Sinaloa Enrique Inzunza C\u00e1zarez (Morena), imputado por el gobierno de Estados Unidos de estar vinculado con el narcotr\u00e1fico, <strong>inform\u00f3 de su decisi\u00f3n de mantenerse en el cargo<\/strong>.<\/p>\n\n\n\n<p>\u201c<strong>Refutar\u00e9 absolutamente todas las falsedades<\/strong> desde el recto ejercicio de mi cargo de Senador de la Rep\u00fablica.<\/p>\n\n\n\n<p>\u201cDe ser solicitado, <strong>acudir\u00e9 puntualmente a cualquier citaci\u00f3n<\/strong> o llamamiento que me formulen las autoridades competentes de nuestro pa\u00eds, en el marco de sus atribuciones constitucionales\u201d, cita el mensaje que el presidente de la Comisi\u00f3n de Estudios Legislativos de la C\u00e1mara de Senadores public\u00f3 este s\u00e1bado en la red social X.<\/p>\n\n\n\n<p><strong>Asegur\u00f3 ser un hombre leyes<\/strong> y reiter\u00f3 su defensa de la soberan\u00eda nacional.<\/p>\n\n\n\n<p>\u201cSoy un hombre que <strong>ha dedicado su vida a aplicar el Derecho<\/strong> y a hacerlo respetar; hice carrera por m\u00e1s de 25 a\u00f1os en el Poder Judicial de Sinaloa, del que fui su Magistrado Presidente por casi 11.<\/p>\n\n\n\n<p>\u201cPor eso mismo, <strong>rechazo con toda firmeza las calumnias<\/strong> y el oprobio del que se pretende hacerme objeto, a trav\u00e9s de imputaciones falsas y dolosas, casualmente un d\u00eda despu\u00e9s de que defendiera desde la tribuna del Senado mexicano, en nombre de nuestro grupo parlamentario (de) Morena, el principio basilar e innegociable de la soberan\u00eda de M\u00e9xico, frente a la inconstitucional actuaci\u00f3n de agentes de la Agencia Central de Inteligencia de los EEUU, en territorio nacional, con la complicidad de la a\u00fan gobernadora del estado de Chihuahua\u201d, <strong>dijo en referencia a Mar\u00eda Eugenia Campos<\/strong> (PAN).<\/p>\n\n\n\n<p>\u201cLas y los sinaloenses <strong>me confirieron la alta responsabilidad<\/strong> de representarlos en el Senado de la Rep\u00fablica.&nbsp; He asumido esta encomienda conforme a los principios que han regido mi conducta en el ejercicio de los distintos cargos p\u00fablicos: con dignidad, integridad y compromiso indeclinable con la Constituci\u00f3n y la Ley\u201d.<\/p>\n\n\n\n<p>Por \u00faltimo, <strong>respald\u00f3 la posici\u00f3n de la presidenta<\/strong> Claudia Sheinbaum Pardo.<\/p>\n\n\n\n<p>\u201c<strong>Coincido y apoyo sin reservas lo dicho<\/strong> por nuestra Jefa del Estado Mexicano, la Dra. Claudia Sheinbaum Pardo, l\u00edder de nuestro gran movimiento de transformaci\u00f3n: verdad, justicia y defensa de la soberan\u00eda nacional.\u201d<\/p>\n\n\n\n<p>Fuente: <a href=\"https:\/\/www.eleconomista.com.mx\/politica\/senador-morenista-enrique-inzunza-aseguro-dejara-escano-20260502-811548.html\" target=\"_blank\" rel=\"noreferrer noopener\">El Economista<\/a><\/p>\n","protected":false},"excerpt":{"rendered":"<p>Imputado por EU por narcotr\u00e1fico, el sinaloense anunci\u00f3 su disposici\u00f3n a declarar ante las autoridades de M\u00e9xico.<\/p>\n","protected":false},"author":1,"featured_media":121541,"comment_status":"open","ping_status":"open","sticky":false,"template":"","format":"standard","meta":{"site-sidebar-layout":"default","site-content-layout":"","ast-site-content-layout":"default","site-content-style":"default","site-sidebar-style":"default","ast-global-header-display":"","ast-banner-title-visibility":"","ast-main-header-display":"","ast-hfb-above-header-display":"","ast-hfb-below-header-display":"","ast-hfb-mobile-header-display":"","site-post-title":"","ast-breadcrumbs-content":"","ast-featured-img":"","footer-sml-layout":"","theme-transparent-header-meta":"","adv-header-id-meta":"","stick-header-meta":"","header-above-stick-meta":"","header-main-stick-meta":"","header-below-stick-meta":"","astra-migrate-meta-layouts":"default","ast-page-background-enabled":"default","ast-page-background-meta":{"desktop":{"background-color":"var(--ast-global-color-4)","background-image":"","background-repeat":"repeat","background-position":"center center","background-size":"auto","background-attachment":"scroll","background-type":"","background-media":"","overlay-type":"","overlay-color":"","overlay-opacity":"","overlay-gradient":""},"tablet":{"background-color":"","background-image":"","background-repeat":"repeat","background-position":"center center","background-size":"auto","background-attachment":"scroll","background-type":"","background-media":"","overlay-type":"","overlay-color":"","overlay-opacity":"","overlay-gradient":""},"mobile":{"background-color":"","background-image":"","background-repeat":"repeat","background-position":"center center","background-size":"auto","background-attachment":"scroll","background-type":"","background-media":"","overlay-type":"","overlay-color":"","overlay-opacity":"","overlay-gradient":""}},"ast-content-background-meta":{"desktop":{"background-color":"var(--ast-global-color-5)","background-image":"","background-repeat":"repeat","background-position":"center center","background-size":"auto","background-attachment":"scroll","background-type":"","background-media":"","overlay-type":"","overlay-color":"","overlay-opacity":"","overlay-gradient":""},"tablet":{"background-color":"var(--ast-global-color-5)","background-image":"","background-repeat":"repeat","background-position":"center center","background-size":"auto","background-attachment":"scroll","background-type":"","background-media":"","overlay-type":"","overlay-color":"","overlay-opacity":"","overlay-gradient":""},"mobile":{"background-color":"var(--ast-global-color-5)","background-image":"","background-repeat":"repeat","background-position":"center center","background-size":"auto","background-attachment":"scroll","background-type":"","background-media":"","overlay-type":"","overlay-color":"","overlay-opacity":"","overlay-gradient":""}},"footnotes":""},"categories":[8],"tags":[48790,48789,19783,9932,48791],"class_list":["post-121540","post","type-post","status-publish","format-standard","has-post-thumbnail","hentry","category-noticias","tag-citacion-o-llamamiento","tag-enrique-inzunza","tag-senador-de-la-republica","tag-sinaloa","tag-soberania-nacional"],"_links":{"self":[{"href":"https:\/\/losperiodistas.com.mx\/portal\/wp-json\/wp\/v2\/posts\/121540","targetHints":{"allow":["GET"]}}],"collection":[{"href":"https:\/\/losperiodistas.com.mx\/portal\/wp-json\/wp\/v2\/posts"}],"about":[{"href":"https:\/\/losperiodistas.com.mx\/portal\/wp-json\/wp\/v2\/types\/post"}],"author":[{"embeddable":true,"href":"https:\/\/losperiodistas.com.mx\/portal\/wp-json\/wp\/v2\/users\/1"}],"replies":[{"embeddable":true,"href":"https:\/\/losperiodistas.com.mx\/portal\/wp-json\/wp\/v2\/comments?post=121540"}],"version-history":[{"count":1,"href":"https:\/\/losperiodistas.com.mx\/portal\/wp-json\/wp\/v2\/posts\/121540\/revisions"}],"predecessor-version":[{"id":121542,"href":"https:\/\/losperiodistas.com.mx\/portal\/wp-json\/wp\/v2\/posts\/121540\/revisions\/121542"}],"wp:featuredmedia":[{"embeddable":true,"href":"https:\/\/losperiodistas.com.mx\/portal\/wp-json\/wp\/v2\/media\/121541"}],"wp:attachment":[{"href":"https:\/\/losperiodistas.com.mx\/portal\/wp-json\/wp\/v2\/media?parent=121540"}],"wp:term":[{"taxonomy":"category","embeddable":true,"href":"https:\/\/losperiodistas.com.mx\/portal\/wp-json\/wp\/v2\/categories?post=121540"},{"taxonomy":"post_tag","embeddable":true,"href":"https:\/\/losperiodistas.com.mx\/portal\/wp-json\/wp\/v2\/tags?post=121540"}],"curies":[{"name":"wp","href":"https:\/\/api.w.org\/{rel}","templated":true}]}}