{"id":121532,"date":"2026-05-02T23:30:13","date_gmt":"2026-05-03T05:30:13","guid":{"rendered":"https:\/\/losperiodistas.com.mx\/portal\/?p=121532"},"modified":"2026-05-02T23:30:15","modified_gmt":"2026-05-03T05:30:15","slug":"inaugura-gobierno-de-mexico-el-puente-nichupte-en-cancun-quintana-roo","status":"publish","type":"post","link":"https:\/\/losperiodistas.com.mx\/portal\/inaugura-gobierno-de-mexico-el-puente-nichupte-en-cancun-quintana-roo\/","title":{"rendered":"Inaugura Gobierno de M\u00e9xico el puente Nichupt\u00e9 en Canc\u00fan, Quintana Roo"},"content":{"rendered":"\n<p>Mide 11.2 km, se recorre en 10 minutos y por su longitud es el segundo puente m\u00e1s largo de Am\u00e9rica Latina sobre un cuerpo de agua<\/p>\n\n\n\n<figure class=\"wp-block-image size-large\"><img fetchpriority=\"high\" decoding=\"async\" width=\"1024\" height=\"599\" src=\"https:\/\/losperiodistas.com.mx\/portal\/wp-content\/uploads\/2026\/05\/PuenteNichupte_01-1024x599.png\" alt=\"\" class=\"wp-image-121533\" srcset=\"https:\/\/losperiodistas.com.mx\/portal\/wp-content\/uploads\/2026\/05\/PuenteNichupte_01-1024x599.png 1024w, https:\/\/losperiodistas.com.mx\/portal\/wp-content\/uploads\/2026\/05\/PuenteNichupte_01-300x175.png 300w, https:\/\/losperiodistas.com.mx\/portal\/wp-content\/uploads\/2026\/05\/PuenteNichupte_01-768x449.png 768w, https:\/\/losperiodistas.com.mx\/portal\/wp-content\/uploads\/2026\/05\/PuenteNichupte_01.png 1218w\" sizes=\"(max-width: 1024px) 100vw, 1024px\" \/><figcaption class=\"wp-element-caption\">Puente Nichupt\u00e9<\/figcaption><\/figure>\n\n\n\n<p class=\"has-vivid-red-color has-text-color has-link-color wp-elements-eb27e7450528140191efa4df35f811c5\">Redacci\u00f3n<\/p>\n\n\n\n<p>El Gobierno de M\u00e9xico, a trav\u00e9s de la Secretar\u00eda de Infraestructura, Comunicaciones y Transportes (SICT), inaugur\u00f3 el Puente Nichupt\u00e9, en Canc\u00fan, Quintana Roo, el cual es libre de peaje y se considera como el segundo m\u00e1s largo de Am\u00e9rica Latina sobre un cuerpo de agua.<\/p>\n\n\n\n<p>Durante el corte de list\u00f3n, encabezado por la Presidenta Claudia Sheinbaum Pardo, en compa\u00f1\u00eda de la gobernadora de Quintana Roo, Mara Lezama Espinosa, el titular de la SICT, Jes\u00fas Esteva Medina, destac\u00f3 que el Puente Nichupt\u00e9, de 11.2 kil\u00f3metros (km), cuenta con un troncal de 8.8 km.<\/p>\n\n\n\n<figure class=\"wp-block-image size-large\"><img decoding=\"async\" width=\"1024\" height=\"612\" src=\"https:\/\/losperiodistas.com.mx\/portal\/wp-content\/uploads\/2026\/05\/imagen-9-1024x612.png\" alt=\"\" class=\"wp-image-121536\" srcset=\"https:\/\/losperiodistas.com.mx\/portal\/wp-content\/uploads\/2026\/05\/imagen-9-1024x612.png 1024w, https:\/\/losperiodistas.com.mx\/portal\/wp-content\/uploads\/2026\/05\/imagen-9-300x179.png 300w, https:\/\/losperiodistas.com.mx\/portal\/wp-content\/uploads\/2026\/05\/imagen-9-768x459.png 768w, https:\/\/losperiodistas.com.mx\/portal\/wp-content\/uploads\/2026\/05\/imagen-9.png 1330w\" sizes=\"(max-width: 1024px) 100vw, 1024px\" \/><\/figure>\n\n\n\n<p>Con una inversi\u00f3n de 10 mil 319 mdp, de los cuales en esta administraci\u00f3n se destinaron 3 mil 839 mdp, este paso vehicular conecta la zona habitacional de Canc\u00fan con la zona hotelera en tan s\u00f3lo 10 minutos. Adem\u00e1s, funciona como una ruta de evacuaci\u00f3n m\u00e1s \u00e1gil ante fen\u00f3menos naturales.<\/p>\n\n\n\n<p>Anteriormente los traslados entre el \u00e1rea urbana, el aeropuerto y la zona hotelera eran de hasta una hora.<\/p>\n\n\n\n<figure class=\"wp-block-image size-large\"><img decoding=\"async\" width=\"633\" height=\"1024\" src=\"https:\/\/losperiodistas.com.mx\/portal\/wp-content\/uploads\/2026\/05\/imagen-8-633x1024.png\" alt=\"\" class=\"wp-image-121535\" srcset=\"https:\/\/losperiodistas.com.mx\/portal\/wp-content\/uploads\/2026\/05\/imagen-8-633x1024.png 633w, https:\/\/losperiodistas.com.mx\/portal\/wp-content\/uploads\/2026\/05\/imagen-8-185x300.png 185w, https:\/\/losperiodistas.com.mx\/portal\/wp-content\/uploads\/2026\/05\/imagen-8-768x1243.png 768w, https:\/\/losperiodistas.com.mx\/portal\/wp-content\/uploads\/2026\/05\/imagen-8-949x1536.png 949w, https:\/\/losperiodistas.com.mx\/portal\/wp-content\/uploads\/2026\/05\/imagen-8-1265x2048.png 1265w, https:\/\/losperiodistas.com.mx\/portal\/wp-content\/uploads\/2026\/05\/imagen-8.png 1390w\" sizes=\"(max-width: 633px) 100vw, 633px\" \/><\/figure>\n\n\n\n<p>El puente tiene tres carriles uno por cada sentido y uno reversible- y una ciclov\u00eda bidireccional; as\u00ed como una estructura (g\u00e1libo) de 5 metros en el canal de navegaci\u00f3n para el paso de embarcaciones. Se prev\u00e9 un tr\u00e1nsito diario promedio anual de 12 mil veh\u00edculos.&nbsp;<\/p>\n\n\n\n<p>En su realizaci\u00f3n, destac\u00f3 el procedimiento constructivo que se llev\u00f3 a cabo. La Zona Top Down, de 700 metros de longitud, se ejecut\u00f3 con 84 pilotes a 30 metros de profundidad; se montaron 21 cabezales, 147 trabes y 21 claros de losa.<\/p>\n\n\n\n<figure class=\"wp-block-image size-large\"><img loading=\"lazy\" decoding=\"async\" width=\"1024\" height=\"683\" src=\"https:\/\/losperiodistas.com.mx\/portal\/wp-content\/uploads\/2026\/05\/imagen-10-1024x683.png\" alt=\"\" class=\"wp-image-121537\" srcset=\"https:\/\/losperiodistas.com.mx\/portal\/wp-content\/uploads\/2026\/05\/imagen-10-1024x683.png 1024w, https:\/\/losperiodistas.com.mx\/portal\/wp-content\/uploads\/2026\/05\/imagen-10-300x200.png 300w, https:\/\/losperiodistas.com.mx\/portal\/wp-content\/uploads\/2026\/05\/imagen-10-768x512.png 768w, https:\/\/losperiodistas.com.mx\/portal\/wp-content\/uploads\/2026\/05\/imagen-10-1536x1024.png 1536w, https:\/\/losperiodistas.com.mx\/portal\/wp-content\/uploads\/2026\/05\/imagen-10-2048x1365.png 2048w\" sizes=\"(max-width: 1024px) 100vw, 1024px\" \/><\/figure>\n\n\n\n<p>El Arco Met\u00e1lico de 100 metros, que libra una caverna, se realiz\u00f3 con 25 dovelas en arco y en la zona lagunar, de 6.5 km, resaltan 788 pilas.&nbsp;<\/p>\n\n\n\n<p>Esteva Medina resalt\u00f3 que en esta obra se puso especial atenci\u00f3n en el cuidado del medio ambiente, con la rehabilitaci\u00f3n de 306 hect\u00e1reas de manglar; la apertura de 40 km de canales; el rescate y reubicaci\u00f3n de flora y vegetaci\u00f3n nativa; el rescate y prote cci\u00f3n de pastos marinos, y el monitoreo de la calidad del agua y del ecosistema lagunar.&nbsp;<\/p>\n\n\n\n<figure class=\"wp-block-image size-large\"><img loading=\"lazy\" decoding=\"async\" width=\"1024\" height=\"683\" src=\"https:\/\/losperiodistas.com.mx\/portal\/wp-content\/uploads\/2026\/05\/imagen-11-1024x683.png\" alt=\"\" class=\"wp-image-121538\" srcset=\"https:\/\/losperiodistas.com.mx\/portal\/wp-content\/uploads\/2026\/05\/imagen-11-1024x683.png 1024w, https:\/\/losperiodistas.com.mx\/portal\/wp-content\/uploads\/2026\/05\/imagen-11-300x200.png 300w, https:\/\/losperiodistas.com.mx\/portal\/wp-content\/uploads\/2026\/05\/imagen-11-768x512.png 768w, https:\/\/losperiodistas.com.mx\/portal\/wp-content\/uploads\/2026\/05\/imagen-11-1536x1024.png 1536w, https:\/\/losperiodistas.com.mx\/portal\/wp-content\/uploads\/2026\/05\/imagen-11-2048x1365.png 2048w\" sizes=\"(max-width: 1024px) 100vw, 1024px\" \/><\/figure>\n\n\n\n<p>El titular de la SICT adelant\u00f3 que con una inversi\u00f3n de 484 mdp inici\u00f3 la construcci\u00f3n del Distribuidor Vial Kukulc\u00e1n, que enlazar\u00e1 directamente el Puente Nichupt\u00e9 con la Zona Hotelera (Punta Nizuc Canc\u00fan); constar\u00e1 de 770 metros de longitud.&nbsp;<\/p>\n\n\n\n<p>Por \u00faltimo, afirm\u00f3: \u201cLo que define el orgullo de realizar una obra cuando quitamos las cifras es el sentido \u00faltimo de profundo de servicio, y eso es lo que rige la m\u00edstica de los equipos de construcci\u00f3n de la Cuarta Transformaci\u00f3n. No son las cifras, no so n los grandes vol\u00famenes, no son los tiempos de ejecuci\u00f3n, sino el servicio que damos\u201d.<\/p>\n\n\n\n<p>En el evento tambi\u00e9n estuvieron presentes la secretaria de Gobernaci\u00f3n, Rosa Icela Rodr\u00edguez Vel\u00e1zquez; la secretaria Anticorrupci\u00f3n y Buen Gobierno, Raquel Buenrostro S\u00e1nchez; el secretario de Educaci\u00f3n P\u00fablica, Mario Delgado Carrillo; el subsecretario de Infraestructura de la SICT, Juan Carlos Fuentes Orrala; el coordinador general de los Programas para el Bienestar, Carlos Torres Rosas; el director general de Cultura F\u00edsica y Deporte, Rommel Pacheco Marrufo, y la directora general de Grupo ICA, Guadalupe Phillips Margain.<\/p>\n","protected":false},"excerpt":{"rendered":"<p>Mide 11.2 km, se recorre en 10 minutos y por su longitud es el segundo puente m\u00e1s largo de Am\u00e9rica Latina sobre un cuerpo de agua<\/p>\n","protected":false},"author":1,"featured_media":121533,"comment_status":"open","ping_status":"open","sticky":false,"template":"","format":"standard","meta":{"site-sidebar-layout":"default","site-content-layout":"","ast-site-content-layout":"default","site-content-style":"default","site-sidebar-style":"default","ast-global-header-display":"","ast-banner-title-visibility":"","ast-main-header-display":"","ast-hfb-above-header-display":"","ast-hfb-below-header-display":"","ast-hfb-mobile-header-display":"","site-post-title":"","ast-breadcrumbs-content":"","ast-featured-img":"","footer-sml-layout":"","theme-transparent-header-meta":"","adv-header-id-meta":"","stick-header-meta":"","header-above-stick-meta":"","header-main-stick-meta":"","header-below-stick-meta":"","astra-migrate-meta-layouts":"default","ast-page-background-enabled":"default","ast-page-background-meta":{"desktop":{"background-color":"var(--ast-global-color-4)","background-image":"","background-repeat":"repeat","background-position":"center center","background-size":"auto","background-attachment":"scroll","background-type":"","background-media":"","overlay-type":"","overlay-color":"","overlay-opacity":"","overlay-gradient":""},"tablet":{"background-color":"","background-image":"","background-repeat":"repeat","background-position":"center center","background-size":"auto","background-attachment":"scroll","background-type":"","background-media":"","overlay-type":"","overlay-color":"","overlay-opacity":"","overlay-gradient":""},"mobile":{"background-color":"","background-image":"","background-repeat":"repeat","background-position":"center center","background-size":"auto","background-attachment":"scroll","background-type":"","background-media":"","overlay-type":"","overlay-color":"","overlay-opacity":"","overlay-gradient":""}},"ast-content-background-meta":{"desktop":{"background-color":"var(--ast-global-color-5)","background-image":"","background-repeat":"repeat","background-position":"center center","background-size":"auto","background-attachment":"scroll","background-type":"","background-media":"","overlay-type":"","overlay-color":"","overlay-opacity":"","overlay-gradient":""},"tablet":{"background-color":"var(--ast-global-color-5)","background-image":"","background-repeat":"repeat","background-position":"center center","background-size":"auto","background-attachment":"scroll","background-type":"","background-media":"","overlay-type":"","overlay-color":"","overlay-opacity":"","overlay-gradient":""},"mobile":{"background-color":"var(--ast-global-color-5)","background-image":"","background-repeat":"repeat","background-position":"center center","background-size":"auto","background-attachment":"scroll","background-type":"","background-media":"","overlay-type":"","overlay-color":"","overlay-opacity":"","overlay-gradient":""}},"footnotes":""},"categories":[8],"tags":[7503,1505,48788,9989,48787,10447],"class_list":["post-121532","post","type-post","status-publish","format-standard","has-post-thumbnail","hentry","category-noticias","tag-cancun","tag-claudia-sheinbaum","tag-jesus-esteva-medina","tag-mara-lezama","tag-puente-nichupte","tag-quintana-roo"],"_links":{"self":[{"href":"https:\/\/losperiodistas.com.mx\/portal\/wp-json\/wp\/v2\/posts\/121532","targetHints":{"allow":["GET"]}}],"collection":[{"href":"https:\/\/losperiodistas.com.mx\/portal\/wp-json\/wp\/v2\/posts"}],"about":[{"href":"https:\/\/losperiodistas.com.mx\/portal\/wp-json\/wp\/v2\/types\/post"}],"author":[{"embeddable":true,"href":"https:\/\/losperiodistas.com.mx\/portal\/wp-json\/wp\/v2\/users\/1"}],"replies":[{"embeddable":true,"href":"https:\/\/losperiodistas.com.mx\/portal\/wp-json\/wp\/v2\/comments?post=121532"}],"version-history":[{"count":1,"href":"https:\/\/losperiodistas.com.mx\/portal\/wp-json\/wp\/v2\/posts\/121532\/revisions"}],"predecessor-version":[{"id":121539,"href":"https:\/\/losperiodistas.com.mx\/portal\/wp-json\/wp\/v2\/posts\/121532\/revisions\/121539"}],"wp:featuredmedia":[{"embeddable":true,"href":"https:\/\/losperiodistas.com.mx\/portal\/wp-json\/wp\/v2\/media\/121533"}],"wp:attachment":[{"href":"https:\/\/losperiodistas.com.mx\/portal\/wp-json\/wp\/v2\/media?parent=121532"}],"wp:term":[{"taxonomy":"category","embeddable":true,"href":"https:\/\/losperiodistas.com.mx\/portal\/wp-json\/wp\/v2\/categories?post=121532"},{"taxonomy":"post_tag","embeddable":true,"href":"https:\/\/losperiodistas.com.mx\/portal\/wp-json\/wp\/v2\/tags?post=121532"}],"curies":[{"name":"wp","href":"https:\/\/api.w.org\/{rel}","templated":true}]}}