{"id":121527,"date":"2026-05-02T23:10:30","date_gmt":"2026-05-03T05:10:30","guid":{"rendered":"https:\/\/losperiodistas.com.mx\/portal\/?p=121527"},"modified":"2026-05-02T23:10:31","modified_gmt":"2026-05-03T05:10:31","slug":"checo-perez-acabo-17o-en-la-sprint-de-miami-espn","status":"publish","type":"post","link":"https:\/\/losperiodistas.com.mx\/portal\/checo-perez-acabo-17o-en-la-sprint-de-miami-espn\/","title":{"rendered":"Checo P\u00e9rez acab\u00f3 17o en la Sprint de Miami | ESPN"},"content":{"rendered":"\n<p>El piloto mexicano del equipo Cadillac logr\u00f3 vencer en otra competencia a su compa\u00f1ero de equipo<\/p>\n\n\n\n<figure class=\"wp-block-image size-large\"><img fetchpriority=\"high\" decoding=\"async\" width=\"1024\" height=\"575\" src=\"https:\/\/losperiodistas.com.mx\/portal\/wp-content\/uploads\/2026\/05\/Antonelli-1024x575.png\" alt=\"\" class=\"wp-image-121528\" srcset=\"https:\/\/losperiodistas.com.mx\/portal\/wp-content\/uploads\/2026\/05\/Antonelli-1024x575.png 1024w, https:\/\/losperiodistas.com.mx\/portal\/wp-content\/uploads\/2026\/05\/Antonelli-300x169.png 300w, https:\/\/losperiodistas.com.mx\/portal\/wp-content\/uploads\/2026\/05\/Antonelli-768x432.png 768w, https:\/\/losperiodistas.com.mx\/portal\/wp-content\/uploads\/2026\/05\/Antonelli.png 1285w\" sizes=\"(max-width: 1024px) 100vw, 1024px\" \/><figcaption class=\"wp-element-caption\">El piloto italiano de Mercedes se qued\u00f3 con la pole para el Gran Premio de Miami.<\/figcaption><\/figure>\n\n\n\n<p class=\"has-vivid-red-color has-text-color has-link-color wp-elements-110cd5369d600199658c98fbc31190bd\">Ricardo Cari\u00f1o \/ ESPN<\/p>\n\n\n\n<p>El mexicano <strong>Checo P\u00e9rez<\/strong> finaliz\u00f3 en la decimos\u00e9ptima posici\u00f3n la carrera Sprint que se celebr\u00f3 en el marco del <strong>Gran Premio de Miami<\/strong>, en una carrera donde el ritmo del <strong>Cadillac<\/strong> volvi\u00f3 a quedar expuesto frente al resto de la parrilla.<\/p>\n\n\n\n<p><strong>Checo P\u00e9rez<\/strong> clasific\u00f3 18, pero gan\u00f3 una posici\u00f3n antes de iniciar por el retiro de <strong>Nico H\u00fclkenberg<\/strong>. Tuvo un buen inicio al superar en la primera vuelta a <strong>Alex Albon<\/strong> y mantuvo un buen duelo con <strong>Carlos Sainz<\/strong>. El mexicano venci\u00f3 en un primer momento al espa\u00f1ol para quedar detr\u00e1s de <strong>Liam Lawson<\/strong>, piloto que le ha generado problemas en el pasado debido a la agresividad del neozeland\u00e9s.<\/p>\n\n\n\n<p>Pero esta vez <strong>Checo P\u00e9rez<\/strong> no tuvo contratiempos en dar cuenta del piloto de <strong>Racing Bulls<\/strong> al superarlo sobre la recta principal, aunque vio c\u00f3mo <strong>Sainz<\/strong> comenz\u00f3 a tomar ritmo y dejarlo atr\u00e1s.<\/p>\n\n\n\n<figure class=\"wp-block-image size-large\"><img decoding=\"async\" width=\"1024\" height=\"576\" src=\"https:\/\/losperiodistas.com.mx\/portal\/wp-content\/uploads\/2026\/05\/imagen-6-1024x576.png\" alt=\"\" class=\"wp-image-121529\" srcset=\"https:\/\/losperiodistas.com.mx\/portal\/wp-content\/uploads\/2026\/05\/imagen-6-1024x576.png 1024w, https:\/\/losperiodistas.com.mx\/portal\/wp-content\/uploads\/2026\/05\/imagen-6-300x169.png 300w, https:\/\/losperiodistas.com.mx\/portal\/wp-content\/uploads\/2026\/05\/imagen-6-768x432.png 768w, https:\/\/losperiodistas.com.mx\/portal\/wp-content\/uploads\/2026\/05\/imagen-6.png 1140w\" sizes=\"(max-width: 1024px) 100vw, 1024px\" \/><figcaption class=\"wp-element-caption\">El Cadillac de Checo P\u00e9rez durante la Sprint Race en Miami, en la que qued\u00f3 17.<br>Dom Gibbons &#8211; Formula 1\/Formula 1 via Getty Images<\/figcaption><\/figure>\n\n\n\n<p>Las buenas sensaciones se diluyeron a cada vuelta. El ritmo de su auto no fue suficiente para aspirar a m\u00e1s. La decisi\u00f3n del equipo de salir con neum\u00e1tico duro tuvo consecuencias. <strong>Alex Albon<\/strong> remont\u00f3 y desplaz\u00f3 al mexicano a la posici\u00f3n 16.<\/p>\n\n\n\n<p>El ritmo de carrera del tapat\u00edo de 1:35.649 no fue competencia para <strong>Liam Lawson<\/strong>, quien super\u00f3 al de <strong>Jalisco<\/strong> en el ecuador de la carrera.<\/p>\n\n\n\n<p>El rendimiento fue a la baja. Su vuelta 10 fue de 1:37.3, casi seis segundos m\u00e1s lento que <strong>Lando Norris<\/strong>, que marchaba en la primera posici\u00f3n con un 1:31.8. Este fue el inicio del tobog\u00e1n para el tapat\u00edo.<\/p>\n\n\n\n<p>La diferencia fue clara al ver separarse a <strong>Lawson<\/strong> hasta 16 segundos, pero gan\u00f3 un puesto debido al ingreso de <strong>Alex Albon<\/strong> a pits.<\/p>\n\n\n\n<p>Sin la oportunidad de volver a pelear tuvo que cuidar sus espejos ante el acecho de <strong>Fernando Alonso<\/strong>. El piloto de <strong>Aston Martin<\/strong> atac\u00f3 al mexicano en las \u00faltimas vueltas y comenz\u00f3 a recortar tiempo. En las \u00faltimas curvas de la carrera el bicampe\u00f3n mundial le arrebat\u00f3 la posici\u00f3n al mexicano, quien al final termin\u00f3 en el lugar 17.<\/p>\n\n\n\n<p>El ganador de las 19 vueltas fue <strong>Lando Norris<\/strong>, seguido de <strong>Oscar Piastri<\/strong>, ambos de <strong>McLaren<\/strong>. El podio lo complet\u00f3 el piloto de <strong>Ferrari<\/strong>, <strong>Charles Leclerc<\/strong>.<\/p>\n\n\n\n<p>Luego de la <strong>Sprint<\/strong>, <strong>Checo<\/strong> se\u00f1al\u00f3 que ha visto avances en la temporada a favor de <strong>Cadillac<\/strong>, prueba de ello fue la posibilidad de pelear ante otros equipos que est\u00e1n por delante en parrilla.<\/p>\n\n\n\n<p>\u201cSin duda. Estamos progresando y estuve peleando con <strong>Williams<\/strong>, AlphaTauri (<strong>Racing Bulls<\/strong>), pero vamos a aprender de ello y esperamos tener una buena sesi\u00f3n como ayer y avanzar a Q2\u201d, coment\u00f3.<\/p>\n\n\n\n<p>\u201cSe siente que vamos progresando. Hay mucho camino por delante, pero estamos intentando todo\u201d, expres\u00f3 el tapat\u00edo ante los medios de comunicaci\u00f3n.<\/p>\n\n\n\n<p>Fuente: <a href=\"https:\/\/www.espn.com.mx\/deporte-motor\/f1\/nota\/_\/id\/16656235\/f1-checo-perez-17-sprint-gp-miami-2026\" target=\"_blank\" rel=\"noreferrer noopener\">ESPN<\/a><\/p>\n","protected":false},"excerpt":{"rendered":"<p>El piloto mexicano del equipo Cadillac logr\u00f3 vencer en otra competencia a su compa\u00f1ero de equipo<\/p>\n","protected":false},"author":1,"featured_media":121528,"comment_status":"open","ping_status":"open","sticky":false,"template":"","format":"standard","meta":{"site-sidebar-layout":"default","site-content-layout":"","ast-site-content-layout":"default","site-content-style":"default","site-sidebar-style":"default","ast-global-header-display":"","ast-banner-title-visibility":"","ast-main-header-display":"","ast-hfb-above-header-display":"","ast-hfb-below-header-display":"","ast-hfb-mobile-header-display":"","site-post-title":"","ast-breadcrumbs-content":"","ast-featured-img":"","footer-sml-layout":"","theme-transparent-header-meta":"","adv-header-id-meta":"","stick-header-meta":"","header-above-stick-meta":"","header-main-stick-meta":"","header-below-stick-meta":"","astra-migrate-meta-layouts":"default","ast-page-background-enabled":"default","ast-page-background-meta":{"desktop":{"background-color":"var(--ast-global-color-4)","background-image":"","background-repeat":"repeat","background-position":"center center","background-size":"auto","background-attachment":"scroll","background-type":"","background-media":"","overlay-type":"","overlay-color":"","overlay-opacity":"","overlay-gradient":""},"tablet":{"background-color":"","background-image":"","background-repeat":"repeat","background-position":"center center","background-size":"auto","background-attachment":"scroll","background-type":"","background-media":"","overlay-type":"","overlay-color":"","overlay-opacity":"","overlay-gradient":""},"mobile":{"background-color":"","background-image":"","background-repeat":"repeat","background-position":"center center","background-size":"auto","background-attachment":"scroll","background-type":"","background-media":"","overlay-type":"","overlay-color":"","overlay-opacity":"","overlay-gradient":""}},"ast-content-background-meta":{"desktop":{"background-color":"var(--ast-global-color-5)","background-image":"","background-repeat":"repeat","background-position":"center center","background-size":"auto","background-attachment":"scroll","background-type":"","background-media":"","overlay-type":"","overlay-color":"","overlay-opacity":"","overlay-gradient":""},"tablet":{"background-color":"var(--ast-global-color-5)","background-image":"","background-repeat":"repeat","background-position":"center center","background-size":"auto","background-attachment":"scroll","background-type":"","background-media":"","overlay-type":"","overlay-color":"","overlay-opacity":"","overlay-gradient":""},"mobile":{"background-color":"var(--ast-global-color-5)","background-image":"","background-repeat":"repeat","background-position":"center center","background-size":"auto","background-attachment":"scroll","background-type":"","background-media":"","overlay-type":"","overlay-color":"","overlay-opacity":"","overlay-gradient":""}},"footnotes":""},"categories":[8],"tags":[38088,276,48785,48786,48784],"class_list":["post-121527","post","type-post","status-publish","format-standard","has-post-thumbnail","hentry","category-noticias","tag-cadillac","tag-checo-perez","tag-gran-premio-de-miami","tag-nico-hulkenberg","tag-sprint-de-miami"],"_links":{"self":[{"href":"https:\/\/losperiodistas.com.mx\/portal\/wp-json\/wp\/v2\/posts\/121527","targetHints":{"allow":["GET"]}}],"collection":[{"href":"https:\/\/losperiodistas.com.mx\/portal\/wp-json\/wp\/v2\/posts"}],"about":[{"href":"https:\/\/losperiodistas.com.mx\/portal\/wp-json\/wp\/v2\/types\/post"}],"author":[{"embeddable":true,"href":"https:\/\/losperiodistas.com.mx\/portal\/wp-json\/wp\/v2\/users\/1"}],"replies":[{"embeddable":true,"href":"https:\/\/losperiodistas.com.mx\/portal\/wp-json\/wp\/v2\/comments?post=121527"}],"version-history":[{"count":1,"href":"https:\/\/losperiodistas.com.mx\/portal\/wp-json\/wp\/v2\/posts\/121527\/revisions"}],"predecessor-version":[{"id":121530,"href":"https:\/\/losperiodistas.com.mx\/portal\/wp-json\/wp\/v2\/posts\/121527\/revisions\/121530"}],"wp:featuredmedia":[{"embeddable":true,"href":"https:\/\/losperiodistas.com.mx\/portal\/wp-json\/wp\/v2\/media\/121528"}],"wp:attachment":[{"href":"https:\/\/losperiodistas.com.mx\/portal\/wp-json\/wp\/v2\/media?parent=121527"}],"wp:term":[{"taxonomy":"category","embeddable":true,"href":"https:\/\/losperiodistas.com.mx\/portal\/wp-json\/wp\/v2\/categories?post=121527"},{"taxonomy":"post_tag","embeddable":true,"href":"https:\/\/losperiodistas.com.mx\/portal\/wp-json\/wp\/v2\/tags?post=121527"}],"curies":[{"name":"wp","href":"https:\/\/api.w.org\/{rel}","templated":true}]}}