{"id":121521,"date":"2026-05-02T21:07:22","date_gmt":"2026-05-03T03:07:22","guid":{"rendered":"https:\/\/losperiodistas.com.mx\/portal\/?p=121521"},"modified":"2026-05-02T23:17:56","modified_gmt":"2026-05-03T05:17:56","slug":"lluvia-de-meteoros-eta-acuaridas-conoce-cual-es-el-mejor-dia-para-ver-el-espectaculo-cosmico-el-univesal","status":"publish","type":"post","link":"https:\/\/losperiodistas.com.mx\/portal\/lluvia-de-meteoros-eta-acuaridas-conoce-cual-es-el-mejor-dia-para-ver-el-espectaculo-cosmico-el-univesal\/","title":{"rendered":"Lluvia de Meteoros Eta Acu\u00e1ridas: conoce cu\u00e1l es el mejor d\u00eda para ver el espect\u00e1culo c\u00f3smico | El Universal"},"content":{"rendered":"\n<p>Durante este mes el cielo se vestir\u00e1 de gala con la presencia de esta lluvia de estrellas<\/p>\n\n\n\n<figure class=\"wp-block-image size-large\"><img fetchpriority=\"high\" decoding=\"async\" width=\"1024\" height=\"631\" src=\"https:\/\/losperiodistas.com.mx\/portal\/wp-content\/uploads\/2026\/05\/LluviaEstrellas-1024x631.png\" alt=\"\" class=\"wp-image-121522\" srcset=\"https:\/\/losperiodistas.com.mx\/portal\/wp-content\/uploads\/2026\/05\/LluviaEstrellas-1024x631.png 1024w, https:\/\/losperiodistas.com.mx\/portal\/wp-content\/uploads\/2026\/05\/LluviaEstrellas-300x185.png 300w, https:\/\/losperiodistas.com.mx\/portal\/wp-content\/uploads\/2026\/05\/LluviaEstrellas-768x473.png 768w, https:\/\/losperiodistas.com.mx\/portal\/wp-content\/uploads\/2026\/05\/LluviaEstrellas.png 1351w\" sizes=\"(max-width: 1024px) 100vw, 1024px\" \/><figcaption class=\"wp-element-caption\">Lluvia de Meteoros Eta Acu\u00e1ridas. Foto: Imagen generada con IA. Foto: Generada con IA<\/figcaption><\/figure>\n\n\n\n<p class=\"has-vivid-red-color has-text-color has-link-color wp-elements-7c8ba6ea6c2a5e3cb28450de855b4209\">Dann Silva \/ El Universal<\/p>\n\n\n\n<p>Durante <strong>mayo<\/strong>, los <strong>fen\u00f3menos astron\u00f3micos<\/strong> ser\u00e1n tendencia por las magistrales vistas que obsequiar\u00e1n a los amantes del cielo. En ese sentido, uno de los sucesos m\u00e1s esperados es la <strong>Lluvia de Meteoros Eta Acu\u00e1ridas<\/strong>, un espect\u00e1culo \u00fanico<\/p>\n\n\n\n<p>Las <strong>Eta Acu\u00e1ridas<\/strong> son famosas por sus <strong>meteoros<\/strong> veloces y los vestigios <strong>luminosos <\/strong>que dejan en el cielo. En condiciones ideales de observaci\u00f3n, esta <strong>lluvia de estrellas<\/strong> puede producir hasta 50 <strong>estrellas fugaces <\/strong>por hora.<\/p>\n\n\n\n<figure class=\"wp-block-image size-full\"><img decoding=\"async\" width=\"931\" height=\"620\" src=\"https:\/\/losperiodistas.com.mx\/portal\/wp-content\/uploads\/2026\/05\/imagen-4.png\" alt=\"\" class=\"wp-image-121523\" srcset=\"https:\/\/losperiodistas.com.mx\/portal\/wp-content\/uploads\/2026\/05\/imagen-4.png 931w, https:\/\/losperiodistas.com.mx\/portal\/wp-content\/uploads\/2026\/05\/imagen-4-300x200.png 300w, https:\/\/losperiodistas.com.mx\/portal\/wp-content\/uploads\/2026\/05\/imagen-4-768x511.png 768w\" sizes=\"(max-width: 931px) 100vw, 931px\" \/><figcaption class=\"wp-element-caption\">La pr\u00f3xima lluvia de estrellas. Fuente: Freepik<\/figcaption><\/figure>\n\n\n\n<h2 class=\"wp-block-heading\">\u00bfCu\u00e1l es el mejor d\u00eda para ver la Lluvia de Meteoros Eta Acu\u00e1ridas?<\/h2>\n\n\n\n<p>El mes inici\u00f3 con una brillante <strong>Luna llena<\/strong>, esto producir\u00e1 que a <strong>Lluvia de Meteoros<\/strong> alcance su pico de visibilidad cinco d\u00edas despu\u00e9s, siendo el amanecer del <strong>mi\u00e9rcoles 6 de mayo<\/strong> el mejor d\u00eda de observaci\u00f3n.<\/p>\n\n\n\n<p>La actividad de las <strong>Eta Acu\u00e1ridas<\/strong> seguir\u00e1 siendo intensa durante varios d\u00edas, y las ma\u00f1anas del <strong>4 al 7 de mayo<\/strong> ofrecer\u00e1n la mejor ventana de observaci\u00f3n.<\/p>\n\n\n\n<p>Cabe destacar que el hemisferio sur ofrecer\u00e1 una mejor vista, mientras que los observadores del <strong>hemisferio norte<\/strong> podr\u00e1n ver algunos <strong>meteoros <\/strong>r\u00e1pidos bajos en el cielo<strong> antes del amanecer<\/strong>.<\/p>\n\n\n\n<figure class=\"wp-block-image size-full\"><img decoding=\"async\" width=\"827\" height=\"620\" src=\"https:\/\/losperiodistas.com.mx\/portal\/wp-content\/uploads\/2026\/05\/imagen-5.png\" alt=\"\" class=\"wp-image-121524\" srcset=\"https:\/\/losperiodistas.com.mx\/portal\/wp-content\/uploads\/2026\/05\/imagen-5.png 827w, https:\/\/losperiodistas.com.mx\/portal\/wp-content\/uploads\/2026\/05\/imagen-5-300x225.png 300w, https:\/\/losperiodistas.com.mx\/portal\/wp-content\/uploads\/2026\/05\/imagen-5-768x576.png 768w\" sizes=\"(max-width: 827px) 100vw, 827px\" \/><figcaption class=\"wp-element-caption\">Todo lo que necesitas saber sobre la lluvia de meteoros. Fuente: Freepik.<\/figcaption><\/figure>\n\n\n\n<h2 class=\"wp-block-heading\">\u00bfPodr\u00e1 verse la Lluvia de Meteoros Eta Acu\u00e1ridas desde M\u00e9xico?<\/h2>\n\n\n\n<p>De acuerdo con el sitio especializado <em>Star Walk<\/em>, esta lluvia de estrellas s\u00f3lo podr\u00e1 verse desde algunas zonas del <strong>norte de M\u00e9xico<\/strong>, debido a que el radiante permanecer\u00e1 bajo sobre el horizonte, logrando que durante el pico de visibilidad se vean alrededor de <strong>10 meteoros por hora<\/strong>.<\/p>\n\n\n\n<p>Asimismo, se pronostica que la <strong>Luna <\/strong>est\u00e9 iluminada al 83%, ocultando los <strong>meteoros <\/strong>m\u00e1s d\u00e9biles, lo que har\u00e1 que las condiciones de observaci\u00f3n sean desfavorables.<\/p>\n\n\n\n<p>Para mejorar las posibilidades de ver alg\u00fan <strong>meteoro<\/strong>, se recomienda colocarse en un lugar estrat\u00e9gico, de modo que la <strong>Luna <\/strong>quede oculta detr\u00e1s de un \u00e1rbol o un edificio.<\/p>\n\n\n\n<p>Fuente: <a href=\"https:\/\/www.eluniversal.com.mx\/tendencias\/lluvia-de-meteoros-eta-acuaridas-cual-es-el-mejor-dia-para-ver-el-espectaculo-cosmico-conoce-la-fecha-exacta\/\" target=\"_blank\" rel=\"noreferrer noopener\">El Universal<\/a><\/p>\n","protected":false},"excerpt":{"rendered":"<p>Durante este mes el cielo se vestir\u00e1 de gala con la presencia de esta lluvia de estrellas<\/p>\n","protected":false},"author":1,"featured_media":121522,"comment_status":"open","ping_status":"open","sticky":false,"template":"","format":"standard","meta":{"site-sidebar-layout":"default","site-content-layout":"","ast-site-content-layout":"default","site-content-style":"default","site-sidebar-style":"default","ast-global-header-display":"","ast-banner-title-visibility":"","ast-main-header-display":"","ast-hfb-above-header-display":"","ast-hfb-below-header-display":"","ast-hfb-mobile-header-display":"","site-post-title":"","ast-breadcrumbs-content":"","ast-featured-img":"","footer-sml-layout":"","theme-transparent-header-meta":"","adv-header-id-meta":"","stick-header-meta":"","header-above-stick-meta":"","header-main-stick-meta":"","header-below-stick-meta":"","astra-migrate-meta-layouts":"default","ast-page-background-enabled":"default","ast-page-background-meta":{"desktop":{"background-color":"var(--ast-global-color-4)","background-image":"","background-repeat":"repeat","background-position":"center center","background-size":"auto","background-attachment":"scroll","background-type":"","background-media":"","overlay-type":"","overlay-color":"","overlay-opacity":"","overlay-gradient":""},"tablet":{"background-color":"","background-image":"","background-repeat":"repeat","background-position":"center center","background-size":"auto","background-attachment":"scroll","background-type":"","background-media":"","overlay-type":"","overlay-color":"","overlay-opacity":"","overlay-gradient":""},"mobile":{"background-color":"","background-image":"","background-repeat":"repeat","background-position":"center center","background-size":"auto","background-attachment":"scroll","background-type":"","background-media":"","overlay-type":"","overlay-color":"","overlay-opacity":"","overlay-gradient":""}},"ast-content-background-meta":{"desktop":{"background-color":"var(--ast-global-color-5)","background-image":"","background-repeat":"repeat","background-position":"center center","background-size":"auto","background-attachment":"scroll","background-type":"","background-media":"","overlay-type":"","overlay-color":"","overlay-opacity":"","overlay-gradient":""},"tablet":{"background-color":"var(--ast-global-color-5)","background-image":"","background-repeat":"repeat","background-position":"center center","background-size":"auto","background-attachment":"scroll","background-type":"","background-media":"","overlay-type":"","overlay-color":"","overlay-opacity":"","overlay-gradient":""},"mobile":{"background-color":"var(--ast-global-color-5)","background-image":"","background-repeat":"repeat","background-position":"center center","background-size":"auto","background-attachment":"scroll","background-type":"","background-media":"","overlay-type":"","overlay-color":"","overlay-opacity":"","overlay-gradient":""}},"footnotes":""},"categories":[8],"tags":[48358,28222,28496],"class_list":["post-121521","post","type-post","status-publish","format-standard","has-post-thumbnail","hentry","category-noticias","tag-eta-acuaridas","tag-lluvia-de-estrellas","tag-lluvia-de-meteoros"],"_links":{"self":[{"href":"https:\/\/losperiodistas.com.mx\/portal\/wp-json\/wp\/v2\/posts\/121521","targetHints":{"allow":["GET"]}}],"collection":[{"href":"https:\/\/losperiodistas.com.mx\/portal\/wp-json\/wp\/v2\/posts"}],"about":[{"href":"https:\/\/losperiodistas.com.mx\/portal\/wp-json\/wp\/v2\/types\/post"}],"author":[{"embeddable":true,"href":"https:\/\/losperiodistas.com.mx\/portal\/wp-json\/wp\/v2\/users\/1"}],"replies":[{"embeddable":true,"href":"https:\/\/losperiodistas.com.mx\/portal\/wp-json\/wp\/v2\/comments?post=121521"}],"version-history":[{"count":2,"href":"https:\/\/losperiodistas.com.mx\/portal\/wp-json\/wp\/v2\/posts\/121521\/revisions"}],"predecessor-version":[{"id":121531,"href":"https:\/\/losperiodistas.com.mx\/portal\/wp-json\/wp\/v2\/posts\/121521\/revisions\/121531"}],"wp:featuredmedia":[{"embeddable":true,"href":"https:\/\/losperiodistas.com.mx\/portal\/wp-json\/wp\/v2\/media\/121522"}],"wp:attachment":[{"href":"https:\/\/losperiodistas.com.mx\/portal\/wp-json\/wp\/v2\/media?parent=121521"}],"wp:term":[{"taxonomy":"category","embeddable":true,"href":"https:\/\/losperiodistas.com.mx\/portal\/wp-json\/wp\/v2\/categories?post=121521"},{"taxonomy":"post_tag","embeddable":true,"href":"https:\/\/losperiodistas.com.mx\/portal\/wp-json\/wp\/v2\/tags?post=121521"}],"curies":[{"name":"wp","href":"https:\/\/api.w.org\/{rel}","templated":true}]}}