{"id":121518,"date":"2026-05-02T20:59:51","date_gmt":"2026-05-03T02:59:51","guid":{"rendered":"https:\/\/losperiodistas.com.mx\/portal\/?p=121518"},"modified":"2026-05-02T20:59:53","modified_gmt":"2026-05-03T02:59:53","slug":"intelectuales-de-america-latina-cierran-filas-con-cuba-ante-amenazas-de-trump-la-jornada","status":"publish","type":"post","link":"https:\/\/losperiodistas.com.mx\/portal\/intelectuales-de-america-latina-cierran-filas-con-cuba-ante-amenazas-de-trump-la-jornada\/","title":{"rendered":"Intelectuales de Am\u00e9rica Latina cierran filas con Cuba ante amenazas de Trump | La Jornada"},"content":{"rendered":"\n<figure class=\"wp-block-image size-large\"><img fetchpriority=\"high\" decoding=\"async\" width=\"1024\" height=\"682\" src=\"https:\/\/losperiodistas.com.mx\/portal\/wp-content\/uploads\/2026\/05\/Intelectuales-de-AL-cierran-filas-con-cuba-1024x682.png\" alt=\"\" class=\"wp-image-121519\" srcset=\"https:\/\/losperiodistas.com.mx\/portal\/wp-content\/uploads\/2026\/05\/Intelectuales-de-AL-cierran-filas-con-cuba-1024x682.png 1024w, https:\/\/losperiodistas.com.mx\/portal\/wp-content\/uploads\/2026\/05\/Intelectuales-de-AL-cierran-filas-con-cuba-300x200.png 300w, https:\/\/losperiodistas.com.mx\/portal\/wp-content\/uploads\/2026\/05\/Intelectuales-de-AL-cierran-filas-con-cuba-768x512.png 768w, https:\/\/losperiodistas.com.mx\/portal\/wp-content\/uploads\/2026\/05\/Intelectuales-de-AL-cierran-filas-con-cuba.png 1193w\" sizes=\"(max-width: 1024px) 100vw, 1024px\" \/><figcaption class=\"wp-element-caption\">Una bandera nacional cubana ondea mientras personas participan en el acto central de las celebraciones por el D\u00ed\u00ada Internacional de los Trabajadores encabezado por el presidente cubano, Miguel D\u00ed\u00adaz-Canel, en la Tribuna Antiimperialista, en La Habana. Foto Xinhua<\/figcaption><\/figure>\n\n\n\n<p class=\"has-vivid-red-color has-text-color has-link-color wp-elements-d8ace0577df33144c006bfd7901140d9\">Redacci\u00f3n \/ La Jornada<\/p>\n\n\n\n<p>El Grupo de Reflexi\u00f3n de Am\u00e9rica Latina y el Caribe (GRALyC) rechaz\u00f3 categ\u00f3ricamente las amenazas del presidente de Estados Unidos, Donald Trump contra Cuba, un pa\u00eds \u201cejemplo de resistencia, dignidad y \u00e9tico-moral para todo el mundo\u201d.&nbsp;<\/p>\n\n\n\n<p>El pronunciamiento del GRALyC fue compartido en redes sociales por el embajador de Cuba en M\u00e9xico, Eugenio Mart\u00ednez, quien acompa\u00f1\u00f3 el mensaje con el hashtag #CubaNoEst\u00e1Sola.\u00a0<\/p>\n\n\n\n<p>Luego de que Trump redobl\u00f3 el viernes pasado sus sanciones contra la isla y realiz\u00f3 nuevas amenazas al asegurar que \u201ctomar\u00e1 Cuba casi inmediatamente\u201d despu\u00e9s de terminar su campa\u00f1a en Ir\u00e1n, el grupo -conformado por intelectuales, ex funcionarios y acad\u00e9micos de diversos pa\u00edses- enfatiz\u00f3 que \u201cno es el momento para reacciones tibias, estamos interpelados por la historia a corresponder a las luminosas lecciones de internacionalismo y solidaridad que nos ha brindado la revoluci\u00f3n cubana\u201d.\u00a0<\/p>\n\n\n\n<p>En el documento, expuso que \u00ablos comprometidos por la paz regional y mundial, que no se reducen al campo de la izquierda y el progresismo, deben contribuir desde las iniciativas que consideren convenientes, a construir ya mismo un poderoso muro \u00e9tico y moral contra la guerra\u201d.<\/p>\n\n\n\n<p>Subray\u00f3 que la isla no representa una amenaza a la seguridad nacional estadunidense, y se\u00f1al\u00f3 que una eventual acci\u00f3n \u201ccobarde\u00bb de ese pa\u00eds \u201cprovocar\u00e1 la muerte de miles de personas y centenares de militares norteamericanos&nbsp; si pretenden poner sus botas en suelo cubano. Los que hemos aprendido de las luchas antiimperialistas no seremos c\u00f3mplices del anunciado acto criminal de Trump\u201d.<\/p>\n\n\n\n<p>Resalt\u00f3 que la inmensa mayor\u00eda del pueblo, \u201ctal como se ha demostrado hasta ahora, defender\u00e1 su soberan\u00eda en cada metro de su territorio. El argumento de Trump no corresponde a la verdad hist\u00f3rica, pues la Mayor de las Antillas s\u00f3lo espera que la dejen vivir en paz y en el sistema pol\u00edtico adoptado por su pueblo\u201d.<\/p>\n\n\n\n<p>El GRALyC indic\u00f3 que la \u201canunciada \u2018toma de Cuba\u2019 no revertir\u00e1 la inevitable derrota electoral de Trump y los republicanos en las elecciones de medio t\u00e9rmino en noviembre\u201d.&nbsp;<\/p>\n\n\n\n<p>El viernes pasado, despu\u00e9s de la movilizaci\u00f3n en la isla por el D\u00eda del Trabajo, Trump anunci\u00f3 las nueva sanciones econ\u00f3micas, tras afirmar que \u201csigue representando una amenaza extraordinaria para la seguridad del pa\u00eds\u201d, al tiempo que advirti\u00f3 que \u201cluego de acabar con Ir\u00e1n\u201d har\u00e1 que el portaviones&nbsp;<em>Abraham Lincoln \u201c<\/em>se detenga a 100 metros de la costa cubana\u201d.<\/p>\n\n\n\n<p>Fuente: <a href=\"https:\/\/www.jornada.com.mx\/noticia\/2026\/05\/02\/politica\/intelectuales-de-america-latina-cierran-filas-con-cuba-ante-amenazas-de-trump\" target=\"_blank\" rel=\"noreferrer noopener\">La Jornada<\/a><\/p>\n","protected":false},"excerpt":{"rendered":"<p>Redacci\u00f3n \/ La Jornada El Grupo de Reflexi\u00f3n de Am\u00e9rica Latina y el Caribe (GRALyC) rechaz\u00f3 categ\u00f3ricamente las amenazas del [&hellip;]<\/p>\n","protected":false},"author":1,"featured_media":121519,"comment_status":"open","ping_status":"open","sticky":false,"template":"","format":"standard","meta":{"site-sidebar-layout":"default","site-content-layout":"","ast-site-content-layout":"default","site-content-style":"default","site-sidebar-style":"default","ast-global-header-display":"","ast-banner-title-visibility":"","ast-main-header-display":"","ast-hfb-above-header-display":"","ast-hfb-below-header-display":"","ast-hfb-mobile-header-display":"","site-post-title":"","ast-breadcrumbs-content":"","ast-featured-img":"","footer-sml-layout":"","theme-transparent-header-meta":"","adv-header-id-meta":"","stick-header-meta":"","header-above-stick-meta":"","header-main-stick-meta":"","header-below-stick-meta":"","astra-migrate-meta-layouts":"default","ast-page-background-enabled":"default","ast-page-background-meta":{"desktop":{"background-color":"var(--ast-global-color-4)","background-image":"","background-repeat":"repeat","background-position":"center center","background-size":"auto","background-attachment":"scroll","background-type":"","background-media":"","overlay-type":"","overlay-color":"","overlay-opacity":"","overlay-gradient":""},"tablet":{"background-color":"","background-image":"","background-repeat":"repeat","background-position":"center center","background-size":"auto","background-attachment":"scroll","background-type":"","background-media":"","overlay-type":"","overlay-color":"","overlay-opacity":"","overlay-gradient":""},"mobile":{"background-color":"","background-image":"","background-repeat":"repeat","background-position":"center center","background-size":"auto","background-attachment":"scroll","background-type":"","background-media":"","overlay-type":"","overlay-color":"","overlay-opacity":"","overlay-gradient":""}},"ast-content-background-meta":{"desktop":{"background-color":"var(--ast-global-color-5)","background-image":"","background-repeat":"repeat","background-position":"center center","background-size":"auto","background-attachment":"scroll","background-type":"","background-media":"","overlay-type":"","overlay-color":"","overlay-opacity":"","overlay-gradient":""},"tablet":{"background-color":"var(--ast-global-color-5)","background-image":"","background-repeat":"repeat","background-position":"center center","background-size":"auto","background-attachment":"scroll","background-type":"","background-media":"","overlay-type":"","overlay-color":"","overlay-opacity":"","overlay-gradient":""},"mobile":{"background-color":"var(--ast-global-color-5)","background-image":"","background-repeat":"repeat","background-position":"center center","background-size":"auto","background-attachment":"scroll","background-type":"","background-media":"","overlay-type":"","overlay-color":"","overlay-opacity":"","overlay-gradient":""}},"footnotes":""},"categories":[8],"tags":[26811,2844,48783,48782,10989],"class_list":["post-121518","post","type-post","status-publish","format-standard","has-post-thumbnail","hentry","category-noticias","tag-caribe","tag-cuba","tag-gralyc","tag-intelectuales-de-america-latina","tag-trump"],"_links":{"self":[{"href":"https:\/\/losperiodistas.com.mx\/portal\/wp-json\/wp\/v2\/posts\/121518","targetHints":{"allow":["GET"]}}],"collection":[{"href":"https:\/\/losperiodistas.com.mx\/portal\/wp-json\/wp\/v2\/posts"}],"about":[{"href":"https:\/\/losperiodistas.com.mx\/portal\/wp-json\/wp\/v2\/types\/post"}],"author":[{"embeddable":true,"href":"https:\/\/losperiodistas.com.mx\/portal\/wp-json\/wp\/v2\/users\/1"}],"replies":[{"embeddable":true,"href":"https:\/\/losperiodistas.com.mx\/portal\/wp-json\/wp\/v2\/comments?post=121518"}],"version-history":[{"count":1,"href":"https:\/\/losperiodistas.com.mx\/portal\/wp-json\/wp\/v2\/posts\/121518\/revisions"}],"predecessor-version":[{"id":121520,"href":"https:\/\/losperiodistas.com.mx\/portal\/wp-json\/wp\/v2\/posts\/121518\/revisions\/121520"}],"wp:featuredmedia":[{"embeddable":true,"href":"https:\/\/losperiodistas.com.mx\/portal\/wp-json\/wp\/v2\/media\/121519"}],"wp:attachment":[{"href":"https:\/\/losperiodistas.com.mx\/portal\/wp-json\/wp\/v2\/media?parent=121518"}],"wp:term":[{"taxonomy":"category","embeddable":true,"href":"https:\/\/losperiodistas.com.mx\/portal\/wp-json\/wp\/v2\/categories?post=121518"},{"taxonomy":"post_tag","embeddable":true,"href":"https:\/\/losperiodistas.com.mx\/portal\/wp-json\/wp\/v2\/tags?post=121518"}],"curies":[{"name":"wp","href":"https:\/\/api.w.org\/{rel}","templated":true}]}}