{"id":121515,"date":"2026-05-02T10:31:43","date_gmt":"2026-05-02T16:31:43","guid":{"rendered":"https:\/\/losperiodistas.com.mx\/portal\/?p=121515"},"modified":"2026-05-02T10:31:44","modified_gmt":"2026-05-02T16:31:44","slug":"el-mensaje-oculto-de-carlos-iii-a-trump-en-ee-uu-nyt","status":"publish","type":"post","link":"https:\/\/losperiodistas.com.mx\/portal\/el-mensaje-oculto-de-carlos-iii-a-trump-en-ee-uu-nyt\/","title":{"rendered":"El mensaje oculto de Carlos III a Trump en EE. UU. | NYT"},"content":{"rendered":"\n<p class=\"has-medium-font-size\" id=\"article-summary\">Analistas en Reino Unido interpretan la visita como un ejercicio de cr\u00edtica indirecta, cargada de iron\u00eda y cortes\u00eda real.<\/p>\n\n\n\n<figure class=\"wp-block-image size-large\"><img fetchpriority=\"high\" decoding=\"async\" width=\"1024\" height=\"683\" src=\"https:\/\/losperiodistas.com.mx\/portal\/wp-content\/uploads\/2026\/05\/30int-uk-charles-trump-01-qwcf-superJumbo-1024x683.jpeg\" alt=\"\" class=\"wp-image-121516\" srcset=\"https:\/\/losperiodistas.com.mx\/portal\/wp-content\/uploads\/2026\/05\/30int-uk-charles-trump-01-qwcf-superJumbo-1024x683.jpeg 1024w, https:\/\/losperiodistas.com.mx\/portal\/wp-content\/uploads\/2026\/05\/30int-uk-charles-trump-01-qwcf-superJumbo-300x200.jpeg 300w, https:\/\/losperiodistas.com.mx\/portal\/wp-content\/uploads\/2026\/05\/30int-uk-charles-trump-01-qwcf-superJumbo-768x512.jpeg 768w, https:\/\/losperiodistas.com.mx\/portal\/wp-content\/uploads\/2026\/05\/30int-uk-charles-trump-01-qwcf-superJumbo-1536x1024.jpeg 1536w, https:\/\/losperiodistas.com.mx\/portal\/wp-content\/uploads\/2026\/05\/30int-uk-charles-trump-01-qwcf-superJumbo.jpeg 2048w\" sizes=\"(max-width: 1024px) 100vw, 1024px\" \/><figcaption class=\"wp-element-caption\">El presidente Trump con el rey Carlos III en la Casa Blanca el martes. Credit&#8230;Kenny Holston\/The New York Times<\/figcaption><\/figure>\n\n\n\n<p class=\"has-medium-font-size\"><strong>Por\u00a0<a href=\"https:\/\/www.nytimes.com\/by\/michael-d-shear\">Michael D. Shear<\/a> \/ The New York Times<\/strong><\/p>\n\n\n\n<p class=\"has-small-font-size\">Michael Shear es el jefe de la corresponsal\u00eda del Times en Reino Unido y pas\u00f3 los \u00faltimos cuatro d\u00edas siguiendo al rey Carlos III en su visita a Estados Unidos.<\/p>\n\n\n\n<p><\/p>\n\n\n\n<p><a href=\"https:\/\/www.nytimes.com\/2026\/04\/30\/world\/europe\/king-charles-visit-trump-messages.html\">Read in English<\/a><\/p>\n\n\n\n<p>Llegaron las rese\u00f1as: la prensa brit\u00e1nica afirma que el rey Carlos III lanz\u00f3 esta semana una magistral reprimenda diplom\u00e1tica al presidente Donald Trump, al m\u00e1s puro estilo cort\u00e9s de la realeza.<\/p>\n\n\n\n<p>\u201cEl Rey dice verdades duras\u201d,&nbsp;<a href=\"https:\/\/www.dailymail.com\/news\/royals\/article-15772361\/King-Charles-state-visit-Congress-speech-Donald-Trump.html\" rel=\"noreferrer noopener\" target=\"_blank\">dec\u00eda un titular<\/a>&nbsp;del Daily Mail, elogi\u00e1ndolo por instar a Estados Unidos a defender a la OTAN y a Ucrania. Un periodista de The Sun&nbsp;<a href=\"https:\/\/x.com\/MrHarryCole\/status\/2049177898343411894\" rel=\"noreferrer noopener\" target=\"_blank\">lo llam\u00f3<\/a>&nbsp;\u201cel diplom\u00e1tico n\u00famero uno de Reino Unido\u201d. The Independent&nbsp;<a href=\"https:\/\/www.independent.co.uk\/voices\/king-charles-donald-trump-speech-congress-b2967052.html\" rel=\"noreferrer noopener\" target=\"_blank\">dijo que<\/a>&nbsp;Carlos reprendi\u00f3 a Trump con una \u201ccombinaci\u00f3n de elocuencia y br\u00edo\u201d, hablando en \u201ct\u00e9rminos tan matizados y sofisticados que ni siquiera Trump y sus vol\u00e1tiles partidarios pudieron ofenderse\u201d. The New Statesman dijo que era \u201cpol\u00edtica envuelta en tonos regios\u201d.<\/p>\n\n\n\n<p>Para muchos estadounidenses, las aristas afiladas del mensaje del rey, aparentemente lleno de tacto, pueden no haber sido evidentes. E incluso Trump pareci\u00f3 no darse cuenta de que Carlos lo estaba reprendiendo con delicadeza. Tras despedirse de la pareja real el jueves por la ma\u00f1ana, el presidente se dirigi\u00f3 a los periodistas y dijo: \u201cGrandes personas. Necesitamos m\u00e1s gente as\u00ed en nuestro pa\u00eds\u201d.<\/p>\n\n\n\n<p>El rey es, por supuesto, brit\u00e1nico, y como sus compatriotas, es bien conocido que puede ser indirecto. Los estadounidenses que esperaban declaraciones tajantes o evidentes siempre iban a sentirse decepcionados.<\/p>\n\n\n\n<p>La monarqu\u00eda constitucional brit\u00e1nica exige,&nbsp;<a href=\"https:\/\/www.royal.uk\/audiences\" rel=\"noreferrer noopener\" target=\"_blank\">como dice el Palacio de Buckingham<\/a>, que el rey se mantenga \u201cpol\u00edticamente neutral en todos los asuntos\u201d, incluso, presumiblemente, al interactuar con el vol\u00e1til l\u00edder de uno de los aliados m\u00e1s cercanos del pa\u00eds.<\/p>\n\n\n\n<figure class=\"wp-block-image\"><img decoding=\"async\" src=\"https:\/\/static01.nyt.com\/images\/2026\/04\/30\/espanol\/30int-uk-charles-trump-02-qwcf-ES-copy1\/30int-uk-charles-trump-02-qwcf-articleLarge.jpg?quality=75&amp;auto=webp&amp;disable=upscale\" alt=\"Carlos y Trump caminan por una alfombra roja entre soldados vestidos con uniformes que parecen de la \u00e9poca de la Guerra de Independencia.\"\/><figcaption class=\"wp-element-caption\">Carlos cautiv\u00f3 a Trump con una mesurada mezcla de diplomacia y humor.Credit&#8230;Kenny Holston\/The New York Times<\/figcaption><\/figure>\n\n\n\n<p>Pero los ciudadanos de la mancomunidad del rey ya est\u00e1n acostumbrados a leer entre l\u00edneas, en busca de gestos simb\u00f3licos o cr\u00edticas punzantes envueltas en humor ir\u00f3nico y evasivas ambiguas.<\/p>\n\n\n\n<p>Al fin y al cabo, Carlos es hijo de la reina Isabel II, quien en 2017 luci\u00f3 un famoso&nbsp;<a href=\"https:\/\/www.bbc.co.uk\/news\/blogs-trending-40356113\" rel=\"noreferrer noopener\" target=\"_blank\">sombrero azul con flores amarillas<\/a>&nbsp;\u2014los colores de la bandera de la Uni\u00f3n Europea\u2014 para inaugurar el Parlamento un a\u00f1o despu\u00e9s del refer\u00e9ndum del Brexit, lo que para muchos sugiri\u00f3 que expresaba simpat\u00eda por la causa europea en sentido amplio. Y el a\u00f1o pasado, el rey llev\u00f3&nbsp;<a href=\"https:\/\/www.newsweek.com\/king-charles-secret-signal-donald-trump-military-honors-2040366\" rel=\"noreferrer noopener\" target=\"_blank\">condecoraciones militares canadienses<\/a>&nbsp;en su uniforme poco despu\u00e9s de que Trump comenzara a amenazar con convertir al pa\u00eds en el estado n\u00famero 51 de Estados Unidos.<\/p>\n\n\n\n<p>Por supuesto, nadie puede meterse realmente en la cabeza del rey, y expresarse de forma oblicua puede ofrecer un grado de negaci\u00f3n plausible. Pero cualquiera que conozca m\u00ednimamente los valores y las causas que Carlos defend\u00eda cuando era pr\u00edncipe de Gales \u2014ambientalismo, pluralismo religioso, tolerancia y multiculturalismo\u2013 podr\u00eda intuir sus probables diferencias ideol\u00f3gicas con el presidente. La cuesti\u00f3n antes del viaje era si aflorar\u00eda alg\u00fan indicio de conflicto, o si permanecer\u00eda sumergido en cortes\u00edas diplom\u00e1ticas.<\/p>\n\n\n\n<p>Para muchos observadores brit\u00e1nicos, los discursos p\u00fablicos del rey esta semana \u2014mensajes deliberados, cuidadosamente elaborados con la ayuda de diplom\u00e1ticos y otros funcionarios del gobierno\u2014 fueron mucho m\u00e1s contundentes de lo esperado y, en varios momentos, contradijeron directamente las pol\u00edticas de Trump y el enfoque de su administraci\u00f3n hacia el mundo.<\/p>\n\n\n\n<p>Hubo esfuerzos innegables durante el&nbsp;<a href=\"https:\/\/apnews.com\/article\/king-charles-iii-us-congress-speech-9ff638ae63a41289dbd9ebfbb550e40e\" rel=\"noreferrer noopener\" target=\"_blank\">discurso del rey ante el Congreso<\/a>&nbsp;por contrarrestar los ataques del presidente al primer ministro Keir Starmer (\u201cComo dijo mi primer ministro el mes pasado: \u2018La nuestra es una alianza indispensable\u2019\u201d, afirm\u00f3 Carlos), as\u00ed como comentarios en defensa de la OTAN y de la necesidad de un Estado de derecho \u201cestable y accesible\u201d.<\/p>\n\n\n\n<figure class=\"wp-block-image\"><img decoding=\"async\" src=\"https:\/\/static01.nyt.com\/images\/2026\/04\/30\/espanol\/30int-uk-charles-trump-04-qwcf-ES-copy1\/30int-uk-charles-trump-04-qwcf-articleLarge.jpg?quality=75&amp;auto=webp&amp;disable=upscale\" alt=\"Charles y Trump caminan por un c\u00e9sped.\"\/><figcaption class=\"wp-element-caption\">Cualquiera familiarizado con las causas que Carlos defend\u00eda como pr\u00edncipe de Gales podr\u00eda inferir sus diferencias ideol\u00f3gicas con Trump.Credit&#8230;Anna Rose Layden para The New York Times<\/figcaption><\/figure>\n\n\n\n<p>Hubo un llamamiento a una \u201cdeterminaci\u00f3n inquebrantable\u201d en la defensa de Ucrania. El momento en que el rey relat\u00f3 su propio y orgulloso servicio en la Marina Real como r\u00e9plica a que el presidente llamara \u201cjuguetes\u201d a los barcos brit\u00e1nicos. Y la parte sobre una \u201cresponsabilidad compartida de proteger la naturaleza\u201d, dirigida a un presidente que ha desmantelado las regulaciones ambientales.<\/p>\n\n\n\n<p>Todo ello con el ingenio seco y el ingl\u00e9s aristocr\u00e1tico del rey; de hecho, dijo \u201cby Jove!\u201d en sus declaraciones en el Capitolio e intent\u00f3 hacer una referencia cultural de Hollywood al llamar a los padres fundadores de Estados Unidos \u201crebeldes con causa\u201d.<\/p>\n\n\n\n<p>Tambi\u00e9n estuvo el chiste de que los brit\u00e1nicos tienen todo en com\u00fan con Estados Unidos \u201cexcepto, por supuesto, el idioma\u201d. Y el momento en que el rey brome\u00f3 sobre el nuevo sal\u00f3n de baile de la Casa Blanca de Trump, aludiendo al \u201cpeque\u00f1o intento de remodelaci\u00f3n inmobiliaria de la Casa Blanca en 1814\u201d, una referencia p\u00edcara a cuando los brit\u00e1nicos incendiaron el edificio<\/p>\n\n\n\n<p>\u201cUsted coment\u00f3 recientemente, se\u00f1or presidente, que si no fuera por Estados Unidos, los pa\u00edses europeos estar\u00edan hablando alem\u00e1n\u201d, brome\u00f3 el rey durante su brindis en la cena de Estado. \u201cMe atrever\u00eda a decir que, si no fuera por nosotros, usted estar\u00eda hablando franc\u00e9s\u201d.<\/p>\n\n\n\n<p>El planteamiento podr\u00eda haber sido arriesgado, porque Trump es muy susceptible y casi nunca hace bromas sobre s\u00ed mismo. Pero el humor parece haber cautivado, no enfurecido, al presidente. El jueves por la tarde, anunci\u00f3 en su cuenta de las redes sociales que eliminaba un arancel al whisky escoc\u00e9s, diciendo que \u201cel rey y la reina lograron que hiciera algo que nadie m\u00e1s hab\u00eda podido conseguir, sin apenas ped\u00edrmelo\u201d.<\/p>\n\n\n\n<p>Hay pocos lugares donde las palabras del rey se analicen con mayor detalle que en las redacciones brit\u00e1nicas, donde un grupo de periodistas est\u00e1 dedicado exclusivamente a cubrir a la familia real.<\/p>\n\n\n\n<p>El peri\u00f3dico The Sun contrat\u00f3 a un lector de labios para intentar averiguar&nbsp;<a href=\"https:\/\/www.the-sun.com\/royals\/16289933\/lipreader-trump-joked-are-you-drunk-king\/\" rel=\"noreferrer noopener\" target=\"_blank\">qu\u00e9 podr\u00edan haberse dicho los dos hombres<\/a>. (\u00bfLa conclusi\u00f3n? Supuestamente, Trump le pregunt\u00f3 al rey: \u201c\u00bfEst\u00e1 usted borracho?\u201d) Para no quedarse atr\u00e1s, The Mirror contact\u00f3 a un experto en lenguaje corporal para&nbsp;<a href=\"https:\/\/www.mirror.co.uk\/news\/royals\/king-charles-trump-body-language-37078625\" rel=\"noreferrer noopener\" target=\"_blank\">descifrar la din\u00e1mica<\/a>&nbsp;entre el rey y el presidente. (Esa persona concluy\u00f3 que Carlos parec\u00eda nervioso a su llegada a la Casa Blanca: \u201cSea lo que sea que est\u00e9 pasando por su mente, se est\u00e1 diciendo a s\u00ed mismo que todo est\u00e1 bien, que todo ir\u00e1 bien, que se calme\u201d, sugiri\u00f3).<\/p>\n\n\n\n<figure class=\"wp-block-image\"><img decoding=\"async\" src=\"https:\/\/static01.nyt.com\/images\/2026\/04\/30\/espanol\/30int-uk-charles-trump-05-qwcf-ES-copy1\/30int-uk-charles-trump-05-qwcf-articleLarge.jpg?quality=75&amp;auto=webp&amp;disable=upscale\" alt=\"Un cielo oscuro y nublado se cierne sobre personas en silueta en un escenario. Una persona saluda mientras una bandera estadounidense ondea en un alto m\u00e1stil.\"\/><figcaption class=\"wp-element-caption\">Los peri\u00f3dicos brit\u00e1nicos recurrieron a lectores de labios y expertos en lenguaje corporal para descifrar los intercambios entre el rey y el presidente.Credit&#8230;Kenny Holston\/The New York Times<\/figcaption><\/figure>\n\n\n\n<p>En internet, un ej\u00e9rcito virtual de detectives aficionados a la realeza ha estado publicando videos que muestran las interacciones entre el rey y el presidente durante los \u00faltimos d\u00edas.<\/p>\n\n\n\n<p>En Instagram, alguien subi\u00f3 un clip breve de la expresi\u00f3n del rey cuando el presidente ironiz\u00f3 con la idea de su madre de que \u201cel peque\u00f1o Carlos\u201d era \u201ctan tierno\u201d. Carlos esboza una sonrisa algo inc\u00f3moda y hace un gesto de saludo real con la mano derecha.<\/p>\n\n\n\n<p>Varias personas a las que no parec\u00eda gustarles mucho Trump publicaron un video del momento en que el presidente pas\u00f3 por delante de la reina Camilla y empez\u00f3 a estrechar la mano a la gente de la multitud reunida en el jard\u00edn sur de la Casa Blanca.<\/p>\n\n\n\n<p>Como muchos observaron, hubo un par de pasos en falso de la realeza: se supone que no se debe pasar por delante de la reina de esa manera. Adem\u00e1s, Trump impidi\u00f3 que el rey estrechara la mano de la multitud.<\/p>\n\n\n\n<p>Al hacer zoom en el video para ver las expresiones del rey y la reina se ven caras de p\u00f3quer perfectas, que no traicionan lo que pudieran estar pensando. Algo para lo que Carlos, en particular, ha sido entrenado toda su vida.<\/p>\n\n\n\n<p>\u201cEl monarca, en su papel, es muy cuidadoso a la hora de revelar su posici\u00f3n particular\u201d, dijo Arianne Chernock, historiadora de la Universidad de Boston. \u201cEl monarca, y su familia por extensi\u00f3n, son siempre una pantalla en la que proyectamos nuestras creencias\u201d.<\/p>\n\n\n\n<p>Fuente: <a href=\"https:\/\/www.nytimes.com\/es\/2026\/05\/02\/espanol\/mundo\/carlos-trump-visita.html\">https:\/\/www.nytimes.com\/es\/2026\/05\/02\/espanol\/mundo\/carlos-trump-visita.html<\/a><\/p>\n","protected":false},"excerpt":{"rendered":"<p>Analistas en Reino Unido interpretan la visita como un ejercicio de cr\u00edtica indirecta, cargada de iron\u00eda y cortes\u00eda real. Por\u00a0Michael [&hellip;]<\/p>\n","protected":false},"author":1,"featured_media":121516,"comment_status":"open","ping_status":"open","sticky":false,"template":"","format":"standard","meta":{"site-sidebar-layout":"default","site-content-layout":"","ast-site-content-layout":"default","site-content-style":"default","site-sidebar-style":"default","ast-global-header-display":"","ast-banner-title-visibility":"","ast-main-header-display":"","ast-hfb-above-header-display":"","ast-hfb-below-header-display":"","ast-hfb-mobile-header-display":"","site-post-title":"","ast-breadcrumbs-content":"","ast-featured-img":"","footer-sml-layout":"","theme-transparent-header-meta":"","adv-header-id-meta":"","stick-header-meta":"","header-above-stick-meta":"","header-main-stick-meta":"","header-below-stick-meta":"","astra-migrate-meta-layouts":"default","ast-page-background-enabled":"default","ast-page-background-meta":{"desktop":{"background-color":"var(--ast-global-color-4)","background-image":"","background-repeat":"repeat","background-position":"center center","background-size":"auto","background-attachment":"scroll","background-type":"","background-media":"","overlay-type":"","overlay-color":"","overlay-opacity":"","overlay-gradient":""},"tablet":{"background-color":"","background-image":"","background-repeat":"repeat","background-position":"center center","background-size":"auto","background-attachment":"scroll","background-type":"","background-media":"","overlay-type":"","overlay-color":"","overlay-opacity":"","overlay-gradient":""},"mobile":{"background-color":"","background-image":"","background-repeat":"repeat","background-position":"center center","background-size":"auto","background-attachment":"scroll","background-type":"","background-media":"","overlay-type":"","overlay-color":"","overlay-opacity":"","overlay-gradient":""}},"ast-content-background-meta":{"desktop":{"background-color":"var(--ast-global-color-5)","background-image":"","background-repeat":"repeat","background-position":"center center","background-size":"auto","background-attachment":"scroll","background-type":"","background-media":"","overlay-type":"","overlay-color":"","overlay-opacity":"","overlay-gradient":""},"tablet":{"background-color":"var(--ast-global-color-5)","background-image":"","background-repeat":"repeat","background-position":"center center","background-size":"auto","background-attachment":"scroll","background-type":"","background-media":"","overlay-type":"","overlay-color":"","overlay-opacity":"","overlay-gradient":""},"mobile":{"background-color":"var(--ast-global-color-5)","background-image":"","background-repeat":"repeat","background-position":"center center","background-size":"auto","background-attachment":"scroll","background-type":"","background-media":"","overlay-type":"","overlay-color":"","overlay-opacity":"","overlay-gradient":""}},"footnotes":""},"categories":[8],"tags":[48781],"class_list":["post-121515","post","type-post","status-publish","format-standard","has-post-thumbnail","hentry","category-noticias","tag-rey-carlos-iii-y-trump"],"_links":{"self":[{"href":"https:\/\/losperiodistas.com.mx\/portal\/wp-json\/wp\/v2\/posts\/121515","targetHints":{"allow":["GET"]}}],"collection":[{"href":"https:\/\/losperiodistas.com.mx\/portal\/wp-json\/wp\/v2\/posts"}],"about":[{"href":"https:\/\/losperiodistas.com.mx\/portal\/wp-json\/wp\/v2\/types\/post"}],"author":[{"embeddable":true,"href":"https:\/\/losperiodistas.com.mx\/portal\/wp-json\/wp\/v2\/users\/1"}],"replies":[{"embeddable":true,"href":"https:\/\/losperiodistas.com.mx\/portal\/wp-json\/wp\/v2\/comments?post=121515"}],"version-history":[{"count":1,"href":"https:\/\/losperiodistas.com.mx\/portal\/wp-json\/wp\/v2\/posts\/121515\/revisions"}],"predecessor-version":[{"id":121517,"href":"https:\/\/losperiodistas.com.mx\/portal\/wp-json\/wp\/v2\/posts\/121515\/revisions\/121517"}],"wp:featuredmedia":[{"embeddable":true,"href":"https:\/\/losperiodistas.com.mx\/portal\/wp-json\/wp\/v2\/media\/121516"}],"wp:attachment":[{"href":"https:\/\/losperiodistas.com.mx\/portal\/wp-json\/wp\/v2\/media?parent=121515"}],"wp:term":[{"taxonomy":"category","embeddable":true,"href":"https:\/\/losperiodistas.com.mx\/portal\/wp-json\/wp\/v2\/categories?post=121515"},{"taxonomy":"post_tag","embeddable":true,"href":"https:\/\/losperiodistas.com.mx\/portal\/wp-json\/wp\/v2\/tags?post=121515"}],"curies":[{"name":"wp","href":"https:\/\/api.w.org\/{rel}","templated":true}]}}