{"id":12151,"date":"2021-08-25T18:12:07","date_gmt":"2021-08-25T23:12:07","guid":{"rendered":"http:\/\/losperiodistas.com.mx\/portal\/?p=12151"},"modified":"2021-08-25T18:22:13","modified_gmt":"2021-08-25T23:22:13","slug":"miercoles-negro-mexico-registra-986-muertes-la-cifra-mas-alta-de-tercera-ola-covid-el-financiero","status":"publish","type":"post","link":"https:\/\/losperiodistas.com.mx\/portal\/miercoles-negro-mexico-registra-986-muertes-la-cifra-mas-alta-de-tercera-ola-covid-el-financiero\/","title":{"rendered":"Mi\u00e9rcoles \u2018negro\u2019: M\u00e9xico registra 986 muertes, la cifra m\u00e1s alta de tercera ola COVID | El Financiero"},"content":{"rendered":"\n<p style=\"font-size:18px\"><em>Los casos activos estimados, es decir, que presentaron s\u00edntomas los \u00faltimos 14 d\u00edas, son 129 mil 251.<\/em><\/p>\n\n\n\n<p><\/p>\n\n\n\n<figure class=\"wp-block-image size-large\"><img fetchpriority=\"high\" decoding=\"async\" width=\"1024\" height=\"684\" src=\"https:\/\/losperiodistas.com.mx\/portal\/wp-content\/uploads\/2021\/08\/Captura-de-Pantalla-2021-08-25-a-las-18.09.57-1024x684.jpg\" alt=\"\" class=\"wp-image-12152\" srcset=\"https:\/\/losperiodistas.com.mx\/portal\/wp-content\/uploads\/2021\/08\/Captura-de-Pantalla-2021-08-25-a-las-18.09.57-1024x684.jpg 1024w, https:\/\/losperiodistas.com.mx\/portal\/wp-content\/uploads\/2021\/08\/Captura-de-Pantalla-2021-08-25-a-las-18.09.57-300x200.jpg 300w, https:\/\/losperiodistas.com.mx\/portal\/wp-content\/uploads\/2021\/08\/Captura-de-Pantalla-2021-08-25-a-las-18.09.57-768x513.jpg 768w, https:\/\/losperiodistas.com.mx\/portal\/wp-content\/uploads\/2021\/08\/Captura-de-Pantalla-2021-08-25-a-las-18.09.57-1536x1026.jpg 1536w, https:\/\/losperiodistas.com.mx\/portal\/wp-content\/uploads\/2021\/08\/Captura-de-Pantalla-2021-08-25-a-las-18.09.57.jpg 1830w\" sizes=\"(max-width: 1024px) 100vw, 1024px\" \/><figcaption>La tercera ola COVID super\u00f3 en intensidad de contagios a la segunda.\u00a0(Cuartoscuro)<\/figcaption><\/figure>\n\n\n\n<p><a href=\"https:\/\/losperiodistas.com.mx\/portal\/wp-admin\/edit.php?post_type=post\"><\/a><\/p>\n\n\n\n<p class=\"has-vivid-cyan-blue-color has-text-color has-medium-font-size\">REDACCI\u00d3N EL FINANCIERO<\/p>\n\n\n\n<p>Las muertes por COVID-19 en M\u00e9xico ascendieron a 255 mil 452, mientras que los casos confirmados llegaron a 3 millones 271 mil 128.<\/p>\n\n\n\n<p>Por lo tanto, en las \u00faltimas 24 horas se registraron 21 mil 250 casos nuevos y 986 nuevas muertes, lo cual es la cifra de decesos m\u00e1s alta en toda la tercera ola de COVID.<\/p>\n\n\n\n<p>Los casos activos estimados, es decir, que presentaron s\u00edntomas los \u00faltimos 14 d\u00edas, son 129 mil 251.<\/p>\n\n\n\n<p>La ocupaci\u00f3n hospitalaria de camas generales en territorio nacional es del 54 por ciento, mientras que la de camas con ventilador es del 47 por ciento.<\/p>\n\n\n\n<p>Las principales comorbilidades de COVID en el pa\u00eds son la obesidad, la diabetes, la hipertensi\u00f3n y el tabaquismo.<\/p>\n\n\n\n<p>A nivel mundial hay 213 millones 735 mil 492 casos, as\u00ed como 4 millones 460 mil 688 fallecimientos a causa de la enfermedad.<\/p>\n\n\n\n<p>Fuente: https:\/\/www.elfinanciero.com.mx\/salud\/2021\/08\/25\/miercoles-negro-mexico-registra-986-muertes-la-cifra-mas-alta-de-tercera-ola-covid\/<\/p>\n","protected":false},"excerpt":{"rendered":"<p>Los casos activos estimados, es decir, que presentaron s\u00edntomas los \u00faltimos 14 d\u00edas, son 129 mil 251. REDACCI\u00d3N EL FINANCIERO [&hellip;]<\/p>\n","protected":false},"author":1,"featured_media":12152,"comment_status":"open","ping_status":"open","sticky":false,"template":"","format":"standard","meta":{"site-sidebar-layout":"default","site-content-layout":"","ast-site-content-layout":"default","site-content-style":"default","site-sidebar-style":"default","ast-global-header-display":"","ast-banner-title-visibility":"","ast-main-header-display":"","ast-hfb-above-header-display":"","ast-hfb-below-header-display":"","ast-hfb-mobile-header-display":"","site-post-title":"","ast-breadcrumbs-content":"","ast-featured-img":"","footer-sml-layout":"","theme-transparent-header-meta":"","adv-header-id-meta":"","stick-header-meta":"","header-above-stick-meta":"","header-main-stick-meta":"","header-below-stick-meta":"","astra-migrate-meta-layouts":"default","ast-page-background-enabled":"default","ast-page-background-meta":{"desktop":{"background-color":"var(--ast-global-color-4)","background-image":"","background-repeat":"repeat","background-position":"center center","background-size":"auto","background-attachment":"scroll","background-type":"","background-media":"","overlay-type":"","overlay-color":"","overlay-opacity":"","overlay-gradient":""},"tablet":{"background-color":"","background-image":"","background-repeat":"repeat","background-position":"center center","background-size":"auto","background-attachment":"scroll","background-type":"","background-media":"","overlay-type":"","overlay-color":"","overlay-opacity":"","overlay-gradient":""},"mobile":{"background-color":"","background-image":"","background-repeat":"repeat","background-position":"center center","background-size":"auto","background-attachment":"scroll","background-type":"","background-media":"","overlay-type":"","overlay-color":"","overlay-opacity":"","overlay-gradient":""}},"ast-content-background-meta":{"desktop":{"background-color":"var(--ast-global-color-5)","background-image":"","background-repeat":"repeat","background-position":"center center","background-size":"auto","background-attachment":"scroll","background-type":"","background-media":"","overlay-type":"","overlay-color":"","overlay-opacity":"","overlay-gradient":""},"tablet":{"background-color":"var(--ast-global-color-5)","background-image":"","background-repeat":"repeat","background-position":"center center","background-size":"auto","background-attachment":"scroll","background-type":"","background-media":"","overlay-type":"","overlay-color":"","overlay-opacity":"","overlay-gradient":""},"mobile":{"background-color":"var(--ast-global-color-5)","background-image":"","background-repeat":"repeat","background-position":"center center","background-size":"auto","background-attachment":"scroll","background-type":"","background-media":"","overlay-type":"","overlay-color":"","overlay-opacity":"","overlay-gradient":""}},"footnotes":""},"categories":[8],"tags":[1536,3130],"class_list":["post-12151","post","type-post","status-publish","format-standard","has-post-thumbnail","hentry","category-noticias","tag-covid-19-mexico","tag-nuevo-record-covid-mexico"],"_links":{"self":[{"href":"https:\/\/losperiodistas.com.mx\/portal\/wp-json\/wp\/v2\/posts\/12151","targetHints":{"allow":["GET"]}}],"collection":[{"href":"https:\/\/losperiodistas.com.mx\/portal\/wp-json\/wp\/v2\/posts"}],"about":[{"href":"https:\/\/losperiodistas.com.mx\/portal\/wp-json\/wp\/v2\/types\/post"}],"author":[{"embeddable":true,"href":"https:\/\/losperiodistas.com.mx\/portal\/wp-json\/wp\/v2\/users\/1"}],"replies":[{"embeddable":true,"href":"https:\/\/losperiodistas.com.mx\/portal\/wp-json\/wp\/v2\/comments?post=12151"}],"version-history":[{"count":2,"href":"https:\/\/losperiodistas.com.mx\/portal\/wp-json\/wp\/v2\/posts\/12151\/revisions"}],"predecessor-version":[{"id":12154,"href":"https:\/\/losperiodistas.com.mx\/portal\/wp-json\/wp\/v2\/posts\/12151\/revisions\/12154"}],"wp:featuredmedia":[{"embeddable":true,"href":"https:\/\/losperiodistas.com.mx\/portal\/wp-json\/wp\/v2\/media\/12152"}],"wp:attachment":[{"href":"https:\/\/losperiodistas.com.mx\/portal\/wp-json\/wp\/v2\/media?parent=12151"}],"wp:term":[{"taxonomy":"category","embeddable":true,"href":"https:\/\/losperiodistas.com.mx\/portal\/wp-json\/wp\/v2\/categories?post=12151"},{"taxonomy":"post_tag","embeddable":true,"href":"https:\/\/losperiodistas.com.mx\/portal\/wp-json\/wp\/v2\/tags?post=12151"}],"curies":[{"name":"wp","href":"https:\/\/api.w.org\/{rel}","templated":true}]}}