{"id":121486,"date":"2026-05-01T20:24:55","date_gmt":"2026-05-02T02:24:55","guid":{"rendered":"https:\/\/losperiodistas.com.mx\/portal\/?p=121486"},"modified":"2026-05-01T20:24:56","modified_gmt":"2026-05-02T02:24:56","slug":"sin-triunfo-claro-trump-declara-concluida-la-guerra-con-iran-para-evitar-autorizacion-del-congreso-ef","status":"publish","type":"post","link":"https:\/\/losperiodistas.com.mx\/portal\/sin-triunfo-claro-trump-declara-concluida-la-guerra-con-iran-para-evitar-autorizacion-del-congreso-ef\/","title":{"rendered":"Sin triunfo claro: Trump declara \u2018concluida\u2019 la guerra con Ir\u00e1n para evitar autorizaci\u00f3n del Congreso | EF"},"content":{"rendered":"\n<p>Donald Trump declar\u00f3 concluida la guerra con Ir\u00e1n para frenar el debate sobre autorizaci\u00f3n del Congreso para mantener tropas en Oriente Medio.<\/p>\n\n\n\n<figure class=\"wp-block-image size-large\"><img fetchpriority=\"high\" decoding=\"async\" width=\"1024\" height=\"576\" src=\"https:\/\/losperiodistas.com.mx\/portal\/wp-content\/uploads\/2026\/05\/TrumpFinGuerra-1024x576.png\" alt=\"\" class=\"wp-image-121487\" srcset=\"https:\/\/losperiodistas.com.mx\/portal\/wp-content\/uploads\/2026\/05\/TrumpFinGuerra-1024x576.png 1024w, https:\/\/losperiodistas.com.mx\/portal\/wp-content\/uploads\/2026\/05\/TrumpFinGuerra-300x169.png 300w, https:\/\/losperiodistas.com.mx\/portal\/wp-content\/uploads\/2026\/05\/TrumpFinGuerra-768x432.png 768w, https:\/\/losperiodistas.com.mx\/portal\/wp-content\/uploads\/2026\/05\/TrumpFinGuerra.png 1358w\" sizes=\"(max-width: 1024px) 100vw, 1024px\" \/><figcaption class=\"wp-element-caption\">\u201cEl conflicto concluy\u00f3\u201d: Trump anuncia fin de la guerra con Ir\u00e1n para evitar debate en el Congreso. (EFE) <\/figcaption><\/figure>\n\n\n\n<p class=\"has-vivid-red-color has-text-color has-link-color wp-elements-ec1aec68ec65d673574e7f68ac157d9a\">Redacci\u00f3n \/ EF<\/p>\n\n\n\n<p>El presidente de Estados Unidos, Donald Trump, envi\u00f3 este viernes, d\u00eda en que finalizar\u00eda el plazo para solicitar permiso al Congreso para mantener tropas desplegadas en Medio Oriente, una carta a legisladores en la que asegura que la guerra con Ir\u00e1n \u201cconcluy\u00f3\u201d.<\/p>\n\n\n\n<p>El documento, obtenido por el diario <em>Pol\u00edtico<\/em>, busca cerrar el debate sobre la necesidad de que el Ejecutivo de <strong>Trump requiera aprobaci\u00f3n del Capitolio <\/strong>para la continuidad del operativo militar.<\/p>\n\n\n\n<p>\u201c<strong>No ha habido intercambio de fuego entre EU e Ir\u00e1n<\/strong> desde el 7 de abril de 2026\u201d, escribi\u00f3 Trump en la misiva, en referencia a la tregua que ambas partes declararon en esa fecha y que el republicano extendi\u00f3 de forma unilateral e indefinida la semana pasada.<\/p>\n\n\n\n<h2 class=\"wp-block-heading\">Trump busca evitar choque con el Congreso<\/h2>\n\n\n\n<p>El secretario de Guerra, <strong>Pete Hegseth<\/strong>, y el propio Trump sostuvieron en los \u00faltimos dos d\u00edas que el alto al fuego reinicia el conteo respecto al permiso que estipula la Ley de Poderes de Guerra.<\/p>\n\n\n\n<p>La norma obliga a que el Congreso apruebe mantener tropas antes de que se cumplan <strong>60 d\u00edas del inicio del conflicto<\/strong>, siempre que el Legislativo no declarara o autorizara ya la guerra, o que Estados Unidos no recibiera un ataque directo.<\/p>\n\n\n\n<p>Trump tambi\u00e9n sugiri\u00f3 este viernes que la ley, aprobada en 1973 en la etapa final de la guerra de Vietnam, podr\u00eda ser inconstitucional.<\/p>\n\n\n\n<h2 class=\"wp-block-heading\">Trump cuestiona la Ley de Poderes de Guerra<\/h2>\n\n\n\n<p>\u201cHay algunas personas que la consideran inconstitucional\u201d, dijo sobre la ley.<\/p>\n\n\n\n<p>\u201cSiempre estamos en contacto con el Congreso, pero nadie lo ha solicitado nunca antes (&#8230;) \u00bfPor qu\u00e9 deber\u00edamos ser diferentes?\u201d, expres\u00f3 el presidente ante periodistas en la Casa Blanca.<\/p>\n\n\n\n<p>El plazo de 60 d\u00edas, seg\u00fan <strong>legisladores en su mayor\u00eda<\/strong> <strong>dem\u00f3cratas<\/strong>, se cumple a partir del informe sobre el inicio de los ataques enviado por Trump el pasado 2 de marzo, dos d\u00edas despu\u00e9s de que Estados Unidos e Israel lanzaran ataques contra Ir\u00e1n.<\/p>\n\n\n\n<h2 class=\"wp-block-heading\">Tregua sin victoria clara<\/h2>\n\n\n\n<p>La carta de Trump llega en medio de cuestionamientos sobre el resultado del conflicto y <strong>sin una victoria militar clara anunciada por Washington<\/strong>.<\/p>\n\n\n\n<p>La decisi\u00f3n tambi\u00e9n coincide con presiones internas para limitar nuevas operaciones en Medio Oriente y exigir supervisi\u00f3n del Congreso sobre acciones b\u00e9licas del Ejecutivo.<\/p>\n\n\n\n<p>Este viernes, Ir\u00e1n envi\u00f3 una nueva propuesta de acuerdo de paz a trav\u00e9s de Pakist\u00e1n; sin embargo, no conceder\u00e1 la tecnolog\u00eda nuclear ni el control del Estrecho de Ormuz que lleva semanas sin operar.<\/p>\n\n\n\n<p>Fuente: <a href=\"https:\/\/www.elfinanciero.com.mx\/mundo\/2026\/05\/01\/sin-triunfo-claro-trump-declara-concluida-la-guerra-con-iran-para-evitar-autorizacion-del-congreso\/\" target=\"_blank\" rel=\"noreferrer noopener\">El Financiero<\/a><\/p>\n","protected":false},"excerpt":{"rendered":"<p>Donald Trump declar\u00f3 concluida la guerra con Ir\u00e1n para frenar el debate sobre autorizaci\u00f3n del Congreso para mantener tropas en Oriente Medio.<\/p>\n","protected":false},"author":1,"featured_media":121487,"comment_status":"open","ping_status":"open","sticky":false,"template":"","format":"standard","meta":{"site-sidebar-layout":"default","site-content-layout":"","ast-site-content-layout":"default","site-content-style":"default","site-sidebar-style":"default","ast-global-header-display":"","ast-banner-title-visibility":"","ast-main-header-display":"","ast-hfb-above-header-display":"","ast-hfb-below-header-display":"","ast-hfb-mobile-header-display":"","site-post-title":"","ast-breadcrumbs-content":"","ast-featured-img":"","footer-sml-layout":"","theme-transparent-header-meta":"","adv-header-id-meta":"","stick-header-meta":"","header-above-stick-meta":"","header-main-stick-meta":"","header-below-stick-meta":"","astra-migrate-meta-layouts":"default","ast-page-background-enabled":"default","ast-page-background-meta":{"desktop":{"background-color":"var(--ast-global-color-4)","background-image":"","background-repeat":"repeat","background-position":"center center","background-size":"auto","background-attachment":"scroll","background-type":"","background-media":"","overlay-type":"","overlay-color":"","overlay-opacity":"","overlay-gradient":""},"tablet":{"background-color":"","background-image":"","background-repeat":"repeat","background-position":"center center","background-size":"auto","background-attachment":"scroll","background-type":"","background-media":"","overlay-type":"","overlay-color":"","overlay-opacity":"","overlay-gradient":""},"mobile":{"background-color":"","background-image":"","background-repeat":"repeat","background-position":"center center","background-size":"auto","background-attachment":"scroll","background-type":"","background-media":"","overlay-type":"","overlay-color":"","overlay-opacity":"","overlay-gradient":""}},"ast-content-background-meta":{"desktop":{"background-color":"var(--ast-global-color-5)","background-image":"","background-repeat":"repeat","background-position":"center center","background-size":"auto","background-attachment":"scroll","background-type":"","background-media":"","overlay-type":"","overlay-color":"","overlay-opacity":"","overlay-gradient":""},"tablet":{"background-color":"var(--ast-global-color-5)","background-image":"","background-repeat":"repeat","background-position":"center center","background-size":"auto","background-attachment":"scroll","background-type":"","background-media":"","overlay-type":"","overlay-color":"","overlay-opacity":"","overlay-gradient":""},"mobile":{"background-color":"var(--ast-global-color-5)","background-image":"","background-repeat":"repeat","background-position":"center center","background-size":"auto","background-attachment":"scroll","background-type":"","background-media":"","overlay-type":"","overlay-color":"","overlay-opacity":"","overlay-gradient":""}},"footnotes":""},"categories":[8],"tags":[48766,5257,48765,48767],"class_list":["post-121486","post","type-post","status-publish","format-standard","has-post-thumbnail","hentry","category-noticias","tag-autorizacion-del-congreso","tag-donald-trump","tag-guerra-concluida-con-iran","tag-tropas-en-oriente-medio"],"_links":{"self":[{"href":"https:\/\/losperiodistas.com.mx\/portal\/wp-json\/wp\/v2\/posts\/121486","targetHints":{"allow":["GET"]}}],"collection":[{"href":"https:\/\/losperiodistas.com.mx\/portal\/wp-json\/wp\/v2\/posts"}],"about":[{"href":"https:\/\/losperiodistas.com.mx\/portal\/wp-json\/wp\/v2\/types\/post"}],"author":[{"embeddable":true,"href":"https:\/\/losperiodistas.com.mx\/portal\/wp-json\/wp\/v2\/users\/1"}],"replies":[{"embeddable":true,"href":"https:\/\/losperiodistas.com.mx\/portal\/wp-json\/wp\/v2\/comments?post=121486"}],"version-history":[{"count":1,"href":"https:\/\/losperiodistas.com.mx\/portal\/wp-json\/wp\/v2\/posts\/121486\/revisions"}],"predecessor-version":[{"id":121488,"href":"https:\/\/losperiodistas.com.mx\/portal\/wp-json\/wp\/v2\/posts\/121486\/revisions\/121488"}],"wp:featuredmedia":[{"embeddable":true,"href":"https:\/\/losperiodistas.com.mx\/portal\/wp-json\/wp\/v2\/media\/121487"}],"wp:attachment":[{"href":"https:\/\/losperiodistas.com.mx\/portal\/wp-json\/wp\/v2\/media?parent=121486"}],"wp:term":[{"taxonomy":"category","embeddable":true,"href":"https:\/\/losperiodistas.com.mx\/portal\/wp-json\/wp\/v2\/categories?post=121486"},{"taxonomy":"post_tag","embeddable":true,"href":"https:\/\/losperiodistas.com.mx\/portal\/wp-json\/wp\/v2\/tags?post=121486"}],"curies":[{"name":"wp","href":"https:\/\/api.w.org\/{rel}","templated":true}]}}