{"id":121481,"date":"2026-05-01T20:19:11","date_gmt":"2026-05-02T02:19:11","guid":{"rendered":"https:\/\/losperiodistas.com.mx\/portal\/?p=121481"},"modified":"2026-05-01T20:20:25","modified_gmt":"2026-05-02T02:20:25","slug":"identifican-a-mujer-implicada-en-balacera-contra-ministeriales-en-la-paz-mn","status":"publish","type":"post","link":"https:\/\/losperiodistas.com.mx\/portal\/identifican-a-mujer-implicada-en-balacera-contra-ministeriales-en-la-paz-mn\/","title":{"rendered":"Identifican a mujer implicada en balacera contra ministeriales en la Paz | MN"},"content":{"rendered":"\n<figure class=\"wp-block-image size-full\"><img fetchpriority=\"high\" decoding=\"async\" width=\"852\" height=\"548\" src=\"https:\/\/losperiodistas.com.mx\/portal\/wp-content\/uploads\/2026\/05\/imagen-3.png\" alt=\"\" class=\"wp-image-121484\" srcset=\"https:\/\/losperiodistas.com.mx\/portal\/wp-content\/uploads\/2026\/05\/imagen-3.png 852w, https:\/\/losperiodistas.com.mx\/portal\/wp-content\/uploads\/2026\/05\/imagen-3-300x193.png 300w, https:\/\/losperiodistas.com.mx\/portal\/wp-content\/uploads\/2026\/05\/imagen-3-768x494.png 768w\" sizes=\"(max-width: 852px) 100vw, 852px\" \/><\/figure>\n\n\n\n<p>Enrique Gonz\u00e1lez \/ MN<\/p>\n\n\n\n<h3 class=\"wp-block-heading\"><strong>FGE confirma ataque armado en La Paz y exhibe a presunta implicada en robo a cuentahabiente<\/strong><\/h3>\n\n\n\n<p>La Fiscal\u00eda General del Estado confirm\u00f3 <strong>la agresi\u00f3n con arma de fuego contra agentes investigadores<\/strong> en la colonia La Paz, en la ciudad de Puebla, y dio a conocer la imagen de una persona presuntamente vinculada con estos hechos, como parte de las acciones para su localizaci\u00f3n.<\/p>\n\n\n\n<p>El ataque ocurri\u00f3 el 30 de abril de 2026, cuando elementos realizaban labores de vigilancia por una investigaci\u00f3n relacionada con robo a cuentahabiente, durante el operativo, ubicaron a una mujer identificada como <strong>Diana Lorena N<\/strong>., quien habr\u00eda sido seguida como parte de una l\u00ednea de investigaci\u00f3n en curso.<\/p>\n\n\n\n<h3 class=\"wp-block-heading\"><strong><em>Ataque directo y huida organizada<\/em><\/strong><\/h3>\n\n\n\n<p>Seg\u00fan la informaci\u00f3n confirmada, al percatarse de la presencia policial, la mujer intent\u00f3 retirarse mientras realizaba una llamada, en ese momento, una camioneta se aproxim\u00f3 y sujetos armados dispararon directamente contra los agentes, lo que deriv\u00f3 en que un elemento resultara lesionado.<\/p>\n\n\n\n<p>Tras la agresi\u00f3n, la mujer abord\u00f3 el veh\u00edculo junto con al menos tres personas m\u00e1s, logrando darse a la fuga en medio del ataque.<\/p>\n\n\n\n<figure class=\"wp-block-image size-full\"><img decoding=\"async\" width=\"680\" height=\"383\" src=\"https:\/\/losperiodistas.com.mx\/portal\/wp-content\/uploads\/2026\/05\/imagen-1.png\" alt=\"\" class=\"wp-image-121482\" srcset=\"https:\/\/losperiodistas.com.mx\/portal\/wp-content\/uploads\/2026\/05\/imagen-1.png 680w, https:\/\/losperiodistas.com.mx\/portal\/wp-content\/uploads\/2026\/05\/imagen-1-300x169.png 300w\" sizes=\"(max-width: 680px) 100vw, 680px\" \/><\/figure>\n\n\n\n<h3 class=\"wp-block-heading\"><strong><em>Imagen difundida para ubicarla<\/em><\/strong><\/h3>\n\n\n\n<p>Como parte del avance en las investigaciones, la autoridad estatal difundi\u00f3 la imagen de la presunta implicada, con el objetivo de que la ciudadan\u00eda pueda aportar informaci\u00f3n que ayude a su identificaci\u00f3n y ubicaci\u00f3n.<\/p>\n\n\n\n<p>Posteriormente, la camioneta utilizada fue localizada abandonada y con impactos de arma de fuego, mientras que el an\u00e1lisis de videovigilancia permiti\u00f3 establecer que los responsables abordaron despu\u00e9s un veh\u00edculo de servicio por aplicaci\u00f3n; el conductor ya fue identificado y descartado de participaci\u00f3n.<\/p>\n\n\n\n<figure class=\"wp-block-image size-large\"><img decoding=\"async\" width=\"576\" height=\"1024\" src=\"https:\/\/losperiodistas.com.mx\/portal\/wp-content\/uploads\/2026\/05\/imagen-2-576x1024.png\" alt=\"\" class=\"wp-image-121483\" srcset=\"https:\/\/losperiodistas.com.mx\/portal\/wp-content\/uploads\/2026\/05\/imagen-2-576x1024.png 576w, https:\/\/losperiodistas.com.mx\/portal\/wp-content\/uploads\/2026\/05\/imagen-2-169x300.png 169w, https:\/\/losperiodistas.com.mx\/portal\/wp-content\/uploads\/2026\/05\/imagen-2.png 720w\" sizes=\"(max-width: 576px) 100vw, 576px\" \/><\/figure>\n\n\n\n<h3 class=\"wp-block-heading\"><strong><em>Rastro hacia Cruz del Sur y operativo activo<\/em><\/strong><\/h3>\n\n\n\n<p>Las indagatorias apuntan a que los implicados se dirigieron hacia la zona de Cruz del Sur, donde descendieron del veh\u00edculo, marcando el \u00faltimo punto detectado en su ruta de escape.<\/p>\n\n\n\n<p>Las autoridades mantienen operativos para dar con los responsables, en un caso que evidencia la evoluci\u00f3n del robo a cuentahabiente en Puebla: ya no solo vigilan y atacan a civiles, ahora tambi\u00e9n enfrentan a tiros a la polic\u00eda para escapar.<\/p>\n\n\n\n<p>Fuente: <a href=\"https:\/\/www.meganoticias.mx\/puebla\/noticia\/identifican-a-mujer-implicada-en-balacera-contra-ministeriales-en-la-paz\/731144\" target=\"_blank\" rel=\"noreferrer noopener\">Meganoticias<\/a><\/p>\n\n\n\n<p><\/p>\n","protected":false},"excerpt":{"rendered":"<p>FGE confirma ataque armado en La Paz y exhibe a presunta implicada en robo a cuentahabiente<\/p>\n","protected":false},"author":1,"featured_media":121484,"comment_status":"open","ping_status":"open","sticky":false,"template":"","format":"standard","meta":{"site-sidebar-layout":"default","site-content-layout":"","ast-site-content-layout":"default","site-content-style":"default","site-sidebar-style":"default","ast-global-header-display":"","ast-banner-title-visibility":"","ast-main-header-display":"","ast-hfb-above-header-display":"","ast-hfb-below-header-display":"","ast-hfb-mobile-header-display":"","site-post-title":"","ast-breadcrumbs-content":"","ast-featured-img":"","footer-sml-layout":"","theme-transparent-header-meta":"","adv-header-id-meta":"","stick-header-meta":"","header-above-stick-meta":"","header-main-stick-meta":"","header-below-stick-meta":"","astra-migrate-meta-layouts":"default","ast-page-background-enabled":"default","ast-page-background-meta":{"desktop":{"background-color":"var(--ast-global-color-4)","background-image":"","background-repeat":"repeat","background-position":"center center","background-size":"auto","background-attachment":"scroll","background-type":"","background-media":"","overlay-type":"","overlay-color":"","overlay-opacity":"","overlay-gradient":""},"tablet":{"background-color":"","background-image":"","background-repeat":"repeat","background-position":"center center","background-size":"auto","background-attachment":"scroll","background-type":"","background-media":"","overlay-type":"","overlay-color":"","overlay-opacity":"","overlay-gradient":""},"mobile":{"background-color":"","background-image":"","background-repeat":"repeat","background-position":"center center","background-size":"auto","background-attachment":"scroll","background-type":"","background-media":"","overlay-type":"","overlay-color":"","overlay-opacity":"","overlay-gradient":""}},"ast-content-background-meta":{"desktop":{"background-color":"var(--ast-global-color-5)","background-image":"","background-repeat":"repeat","background-position":"center center","background-size":"auto","background-attachment":"scroll","background-type":"","background-media":"","overlay-type":"","overlay-color":"","overlay-opacity":"","overlay-gradient":""},"tablet":{"background-color":"var(--ast-global-color-5)","background-image":"","background-repeat":"repeat","background-position":"center center","background-size":"auto","background-attachment":"scroll","background-type":"","background-media":"","overlay-type":"","overlay-color":"","overlay-opacity":"","overlay-gradient":""},"mobile":{"background-color":"var(--ast-global-color-5)","background-image":"","background-repeat":"repeat","background-position":"center center","background-size":"auto","background-attachment":"scroll","background-type":"","background-media":"","overlay-type":"","overlay-color":"","overlay-opacity":"","overlay-gradient":""}},"footnotes":""},"categories":[8],"tags":[13228,48763,48764,48762],"class_list":["post-121481","post","type-post","status-publish","format-standard","has-post-thumbnail","hentry","category-noticias","tag-balacera","tag-balacera-contra-ministeriales","tag-colonia-la-paz","tag-mujer-identificada"],"_links":{"self":[{"href":"https:\/\/losperiodistas.com.mx\/portal\/wp-json\/wp\/v2\/posts\/121481","targetHints":{"allow":["GET"]}}],"collection":[{"href":"https:\/\/losperiodistas.com.mx\/portal\/wp-json\/wp\/v2\/posts"}],"about":[{"href":"https:\/\/losperiodistas.com.mx\/portal\/wp-json\/wp\/v2\/types\/post"}],"author":[{"embeddable":true,"href":"https:\/\/losperiodistas.com.mx\/portal\/wp-json\/wp\/v2\/users\/1"}],"replies":[{"embeddable":true,"href":"https:\/\/losperiodistas.com.mx\/portal\/wp-json\/wp\/v2\/comments?post=121481"}],"version-history":[{"count":1,"href":"https:\/\/losperiodistas.com.mx\/portal\/wp-json\/wp\/v2\/posts\/121481\/revisions"}],"predecessor-version":[{"id":121485,"href":"https:\/\/losperiodistas.com.mx\/portal\/wp-json\/wp\/v2\/posts\/121481\/revisions\/121485"}],"wp:featuredmedia":[{"embeddable":true,"href":"https:\/\/losperiodistas.com.mx\/portal\/wp-json\/wp\/v2\/media\/121484"}],"wp:attachment":[{"href":"https:\/\/losperiodistas.com.mx\/portal\/wp-json\/wp\/v2\/media?parent=121481"}],"wp:term":[{"taxonomy":"category","embeddable":true,"href":"https:\/\/losperiodistas.com.mx\/portal\/wp-json\/wp\/v2\/categories?post=121481"},{"taxonomy":"post_tag","embeddable":true,"href":"https:\/\/losperiodistas.com.mx\/portal\/wp-json\/wp\/v2\/tags?post=121481"}],"curies":[{"name":"wp","href":"https:\/\/api.w.org\/{rel}","templated":true}]}}