{"id":121477,"date":"2026-05-01T20:08:13","date_gmt":"2026-05-02T02:08:13","guid":{"rendered":"https:\/\/losperiodistas.com.mx\/portal\/?p=121477"},"modified":"2026-05-01T20:08:14","modified_gmt":"2026-05-02T02:08:14","slug":"semarnat-impulsa-formacion-de-promotores-ambientales-en-puebla-el-heraldo","status":"publish","type":"post","link":"https:\/\/losperiodistas.com.mx\/portal\/semarnat-impulsa-formacion-de-promotores-ambientales-en-puebla-el-heraldo\/","title":{"rendered":"Semarnat impulsa formaci\u00f3n de promotores ambientales en Puebla | El Heraldo"},"content":{"rendered":"\n<p>La Semarnat, la GIZ y el gobierno de Puebla lanzaron un curso de 45 horas para capacitar a actores locales en gesti\u00f3n de residuos y econom\u00eda circular, en el marco del proyecto presidencial PODECIBI.<\/p>\n\n\n\n<figure class=\"wp-block-image size-large\"><img fetchpriority=\"high\" decoding=\"async\" width=\"1024\" height=\"611\" src=\"https:\/\/losperiodistas.com.mx\/portal\/wp-content\/uploads\/2026\/05\/CursoGestionResiduos-1024x611.png\" alt=\"\" class=\"wp-image-121478\" srcset=\"https:\/\/losperiodistas.com.mx\/portal\/wp-content\/uploads\/2026\/05\/CursoGestionResiduos-1024x611.png 1024w, https:\/\/losperiodistas.com.mx\/portal\/wp-content\/uploads\/2026\/05\/CursoGestionResiduos-300x179.png 300w, https:\/\/losperiodistas.com.mx\/portal\/wp-content\/uploads\/2026\/05\/CursoGestionResiduos-768x458.png 768w, https:\/\/losperiodistas.com.mx\/portal\/wp-content\/uploads\/2026\/05\/CursoGestionResiduos.png 1333w\" sizes=\"(max-width: 1024px) 100vw, 1024px\" \/><figcaption class=\"wp-element-caption\">Curso para promotores en Gesti\u00f3n Integral de Residuos y Econom\u00eda Circular en Puebla Foto: Secretar\u00eda de Medio Ambiente y Recursos Naturales<\/figcaption><\/figure>\n\n\n\n<p class=\"has-vivid-red-color has-text-color has-link-color wp-elements-54dce02f0a43dc80215c06b821658793\">Francisco Javier Ortega L\u00f3pez \/ El Heraldo<\/p>\n\n\n\n<p>En el marco del <strong>Polo de Desarrollo de Econom\u00eda Circular para el Bienestar de Puebla (PODECIBI),<\/strong> iniciaron las actividades del curso <strong>\u00abPromotor\u00eda para la Gesti\u00f3n Integral de Residuos y la Transici\u00f3n hacia la Econom\u00eda Circular\u00bb<\/strong> en las instalaciones del <strong>Congreso local de Puebla.&nbsp;<\/strong><\/p>\n\n\n\n<p>El curso se desarrolla en colaboraci\u00f3n entre la <strong>Cooperaci\u00f3n T\u00e9cnica Alemana (GIZ)<\/strong>, el <strong>Centro de Educaci\u00f3n y Capacitaci\u00f3n para el Desarrollo Sustentable y la Direcci\u00f3n General de Fomento y Desempe\u00f1o Urbano Ambiental Sostenible<\/strong> de la <strong>Semarnat<\/strong>.<\/p>\n\n\n\n<h2 class=\"wp-block-heading\">45 horas y seis m\u00f3dulos para formar promotores desde los gobiernos locales<\/h2>\n\n\n\n<p>El curso se imparte en <strong>modalidad h\u00edbrida, <\/strong>est\u00e1 organizado en <strong>seis m\u00f3dulos y contempla 45 horas de formaci\u00f3n.<\/strong> A lo largo del programa, se revisan los fundamentos legales de la gesti\u00f3n integral de residuos y la econom\u00eda circular, as\u00ed como las herramientas pr\u00e1cticas para aplicarlas y <strong>dise\u00f1ar planes de acci\u00f3n desde los gobiernos locales.<\/strong><\/p>\n\n\n\n<p>El objetivo es brindar a los actores locales las capacidades t\u00e9cnicas necesarias para que puedan impulsar, desde sus propios espacios, la<strong> transici\u00f3n hacia un modelo de econom\u00eda circular.<\/strong><\/p>\n\n\n\n<figure class=\"wp-block-image size-full\"><img decoding=\"async\" width=\"768\" height=\"400\" src=\"https:\/\/losperiodistas.com.mx\/portal\/wp-content\/uploads\/2026\/05\/imagen.png\" alt=\"\" class=\"wp-image-121479\" srcset=\"https:\/\/losperiodistas.com.mx\/portal\/wp-content\/uploads\/2026\/05\/imagen.png 768w, https:\/\/losperiodistas.com.mx\/portal\/wp-content\/uploads\/2026\/05\/imagen-300x156.png 300w\" sizes=\"(max-width: 768px) 100vw, 768px\" \/><figcaption class=\"wp-element-caption\">Curso para promotores en Gesti\u00f3n Integral de Residuos y Econom\u00eda Circular en Puebla<\/figcaption><\/figure>\n\n\n\n<h2 class=\"wp-block-heading\">La generaci\u00f3n de residuos creci\u00f3 40% y la econom\u00eda circular \u00abno es por decreto\u00bb<\/h2>\n\n\n\n<p>El funcionario de la <strong>Semarnat<\/strong> <strong>Luis Mingo Nyssen<\/strong> subray\u00f3 la urgencia de estas acciones: la generaci\u00f3n de residuos se ha incrementado un 40% en los \u00faltimos a\u00f1os, lo que hace indispensable pasar de un modelo lineal a uno circular. \u00ab<\/p>\n\n\n\n<blockquote class=\"wp-block-quote is-layout-flow wp-block-quote-is-layout-flow\">\n<p>La econom\u00eda circular no es por decreto, sino por procesos de ense\u00f1anza-aprendizaje\u00bb, afirm\u00f3, destacando que la Ley General de Econom\u00eda Circular propone precisamente ese cambio estructural.<\/p>\n<\/blockquote>\n\n\n\n<h2 class=\"wp-block-heading\">Puebla busca aprovechar sus residuos en lugar de enviarlos a tiraderos clandestinos<\/h2>\n\n\n\n<p><strong>La subsecretaria de Gesti\u00f3n Ambiental de la SMADSOT<\/strong>, <strong>Mar\u00eda de la Cruz Mart\u00ednez Portugal,<\/strong> destac\u00f3 la importancia de trabajar de manera coordinada entre el <strong>gobierno federal y el estatal para impulsar el PODECIBI.<\/strong> Explic\u00f3 que el gobernador <strong>Alejandro Armenta<\/strong> busca dejar atr\u00e1s el env\u00edo de <strong>residuos a tiraderos clandestinos<\/strong> y, en su lugar, aprovecharlos para <strong>transformarlos en nuevos productos.<\/strong><\/p>\n\n\n\n<p>La subdirectora de <strong>Instrumentaci\u00f3n Normativa de la Semarnat, Cynthia Selene<\/strong> <strong>Leal Ant\u00fanez, <\/strong>se\u00f1al\u00f3 que el <strong>PODECIBI<\/strong> en <strong>Puebla<\/strong> se construye a partir de la colaboraci\u00f3n entre los tres \u00f3rdenes de gobierno.<\/p>\n\n\n\n<h2 class=\"wp-block-heading\">19 municipios de la regi\u00f3n participaron en el arranque<\/h2>\n\n\n\n<p>En la actividad participaron representantes de <strong>19 municipios poblanos<\/strong>: Acajete, Acatzingo, Chalchicomula de Sesma, Chilchotla, General Felipe \u00c1ngeles, Ixtacamaxtitl\u00e1n, La Fragua, Libres, Nopalucan, Ocotepec, Quimixtl\u00e1n, Rafael Lara Grajales, San Jos\u00e9 Chiapa, San Juan Atenco, San Nicol\u00e1s Buenos Aires, San Salvador, Soltepec, Tepatlaxco de Hidalgo y Tepeyahualco.<\/p>\n\n\n\n<p>Fuente: <a href=\"https:\/\/heraldodemexico.com.mx\/nacional\/2026\/5\/1\/semarnat-impulsa-formacion-de-promotores-ambientales-en-puebla-805429.html\" target=\"_blank\" rel=\"noreferrer noopener\">El Heraldo<\/a><\/p>\n","protected":false},"excerpt":{"rendered":"<p>La Semarnat, la GIZ y el gobierno de Puebla lanzaron un curso de 45 horas para capacitar a actores locales en gesti\u00f3n de residuos y econom\u00eda circular, en el marco del proyecto presidencial PODECIBI.<\/p>\n","protected":false},"author":1,"featured_media":121478,"comment_status":"open","ping_status":"open","sticky":false,"template":"","format":"standard","meta":{"site-sidebar-layout":"default","site-content-layout":"","ast-site-content-layout":"default","site-content-style":"default","site-sidebar-style":"default","ast-global-header-display":"","ast-banner-title-visibility":"","ast-main-header-display":"","ast-hfb-above-header-display":"","ast-hfb-below-header-display":"","ast-hfb-mobile-header-display":"","site-post-title":"","ast-breadcrumbs-content":"","ast-featured-img":"","footer-sml-layout":"","theme-transparent-header-meta":"","adv-header-id-meta":"","stick-header-meta":"","header-above-stick-meta":"","header-main-stick-meta":"","header-below-stick-meta":"","astra-migrate-meta-layouts":"default","ast-page-background-enabled":"default","ast-page-background-meta":{"desktop":{"background-color":"var(--ast-global-color-4)","background-image":"","background-repeat":"repeat","background-position":"center center","background-size":"auto","background-attachment":"scroll","background-type":"","background-media":"","overlay-type":"","overlay-color":"","overlay-opacity":"","overlay-gradient":""},"tablet":{"background-color":"","background-image":"","background-repeat":"repeat","background-position":"center center","background-size":"auto","background-attachment":"scroll","background-type":"","background-media":"","overlay-type":"","overlay-color":"","overlay-opacity":"","overlay-gradient":""},"mobile":{"background-color":"","background-image":"","background-repeat":"repeat","background-position":"center center","background-size":"auto","background-attachment":"scroll","background-type":"","background-media":"","overlay-type":"","overlay-color":"","overlay-opacity":"","overlay-gradient":""}},"ast-content-background-meta":{"desktop":{"background-color":"var(--ast-global-color-5)","background-image":"","background-repeat":"repeat","background-position":"center center","background-size":"auto","background-attachment":"scroll","background-type":"","background-media":"","overlay-type":"","overlay-color":"","overlay-opacity":"","overlay-gradient":""},"tablet":{"background-color":"var(--ast-global-color-5)","background-image":"","background-repeat":"repeat","background-position":"center center","background-size":"auto","background-attachment":"scroll","background-type":"","background-media":"","overlay-type":"","overlay-color":"","overlay-opacity":"","overlay-gradient":""},"mobile":{"background-color":"var(--ast-global-color-5)","background-image":"","background-repeat":"repeat","background-position":"center center","background-size":"auto","background-attachment":"scroll","background-type":"","background-media":"","overlay-type":"","overlay-color":"","overlay-opacity":"","overlay-gradient":""}},"footnotes":""},"categories":[8],"tags":[7590,48759,4648,48758,48757,4341],"class_list":["post-121477","post","type-post","status-publish","format-standard","has-post-thumbnail","hentry","category-noticias","tag-economia-circular","tag-gestion-de-residuos","tag-giz","tag-podecibi","tag-promotores-ambientales","tag-semarnat"],"_links":{"self":[{"href":"https:\/\/losperiodistas.com.mx\/portal\/wp-json\/wp\/v2\/posts\/121477","targetHints":{"allow":["GET"]}}],"collection":[{"href":"https:\/\/losperiodistas.com.mx\/portal\/wp-json\/wp\/v2\/posts"}],"about":[{"href":"https:\/\/losperiodistas.com.mx\/portal\/wp-json\/wp\/v2\/types\/post"}],"author":[{"embeddable":true,"href":"https:\/\/losperiodistas.com.mx\/portal\/wp-json\/wp\/v2\/users\/1"}],"replies":[{"embeddable":true,"href":"https:\/\/losperiodistas.com.mx\/portal\/wp-json\/wp\/v2\/comments?post=121477"}],"version-history":[{"count":1,"href":"https:\/\/losperiodistas.com.mx\/portal\/wp-json\/wp\/v2\/posts\/121477\/revisions"}],"predecessor-version":[{"id":121480,"href":"https:\/\/losperiodistas.com.mx\/portal\/wp-json\/wp\/v2\/posts\/121477\/revisions\/121480"}],"wp:featuredmedia":[{"embeddable":true,"href":"https:\/\/losperiodistas.com.mx\/portal\/wp-json\/wp\/v2\/media\/121478"}],"wp:attachment":[{"href":"https:\/\/losperiodistas.com.mx\/portal\/wp-json\/wp\/v2\/media?parent=121477"}],"wp:term":[{"taxonomy":"category","embeddable":true,"href":"https:\/\/losperiodistas.com.mx\/portal\/wp-json\/wp\/v2\/categories?post=121477"},{"taxonomy":"post_tag","embeddable":true,"href":"https:\/\/losperiodistas.com.mx\/portal\/wp-json\/wp\/v2\/tags?post=121477"}],"curies":[{"name":"wp","href":"https:\/\/api.w.org\/{rel}","templated":true}]}}