{"id":121474,"date":"2026-05-01T19:58:50","date_gmt":"2026-05-02T01:58:50","guid":{"rendered":"https:\/\/losperiodistas.com.mx\/portal\/?p=121474"},"modified":"2026-05-01T20:09:57","modified_gmt":"2026-05-02T02:09:57","slug":"fiscalia-de-mexico-descarta-detener-al-gobernador-ruben-rocha-acusado-de-narcotrafico-por-ee-uu-cnn","status":"publish","type":"post","link":"https:\/\/losperiodistas.com.mx\/portal\/fiscalia-de-mexico-descarta-detener-al-gobernador-ruben-rocha-acusado-de-narcotrafico-por-ee-uu-cnn\/","title":{"rendered":"Fiscal\u00eda de M\u00e9xico descarta detener al gobernador Rub\u00e9n Rocha, acusado de narcotr\u00e1fico por EE.UU. | CNN"},"content":{"rendered":"\n<figure class=\"wp-block-embed is-type-video is-provider-youtube wp-block-embed-youtube wp-embed-aspect-16-9 wp-has-aspect-ratio\"><div class=\"wp-block-embed__wrapper\">\n<iframe title=\"Las claves de la acusaci\u00f3n de EE.UU. contra el gobernador de Sinaloa, Rub\u00e9n Rocha Moya\" width=\"500\" height=\"281\" src=\"https:\/\/www.youtube.com\/embed\/fmsIw96jsxQ?feature=oembed\" frameborder=\"0\" allow=\"accelerometer; autoplay; clipboard-write; encrypted-media; gyroscope; picture-in-picture; web-share\" referrerpolicy=\"strict-origin-when-cross-origin\" allowfullscreen><\/iframe>\n<\/div><\/figure>\n\n\n\n<p class=\"has-vivid-red-color has-text-color has-link-color wp-elements-ba0b65a0d6d4b6fa44d135c5fa177701\">Mauricio Torres \/ CNN<\/p>\n\n\n\n<p>La Fiscal\u00eda General de la Rep\u00fablica de M\u00e9xico (FGR) descart\u00f3 este viernes detener provisionalmente al gobernador del estado de Sinaloa, Rub\u00e9n Rocha, a quien el Gobierno de Estados Unidos solicit\u00f3 arrestar junto con otros nueve hombres para que sean extraditados y procesados por narcotr\u00e1fico y armas, cargos que los involucrados rechazan.<\/p>\n\n\n\n<p>El titular de la Fiscal\u00eda Especializada de Control Competencial de la FGR, Ra\u00fal Jim\u00e9nez V\u00e1zquez, dijo durante una rueda de prensa que, tras analizar la solicitud de Estados Unidos, la instituci\u00f3n concluy\u00f3 que no hay pruebas suficientes para justificar que Rocha y otros funcionarios y exfuncionarios de Sinaloa sean detenidos de forma urgente ni que sean responsables de los delitos que les atribuye el Departamento de Justicia de Estados Unidos.<\/p>\n\n\n\n<p>\u201cNo hay ning\u00fan motivo, no hay ning\u00fan fundamento, no hay ninguna evidencia que nos permita apreciar el porqu\u00e9 de la urgencia de la detenci\u00f3n provisional\u201d, expuso Jim\u00e9nez V\u00e1zquez.<\/p>\n\n\n\n<p>\u201cNo existen pruebas anexas al pedimento de referencia que acrediten la comisi\u00f3n de un delito que haga impostergable el otorgamiento de la medida cautelar\u201d, agreg\u00f3.<\/p>\n\n\n\n<p>De acuerdo con el funcionario, la FGR se comunicar\u00e1 con la Secretar\u00eda de Relaciones Exteriores de M\u00e9xico para que esta, a su vez, pida a las autoridades de Estados Unidos las pruebas que puedan sustentar su solicitud.<\/p>\n\n\n\n<p>Jim\u00e9nez V\u00e1zquez insisti\u00f3 en que una detenci\u00f3n provisional con fines de extradici\u00f3n es una medida cautelar que solamente puede otorgarse si est\u00e1 debidamente justificada.<\/p>\n\n\n\n<p>CNN contact\u00f3 al Departamento de Justicia de Estados Unidos para pedir comentarios sobre el anuncio de la FGR y est\u00e1 en espera de respuesta.<\/p>\n\n\n\n<p>La decisi\u00f3n de la FGR se da a conocer dos d\u00edas despu\u00e9s de que el Departamento publicara la acusaci\u00f3n formal que present\u00f3 contra Rocha y otras nueve personas, a las que atribuye delitos de narcotr\u00e1fico y armas en una presunta alianza con el Cartel de Sinaloa, una de las organizaciones criminales m\u00e1s poderosas del continente. Rocha y otros se\u00f1alados dicen que las acusaciones no tienen sustento.<\/p>\n\n\n\n<p>El gobernador incluso dijo el mi\u00e9rcoles en su cuenta de X que Estados Unidos busca desacreditarlo no solo a \u00e9l, sino a todo el movimiento de la llamada \u201ccuarta transformaci\u00f3n\u201d que abandera el oficialista partido Morena.<\/p>\n\n\n\n<p>La presidenta Claudia Sheinbaum, por su parte, dijo el jueves que la FGR revisar\u00eda la solicitud de Estados Unidos y determinar\u00eda si hay pruebas para actuar contra Rocha. Seg\u00fan Sheinbaum, si no hay evidencia contra Rocha, quedar\u00e1 demostrado que la acusaci\u00f3n de Estados Unidos tiene motivaciones pol\u00edticas e injerencistas.<\/p>\n","protected":false},"excerpt":{"rendered":"<p>Mauricio Torres \/ CNN La Fiscal\u00eda General de la Rep\u00fablica de M\u00e9xico (FGR) descart\u00f3 este viernes detener provisionalmente al gobernador [&hellip;]<\/p>\n","protected":false},"author":1,"featured_media":121475,"comment_status":"open","ping_status":"open","sticky":false,"template":"","format":"standard","meta":{"site-sidebar-layout":"default","site-content-layout":"","ast-site-content-layout":"default","site-content-style":"default","site-sidebar-style":"default","ast-global-header-display":"","ast-banner-title-visibility":"","ast-main-header-display":"","ast-hfb-above-header-display":"","ast-hfb-below-header-display":"","ast-hfb-mobile-header-display":"","site-post-title":"","ast-breadcrumbs-content":"","ast-featured-img":"","footer-sml-layout":"","theme-transparent-header-meta":"","adv-header-id-meta":"","stick-header-meta":"","header-above-stick-meta":"","header-main-stick-meta":"","header-below-stick-meta":"","astra-migrate-meta-layouts":"default","ast-page-background-enabled":"default","ast-page-background-meta":{"desktop":{"background-color":"var(--ast-global-color-4)","background-image":"","background-repeat":"repeat","background-position":"center center","background-size":"auto","background-attachment":"scroll","background-type":"","background-media":"","overlay-type":"","overlay-color":"","overlay-opacity":"","overlay-gradient":""},"tablet":{"background-color":"","background-image":"","background-repeat":"repeat","background-position":"center center","background-size":"auto","background-attachment":"scroll","background-type":"","background-media":"","overlay-type":"","overlay-color":"","overlay-opacity":"","overlay-gradient":""},"mobile":{"background-color":"","background-image":"","background-repeat":"repeat","background-position":"center center","background-size":"auto","background-attachment":"scroll","background-type":"","background-media":"","overlay-type":"","overlay-color":"","overlay-opacity":"","overlay-gradient":""}},"ast-content-background-meta":{"desktop":{"background-color":"var(--ast-global-color-5)","background-image":"","background-repeat":"repeat","background-position":"center center","background-size":"auto","background-attachment":"scroll","background-type":"","background-media":"","overlay-type":"","overlay-color":"","overlay-opacity":"","overlay-gradient":""},"tablet":{"background-color":"var(--ast-global-color-5)","background-image":"","background-repeat":"repeat","background-position":"center center","background-size":"auto","background-attachment":"scroll","background-type":"","background-media":"","overlay-type":"","overlay-color":"","overlay-opacity":"","overlay-gradient":""},"mobile":{"background-color":"var(--ast-global-color-5)","background-image":"","background-repeat":"repeat","background-position":"center center","background-size":"auto","background-attachment":"scroll","background-type":"","background-media":"","overlay-type":"","overlay-color":"","overlay-opacity":"","overlay-gradient":""}},"footnotes":""},"categories":[8],"tags":[48760,3572,48761,24543],"class_list":["post-121474","post","type-post","status-publish","format-standard","has-post-thumbnail","hentry","category-noticias","tag-detencion-de-gobernador","tag-fgr","tag-narcotrafico-en-eu","tag-ruben-rocha-moya"],"_links":{"self":[{"href":"https:\/\/losperiodistas.com.mx\/portal\/wp-json\/wp\/v2\/posts\/121474","targetHints":{"allow":["GET"]}}],"collection":[{"href":"https:\/\/losperiodistas.com.mx\/portal\/wp-json\/wp\/v2\/posts"}],"about":[{"href":"https:\/\/losperiodistas.com.mx\/portal\/wp-json\/wp\/v2\/types\/post"}],"author":[{"embeddable":true,"href":"https:\/\/losperiodistas.com.mx\/portal\/wp-json\/wp\/v2\/users\/1"}],"replies":[{"embeddable":true,"href":"https:\/\/losperiodistas.com.mx\/portal\/wp-json\/wp\/v2\/comments?post=121474"}],"version-history":[{"count":1,"href":"https:\/\/losperiodistas.com.mx\/portal\/wp-json\/wp\/v2\/posts\/121474\/revisions"}],"predecessor-version":[{"id":121476,"href":"https:\/\/losperiodistas.com.mx\/portal\/wp-json\/wp\/v2\/posts\/121474\/revisions\/121476"}],"wp:featuredmedia":[{"embeddable":true,"href":"https:\/\/losperiodistas.com.mx\/portal\/wp-json\/wp\/v2\/media\/121475"}],"wp:attachment":[{"href":"https:\/\/losperiodistas.com.mx\/portal\/wp-json\/wp\/v2\/media?parent=121474"}],"wp:term":[{"taxonomy":"category","embeddable":true,"href":"https:\/\/losperiodistas.com.mx\/portal\/wp-json\/wp\/v2\/categories?post=121474"},{"taxonomy":"post_tag","embeddable":true,"href":"https:\/\/losperiodistas.com.mx\/portal\/wp-json\/wp\/v2\/tags?post=121474"}],"curies":[{"name":"wp","href":"https:\/\/api.w.org\/{rel}","templated":true}]}}