{"id":121468,"date":"2026-05-01T19:51:07","date_gmt":"2026-05-02T01:51:07","guid":{"rendered":"https:\/\/losperiodistas.com.mx\/portal\/?p=121468"},"modified":"2026-05-01T19:51:08","modified_gmt":"2026-05-02T01:51:08","slug":"rehabilita-gobierno-del-estado-vialidades-al-nororiente-de-la-ciudad","status":"publish","type":"post","link":"https:\/\/losperiodistas.com.mx\/portal\/rehabilita-gobierno-del-estado-vialidades-al-nororiente-de-la-ciudad\/","title":{"rendered":"Rehabilita Gobierno del Estado vialidades al nororiente de la ciudad"},"content":{"rendered":"\n<p><em>Gobierno del Estado rehabilit\u00f3 las calles 6, 8 y 10 Norte, as\u00ed como la Avenida 22 Oriente.<\/em><\/p>\n\n\n\n<figure class=\"wp-block-image size-large\"><img fetchpriority=\"high\" decoding=\"async\" width=\"1024\" height=\"682\" src=\"https:\/\/losperiodistas.com.mx\/portal\/wp-content\/uploads\/2026\/05\/VialidadesNororiente-1024x682.jpeg\" alt=\"\" class=\"wp-image-121469\" srcset=\"https:\/\/losperiodistas.com.mx\/portal\/wp-content\/uploads\/2026\/05\/VialidadesNororiente-1024x682.jpeg 1024w, https:\/\/losperiodistas.com.mx\/portal\/wp-content\/uploads\/2026\/05\/VialidadesNororiente-300x200.jpeg 300w, https:\/\/losperiodistas.com.mx\/portal\/wp-content\/uploads\/2026\/05\/VialidadesNororiente-768x512.jpeg 768w, https:\/\/losperiodistas.com.mx\/portal\/wp-content\/uploads\/2026\/05\/VialidadesNororiente-1536x1023.jpeg 1536w, https:\/\/losperiodistas.com.mx\/portal\/wp-content\/uploads\/2026\/05\/VialidadesNororiente.jpeg 1600w\" sizes=\"(max-width: 1024px) 100vw, 1024px\" \/><figcaption class=\"wp-element-caption\">Con M\u00f3dulos de Pavimentaci\u00f3n se benefici\u00f3 a m\u00e1s de 22 mil habitantes.<\/figcaption><\/figure>\n\n\n\n<p class=\"has-vivid-red-color has-text-color has-link-color wp-elements-eb27e7450528140191efa4df35f811c5\">Redacci\u00f3n<\/p>\n\n\n\n<p>Como parte de la visi\u00f3n para transformar la movilidad y recuperar las v\u00edas de comunicaci\u00f3n en la capital poblana, el Gobierno del Estado concluy\u00f3 la rehabilitaci\u00f3n de las calles 6, 8 y 10 Norte, as\u00ed como la Avenida 22 Oriente.<\/p>\n\n\n\n<p>La intervenci\u00f3n estuvo a cargo de la Secretar\u00eda de Infraestructura mediante los M\u00f3dulos de Pavimentaci\u00f3n, lo que devuelve funcionalidad y seguridad a una zona de alto flujo vehicular y mejora la calidad de vida de m\u00e1s de 22 mil habitantes.<\/p>\n\n\n\n<p>La dependencia despleg\u00f3 maquinaria especializada para la pavimentaci\u00f3n de 6 mil 900 metros cuadrados de carpeta asf\u00e1ltica, con el objetivo de garantizar una movilidad ordenada. Las labores entran en su fase final con la aplicaci\u00f3n de pintura y se\u00f1al\u00e9tica vial. Estas acciones resultan fundamentales para prevenir accidentes y facilitar la convivencia entre peatones y automovilistas, lo que asegura que las vialidades intervenidas sean transitables y cumplan con los est\u00e1ndares de seguridad vial.<\/p>\n\n\n\n<figure class=\"wp-block-gallery has-nested-images columns-default is-cropped wp-block-gallery-1 is-layout-flex wp-block-gallery-is-layout-flex\">\n<figure class=\"wp-block-image size-large\"><img decoding=\"async\" width=\"1024\" height=\"682\" data-id=\"121470\" src=\"https:\/\/losperiodistas.com.mx\/portal\/wp-content\/uploads\/2026\/05\/VialidadesNororiente04-1024x682.jpeg\" alt=\"\" class=\"wp-image-121470\" srcset=\"https:\/\/losperiodistas.com.mx\/portal\/wp-content\/uploads\/2026\/05\/VialidadesNororiente04-1024x682.jpeg 1024w, https:\/\/losperiodistas.com.mx\/portal\/wp-content\/uploads\/2026\/05\/VialidadesNororiente04-300x200.jpeg 300w, https:\/\/losperiodistas.com.mx\/portal\/wp-content\/uploads\/2026\/05\/VialidadesNororiente04-768x512.jpeg 768w, https:\/\/losperiodistas.com.mx\/portal\/wp-content\/uploads\/2026\/05\/VialidadesNororiente04-1536x1023.jpeg 1536w, https:\/\/losperiodistas.com.mx\/portal\/wp-content\/uploads\/2026\/05\/VialidadesNororiente04.jpeg 1600w\" sizes=\"(max-width: 1024px) 100vw, 1024px\" \/><\/figure>\n\n\n\n<figure class=\"wp-block-image size-large\"><img decoding=\"async\" width=\"1024\" height=\"682\" data-id=\"121471\" src=\"https:\/\/losperiodistas.com.mx\/portal\/wp-content\/uploads\/2026\/05\/VialidadesNororiente03-1024x682.jpeg\" alt=\"\" class=\"wp-image-121471\" srcset=\"https:\/\/losperiodistas.com.mx\/portal\/wp-content\/uploads\/2026\/05\/VialidadesNororiente03-1024x682.jpeg 1024w, https:\/\/losperiodistas.com.mx\/portal\/wp-content\/uploads\/2026\/05\/VialidadesNororiente03-300x200.jpeg 300w, https:\/\/losperiodistas.com.mx\/portal\/wp-content\/uploads\/2026\/05\/VialidadesNororiente03-768x512.jpeg 768w, https:\/\/losperiodistas.com.mx\/portal\/wp-content\/uploads\/2026\/05\/VialidadesNororiente03-1536x1023.jpeg 1536w, https:\/\/losperiodistas.com.mx\/portal\/wp-content\/uploads\/2026\/05\/VialidadesNororiente03.jpeg 1600w\" sizes=\"(max-width: 1024px) 100vw, 1024px\" \/><\/figure>\n\n\n\n<figure class=\"wp-block-image size-large\"><img loading=\"lazy\" decoding=\"async\" width=\"1024\" height=\"682\" data-id=\"121472\" src=\"https:\/\/losperiodistas.com.mx\/portal\/wp-content\/uploads\/2026\/05\/VialidadesNororiente02-1024x682.jpeg\" alt=\"\" class=\"wp-image-121472\" srcset=\"https:\/\/losperiodistas.com.mx\/portal\/wp-content\/uploads\/2026\/05\/VialidadesNororiente02-1024x682.jpeg 1024w, https:\/\/losperiodistas.com.mx\/portal\/wp-content\/uploads\/2026\/05\/VialidadesNororiente02-300x200.jpeg 300w, https:\/\/losperiodistas.com.mx\/portal\/wp-content\/uploads\/2026\/05\/VialidadesNororiente02-768x512.jpeg 768w, https:\/\/losperiodistas.com.mx\/portal\/wp-content\/uploads\/2026\/05\/VialidadesNororiente02-1536x1023.jpeg 1536w, https:\/\/losperiodistas.com.mx\/portal\/wp-content\/uploads\/2026\/05\/VialidadesNororiente02.jpeg 1600w\" sizes=\"(max-width: 1024px) 100vw, 1024px\" \/><\/figure>\n<\/figure>\n\n\n\n<p>La obra responde a una necesidad urgente, ya que el pavimento asf\u00e1ltico anterior present\u00f3 un avanzado deterioro que compromet\u00eda la seguridad de conductores y peatones. Con esta intervenci\u00f3n, se fortalece una infraestructura m\u00e1s duradera que mejora los traslados diarios en este sector de la ciudad.<\/p>\n\n\n\n<p>Bajo la visi\u00f3n del gobernador Alejandro Armenta Mier, se prioriza el rescate de vialidades que permanecieron en el olvido por a\u00f1os. Gracias a insumos donados por Petr\u00f3leos Mexicanos (Pemex) y al respaldo de la presidenta de M\u00e9xico, Claudia Sheinbaum Pardo, el Gobierno del Estado pavimenta 5 mil calles y recupera la infraestructura urbana para la seguridad de todas y todos los poblanos.<\/p>\n","protected":false},"excerpt":{"rendered":"<p>Gobierno del Estado rehabilit\u00f3 las calles 6, 8 y 10 Norte, as\u00ed como la Avenida 22 Oriente.<\/p>\n","protected":false},"author":1,"featured_media":121469,"comment_status":"open","ping_status":"open","sticky":false,"template":"","format":"standard","meta":{"site-sidebar-layout":"default","site-content-layout":"","ast-site-content-layout":"default","site-content-style":"default","site-sidebar-style":"default","ast-global-header-display":"","ast-banner-title-visibility":"","ast-main-header-display":"","ast-hfb-above-header-display":"","ast-hfb-below-header-display":"","ast-hfb-mobile-header-display":"","site-post-title":"","ast-breadcrumbs-content":"","ast-featured-img":"","footer-sml-layout":"","theme-transparent-header-meta":"","adv-header-id-meta":"","stick-header-meta":"","header-above-stick-meta":"","header-main-stick-meta":"","header-below-stick-meta":"","astra-migrate-meta-layouts":"default","ast-page-background-enabled":"default","ast-page-background-meta":{"desktop":{"background-color":"var(--ast-global-color-4)","background-image":"","background-repeat":"repeat","background-position":"center center","background-size":"auto","background-attachment":"scroll","background-type":"","background-media":"","overlay-type":"","overlay-color":"","overlay-opacity":"","overlay-gradient":""},"tablet":{"background-color":"","background-image":"","background-repeat":"repeat","background-position":"center center","background-size":"auto","background-attachment":"scroll","background-type":"","background-media":"","overlay-type":"","overlay-color":"","overlay-opacity":"","overlay-gradient":""},"mobile":{"background-color":"","background-image":"","background-repeat":"repeat","background-position":"center center","background-size":"auto","background-attachment":"scroll","background-type":"","background-media":"","overlay-type":"","overlay-color":"","overlay-opacity":"","overlay-gradient":""}},"ast-content-background-meta":{"desktop":{"background-color":"var(--ast-global-color-5)","background-image":"","background-repeat":"repeat","background-position":"center center","background-size":"auto","background-attachment":"scroll","background-type":"","background-media":"","overlay-type":"","overlay-color":"","overlay-opacity":"","overlay-gradient":""},"tablet":{"background-color":"var(--ast-global-color-5)","background-image":"","background-repeat":"repeat","background-position":"center center","background-size":"auto","background-attachment":"scroll","background-type":"","background-media":"","overlay-type":"","overlay-color":"","overlay-opacity":"","overlay-gradient":""},"mobile":{"background-color":"var(--ast-global-color-5)","background-image":"","background-repeat":"repeat","background-position":"center center","background-size":"auto","background-attachment":"scroll","background-type":"","background-media":"","overlay-type":"","overlay-color":"","overlay-opacity":"","overlay-gradient":""}},"footnotes":""},"categories":[8],"tags":[48755,48756,48754],"class_list":["post-121468","post","type-post","status-publish","format-standard","has-post-thumbnail","hentry","category-noticias","tag-modulos-de-pavimentacion","tag-nororiente-de-la-ciudad","tag-rehabilitacion-de-vialidades"],"_links":{"self":[{"href":"https:\/\/losperiodistas.com.mx\/portal\/wp-json\/wp\/v2\/posts\/121468","targetHints":{"allow":["GET"]}}],"collection":[{"href":"https:\/\/losperiodistas.com.mx\/portal\/wp-json\/wp\/v2\/posts"}],"about":[{"href":"https:\/\/losperiodistas.com.mx\/portal\/wp-json\/wp\/v2\/types\/post"}],"author":[{"embeddable":true,"href":"https:\/\/losperiodistas.com.mx\/portal\/wp-json\/wp\/v2\/users\/1"}],"replies":[{"embeddable":true,"href":"https:\/\/losperiodistas.com.mx\/portal\/wp-json\/wp\/v2\/comments?post=121468"}],"version-history":[{"count":1,"href":"https:\/\/losperiodistas.com.mx\/portal\/wp-json\/wp\/v2\/posts\/121468\/revisions"}],"predecessor-version":[{"id":121473,"href":"https:\/\/losperiodistas.com.mx\/portal\/wp-json\/wp\/v2\/posts\/121468\/revisions\/121473"}],"wp:featuredmedia":[{"embeddable":true,"href":"https:\/\/losperiodistas.com.mx\/portal\/wp-json\/wp\/v2\/media\/121469"}],"wp:attachment":[{"href":"https:\/\/losperiodistas.com.mx\/portal\/wp-json\/wp\/v2\/media?parent=121468"}],"wp:term":[{"taxonomy":"category","embeddable":true,"href":"https:\/\/losperiodistas.com.mx\/portal\/wp-json\/wp\/v2\/categories?post=121468"},{"taxonomy":"post_tag","embeddable":true,"href":"https:\/\/losperiodistas.com.mx\/portal\/wp-json\/wp\/v2\/tags?post=121468"}],"curies":[{"name":"wp","href":"https:\/\/api.w.org\/{rel}","templated":true}]}}