{"id":121453,"date":"2026-05-01T09:20:49","date_gmt":"2026-05-01T15:20:49","guid":{"rendered":"https:\/\/losperiodistas.com.mx\/portal\/?p=121453"},"modified":"2026-05-01T09:20:50","modified_gmt":"2026-05-01T15:20:50","slug":"la-llegada-de-este-alimento-procedente-de-america-transformo-platos-cultivos-y-la-dieta-espanola-durante-siglos-historia-ng","status":"publish","type":"post","link":"https:\/\/losperiodistas.com.mx\/portal\/la-llegada-de-este-alimento-procedente-de-america-transformo-platos-cultivos-y-la-dieta-espanola-durante-siglos-historia-ng\/","title":{"rendered":"La llegada de este alimento procedente de Am\u00e9rica transform\u00f3 platos, cultivos y la dieta espa\u00f1ola durante siglos | Historia NG"},"content":{"rendered":"\n<h2 class=\"wp-block-heading\">Del frijol ind\u00edgena a la olla espa\u00f1ola: c\u00f3mo las jud\u00edas americanas reescribieron el recetario popular y se convirtieron en prote\u00edna cotidiana en Espa\u00f1a.<\/h2>\n\n\n\n<figure class=\"wp-block-image size-large\"><img fetchpriority=\"high\" decoding=\"async\" width=\"1024\" height=\"696\" src=\"https:\/\/losperiodistas.com.mx\/portal\/wp-content\/uploads\/2026\/05\/campo-tabaco_cd9be9e8_260428151740_1280x870-1024x696.jpeg\" alt=\"\" class=\"wp-image-121454\" srcset=\"https:\/\/losperiodistas.com.mx\/portal\/wp-content\/uploads\/2026\/05\/campo-tabaco_cd9be9e8_260428151740_1280x870-1024x696.jpeg 1024w, https:\/\/losperiodistas.com.mx\/portal\/wp-content\/uploads\/2026\/05\/campo-tabaco_cd9be9e8_260428151740_1280x870-300x204.jpeg 300w, https:\/\/losperiodistas.com.mx\/portal\/wp-content\/uploads\/2026\/05\/campo-tabaco_cd9be9e8_260428151740_1280x870-768x522.jpeg 768w, https:\/\/losperiodistas.com.mx\/portal\/wp-content\/uploads\/2026\/05\/campo-tabaco_cd9be9e8_260428151740_1280x870.jpeg 1280w\" sizes=\"(max-width: 1024px) 100vw, 1024px\" \/><figcaption class=\"wp-element-caption\">Antes del viaje de Crist\u00f3bal Col\u00f3n ya exist\u00edan alubias en Europa, pero no eran las que imaginas.<br>iStock<\/figcaption><\/figure>\n\n\n\n<p class=\"has-medium-font-size\"><strong><a href=\"https:\/\/historia.nationalgeographic.com.es\/autores\/sarah-romero_1261\">Sarah Romero<\/a> \/ Historia National Geographic<\/strong><\/p>\n\n\n\n<p>Hay alimentos que entran en la historia por la puerta grande y otras col\u00e1ndose en la cocina hasta volverse imprescindibles. Las&nbsp;<strong>alubias<\/strong>&nbsp;(o frijoles en Am\u00e9rica) pertenecen a esta segunda categor\u00eda. Hoy las vemos en toda clase de platos regionales, pero la mayor\u00eda de las variedades que asociamos a la mesa espa\u00f1ola&nbsp;<strong>llegaron tras 1492<\/strong>, como parte del enorme trasiego biol\u00f3gico y cultural que los historiadores llaman&nbsp;<strong><a href=\"https:\/\/historia.nationalgeographic.com.es\/a\/maiz-regalo-america-a-espana-que-supuso-revolucion_25573\">Intercambio Colombino<\/a>.<\/strong><\/p>\n\n\n\n<p>Ese intercambio entre el Viejo y el&nbsp;<a href=\"https:\/\/historia.nationalgeographic.com.es\/a\/descubrimiento-america-12-octubre-1492_10778\">Nuevo Mundo<\/a>&nbsp;cambi\u00f3 el planeta y, por supuesto, la alimentaci\u00f3n. La&nbsp;<strong>llegada de nuevos alimentos<\/strong>&nbsp;increment\u00f3 la oferta mundial de bienes agr\u00edcolas y alter\u00f3 dietas y econom\u00edas durante siglos. En Espa\u00f1a, una de esas historias con m\u00e1s aroma a puchero es la de las alubias americanas (<em>Phaseolus vulgaris)<\/em>.<\/p>\n\n\n\n<h2 class=\"wp-block-heading\">Antes de Col\u00f3n ya hab\u00eda alubias pero&#8230;<\/h2>\n\n\n\n<p>En Europa ya exist\u00edan alubias antes del Descubrimiento de Am\u00e9rica, pero eran otras alubias. Las alubias europeas aut\u00f3ctonas se vinculan a la variedad conocida como carilla, del g\u00e9nero&nbsp;<em>Vigna<\/em>, mientras que las americanas pertenecen al g\u00e9nero&nbsp;<em>Phaseolus&nbsp;<\/em>(las jud\u00edas cl\u00e1sicas que hoy asociamos a tant\u00edsimos platos). Dicho de otro modo: la Espa\u00f1a medieval y moderna temprana ten\u00eda legumbres, pero la gran expansi\u00f3n de variedades y su salto a la fama popular vendr\u00edan despu\u00e9s,&nbsp;<strong>cuando el campo empez\u00f3 a experimentar<\/strong>&nbsp;con aquellas semillas americanas.<\/p>\n\n\n\n<p>Art\u00edculo recomendado<a href=\"https:\/\/historia.nationalgeographic.com.es\/a\/este-fue-alimento-que-ayudo-a-forjar-imperios-europeos_24463\">Este alimento fue propagado por el Imperio espa\u00f1ol y triunf\u00f3 por todo el mundoLeer art\u00edculo<\/a><\/p>\n\n\n\n<h2 class=\"wp-block-heading\">\u00bfQu\u00e9 ten\u00edan de especial las alubias americanas?<\/h2>\n\n\n\n<p><strong>Mejor adaptaci\u00f3n y rendimiento<\/strong>. Las variedades americanas llegaron con mejor aclimataci\u00f3n y crecimiento m\u00e1s r\u00e1pido, y si bien al principio se destinaron incluso a alimentaci\u00f3n animal, acabaron entrando en el recetario popular de todas las casas.<\/p>\n\n\n\n<p>Desde el punto de vista agron\u00f3mico, esto encaja con lo que sabemos de las leguminosas: adem\u00e1s de ser&nbsp;<strong>ricas en prote\u00edna<\/strong>, fijan nitr\u00f3geno en el suelo gracias a bacterias simbi\u00f3ticas,&nbsp;<strong>mejorando la fertilidad<\/strong>&nbsp;y haciendo m\u00e1s sostenible la rotaci\u00f3n de cultivos.<\/p>\n\n\n\n<p>Muchos cultivos americanos triunfaron en el Viejo Mundo porque complementaban a los cultivos existentes, por lo que no compet\u00edan, sino que ampliaban la capacidad de producir alimentos. Gracias a este extra de cultivo de alubias, hab\u00eda m\u00e1s alimento, m\u00e1s variedad y m\u00e1s resiliencia.<\/p>\n\n\n\n<figure class=\"wp-block-image\"><img decoding=\"async\" src=\"https:\/\/content-historia.nationalgeographic.com.es\/medio\/2026\/04\/28\/alubias_5986cdfc_2259685804_260428151820_800x534.webp\" alt=\"alubias\"\/><figcaption class=\"wp-element-caption\">Ahora asociamos las alubias a muchos platos regionales.iStock<\/figcaption><\/figure>\n\n\n\n<h2 class=\"wp-block-heading\">De Mesoam\u00e9rica al plato: el viaje global del frijol<\/h2>\n\n\n\n<p>La historia profunda de&nbsp;<em>Phaseolus vulgaris&nbsp;<\/em>es largu\u00edsima. Los expertos sit\u00faan su&nbsp;<strong>domesticaci\u00f3n en Mesoam\u00e9rica y los Andes<\/strong>&nbsp;hace milenios y detallan c\u00f3mo, tras 1492, la jud\u00eda com\u00fan se convirti\u00f3 en un cultivo global pasando por rutas coloniales, adapt\u00e1ndose a nuevos climas y finalizando siendo algo completamente integrado en la alimentaci\u00f3n del d\u00eda a d\u00eda.<\/p>\n\n\n\n<p>Eso s\u00ed, las alubias no llegaron solas; viajaron con un paquete de novedades como los tomates, el ma\u00edz, el cacao o la patata y con una reconfiguraci\u00f3n brutal del mundo atl\u00e1ntico. Originalmente, las alubias americanas primero se usaron para el ganado y poco a poco se incorporaron a la cocina regional, hasta formar parte de preparaciones tan emblem\u00e1ticas como la fabada asturiana o las alubias con morcilla en Castilla, o con butifarra en Catalu\u00f1a.<\/p>\n\n\n\n<p><strong>La cocina espa\u00f1ola ya ten\u00eda tradici\u00f3n de guisos largos; lo que cambia es el protagonista vegetal.<\/strong>&nbsp;En t\u00e9rminos sociales, los frijoles o alubias han sido vistos a menudo como comida de pobres, precisamente por su capacidad de aportar prote\u00edna sin necesidad de carne y, en Espa\u00f1a, en un mundo de desigualdades alimentarias, las alubias ofrec\u00edan algo parecido a un seguro nutricional, un fondo de despensa, cuando muchos no ten\u00edan una econom\u00eda tan boyante como para permitirse comprar carne.<\/p>\n\n\n\n<p>As\u00ed las cosas, las alubias americanas pasaron a formar parte de la alimentaci\u00f3n espa\u00f1ola y a convivir con las alubias ya existentes. No se trata de que una expulsara a la otra;&nbsp;<strong>convivieron<\/strong>. Pero s\u00ed es cierto que gracias a ellas, el repertorio europeo (y, por ende, el espa\u00f1ol), se ampli\u00f3 y se hizo m\u00e1s flexible. Cuando la agricultura dispone de m\u00e1s cartas, es m\u00e1s dif\u00edcil que una mala temporada se convierta en cat\u00e1strofe. Esta prote\u00edna barata, que se conservaba tan bien, encajaba tan bien en la cultura del guiso, y aportaba a la agricultura una aliada silenciosa, se convirti\u00f3 en un t\u00e1ndem perfecto para mejorar el suelo y ampliar el abanico de cultivos posibles.<\/p>\n\n\n\n<p>Fuente: <a href=\"https:\/\/historia.nationalgeographic.com.es\/contexto\/llegada-este-alimento-procedente-america-transformo-platos-cultivos-y-dieta-espanola-durante-siglos_25948\">https:\/\/historia.nationalgeographic.com.es\/contexto\/llegada-este-alimento-procedente-america-transformo-platos-cultivos-y-dieta-espanola-durante-siglos_25948<\/a><\/p>\n","protected":false},"excerpt":{"rendered":"<p>Del frijol ind\u00edgena a la olla espa\u00f1ola: c\u00f3mo las jud\u00edas americanas reescribieron el recetario popular y se convirtieron en prote\u00edna [&hellip;]<\/p>\n","protected":false},"author":1,"featured_media":121454,"comment_status":"open","ping_status":"open","sticky":false,"template":"","format":"standard","meta":{"site-sidebar-layout":"default","site-content-layout":"","ast-site-content-layout":"default","site-content-style":"default","site-sidebar-style":"default","ast-global-header-display":"","ast-banner-title-visibility":"","ast-main-header-display":"","ast-hfb-above-header-display":"","ast-hfb-below-header-display":"","ast-hfb-mobile-header-display":"","site-post-title":"","ast-breadcrumbs-content":"","ast-featured-img":"","footer-sml-layout":"","theme-transparent-header-meta":"","adv-header-id-meta":"","stick-header-meta":"","header-above-stick-meta":"","header-main-stick-meta":"","header-below-stick-meta":"","astra-migrate-meta-layouts":"default","ast-page-background-enabled":"default","ast-page-background-meta":{"desktop":{"background-color":"var(--ast-global-color-4)","background-image":"","background-repeat":"repeat","background-position":"center center","background-size":"auto","background-attachment":"scroll","background-type":"","background-media":"","overlay-type":"","overlay-color":"","overlay-opacity":"","overlay-gradient":""},"tablet":{"background-color":"","background-image":"","background-repeat":"repeat","background-position":"center center","background-size":"auto","background-attachment":"scroll","background-type":"","background-media":"","overlay-type":"","overlay-color":"","overlay-opacity":"","overlay-gradient":""},"mobile":{"background-color":"","background-image":"","background-repeat":"repeat","background-position":"center center","background-size":"auto","background-attachment":"scroll","background-type":"","background-media":"","overlay-type":"","overlay-color":"","overlay-opacity":"","overlay-gradient":""}},"ast-content-background-meta":{"desktop":{"background-color":"var(--ast-global-color-5)","background-image":"","background-repeat":"repeat","background-position":"center center","background-size":"auto","background-attachment":"scroll","background-type":"","background-media":"","overlay-type":"","overlay-color":"","overlay-opacity":"","overlay-gradient":""},"tablet":{"background-color":"var(--ast-global-color-5)","background-image":"","background-repeat":"repeat","background-position":"center center","background-size":"auto","background-attachment":"scroll","background-type":"","background-media":"","overlay-type":"","overlay-color":"","overlay-opacity":"","overlay-gradient":""},"mobile":{"background-color":"var(--ast-global-color-5)","background-image":"","background-repeat":"repeat","background-position":"center center","background-size":"auto","background-attachment":"scroll","background-type":"","background-media":"","overlay-type":"","overlay-color":"","overlay-opacity":"","overlay-gradient":""}},"footnotes":""},"categories":[8],"tags":[48740,48743,48741,48742,48745,48744],"class_list":["post-121453","post","type-post","status-publish","format-standard","has-post-thumbnail","hentry","category-noticias","tag-alubias-americanas","tag-frijol-indigena","tag-frijoles-mesoamerica","tag-inteercambio-colombiano","tag-judias-americanas","tag-olla-espanola"],"_links":{"self":[{"href":"https:\/\/losperiodistas.com.mx\/portal\/wp-json\/wp\/v2\/posts\/121453","targetHints":{"allow":["GET"]}}],"collection":[{"href":"https:\/\/losperiodistas.com.mx\/portal\/wp-json\/wp\/v2\/posts"}],"about":[{"href":"https:\/\/losperiodistas.com.mx\/portal\/wp-json\/wp\/v2\/types\/post"}],"author":[{"embeddable":true,"href":"https:\/\/losperiodistas.com.mx\/portal\/wp-json\/wp\/v2\/users\/1"}],"replies":[{"embeddable":true,"href":"https:\/\/losperiodistas.com.mx\/portal\/wp-json\/wp\/v2\/comments?post=121453"}],"version-history":[{"count":1,"href":"https:\/\/losperiodistas.com.mx\/portal\/wp-json\/wp\/v2\/posts\/121453\/revisions"}],"predecessor-version":[{"id":121455,"href":"https:\/\/losperiodistas.com.mx\/portal\/wp-json\/wp\/v2\/posts\/121453\/revisions\/121455"}],"wp:featuredmedia":[{"embeddable":true,"href":"https:\/\/losperiodistas.com.mx\/portal\/wp-json\/wp\/v2\/media\/121454"}],"wp:attachment":[{"href":"https:\/\/losperiodistas.com.mx\/portal\/wp-json\/wp\/v2\/media?parent=121453"}],"wp:term":[{"taxonomy":"category","embeddable":true,"href":"https:\/\/losperiodistas.com.mx\/portal\/wp-json\/wp\/v2\/categories?post=121453"},{"taxonomy":"post_tag","embeddable":true,"href":"https:\/\/losperiodistas.com.mx\/portal\/wp-json\/wp\/v2\/tags?post=121453"}],"curies":[{"name":"wp","href":"https:\/\/api.w.org\/{rel}","templated":true}]}}