{"id":12145,"date":"2021-08-25T11:43:13","date_gmt":"2021-08-25T16:43:13","guid":{"rendered":"http:\/\/losperiodistas.com.mx\/portal\/?p=12145"},"modified":"2021-08-25T11:43:14","modified_gmt":"2021-08-25T16:43:14","slug":"los-detectives-de-leonardo-da-vinci-asi-buscan-a-sus-parientes-y-las-claves-de-su-genialidad-papel","status":"publish","type":"post","link":"https:\/\/losperiodistas.com.mx\/portal\/los-detectives-de-leonardo-da-vinci-asi-buscan-a-sus-parientes-y-las-claves-de-su-genialidad-papel\/","title":{"rendered":"Los detectives de Leonardo da Vinci: as\u00ed buscan a sus parientes y las claves de su genialidad | Papel"},"content":{"rendered":"\n<p style=\"font-size:18px\"><em>Historiadores y genetistas se han aliado para trazar su \u00e1rbol geneal\u00f3gico, al que acaban de a\u00f1adir 14 parientes directos varones vivos. Buscan, adem\u00e1s, los restos de Leonardo para intentar secuenciar su genoma y reconstruir c\u00f3mo era el genio toscano<\/em><\/p>\n\n\n\n<p><\/p>\n\n\n\n<figure class=\"wp-block-image size-large\"><img fetchpriority=\"high\" decoding=\"async\" width=\"1024\" height=\"983\" src=\"https:\/\/losperiodistas.com.mx\/portal\/wp-content\/uploads\/2021\/08\/Captura-de-Pantalla-2021-08-25-a-las-11.36.11-1024x983.jpg\" alt=\"\" class=\"wp-image-12146\" srcset=\"https:\/\/losperiodistas.com.mx\/portal\/wp-content\/uploads\/2021\/08\/Captura-de-Pantalla-2021-08-25-a-las-11.36.11-1024x983.jpg 1024w, https:\/\/losperiodistas.com.mx\/portal\/wp-content\/uploads\/2021\/08\/Captura-de-Pantalla-2021-08-25-a-las-11.36.11-300x288.jpg 300w, https:\/\/losperiodistas.com.mx\/portal\/wp-content\/uploads\/2021\/08\/Captura-de-Pantalla-2021-08-25-a-las-11.36.11-768x737.jpg 768w, https:\/\/losperiodistas.com.mx\/portal\/wp-content\/uploads\/2021\/08\/Captura-de-Pantalla-2021-08-25-a-las-11.36.11-1536x1474.jpg 1536w, https:\/\/losperiodistas.com.mx\/portal\/wp-content\/uploads\/2021\/08\/Captura-de-Pantalla-2021-08-25-a-las-11.36.11.jpg 2046w\" sizes=\"(max-width: 1024px) 100vw, 1024px\" \/><figcaption>Autorretrato (1513), conservado en la Biblioteca Real de Tur\u00edn<\/figcaption><\/figure>\n\n\n\n<p><\/p>\n\n\n\n<p class=\"has-vivid-cyan-blue-color has-text-color has-medium-font-size\">TERESA GUERRERO \/ Madrid \/ PAPEL \/ EL MUNDO<\/p>\n\n\n\n<p>La polimat\u00eda, una palabra que procede del griego y que literalmente significa &#8216;aprender mucho&#8217;, describe la sabidur\u00eda en varias disciplinas. A lo largo de la historia ha habido famosos pol\u00edmatas, individuos que acumularon conocimientos en campos diversos. Si se hiciera un<em>&nbsp;ranking<\/em>, muy probable y merecidamente lo encabezar\u00eda Leonardo da Vinci (Vinci, 1452- Amboise, 1519).<\/p>\n\n\n\n<p>El genio toscano no s\u00f3lo pint\u00f3 alguna de las obras m\u00e1s importantes de la historia del arte; durante toda su vida mostr\u00f3 una curiosidad insaciable que, unida a sus extraordinarias capacidades, le permiti\u00f3 destacar en muchas \u00e1reas de la ciencia y las humanidades: fue anatomista, arquitecto, urbanista, bot\u00e1nico, escultor y fil\u00f3sofo. Como ingeniero concibi\u00f3 armas de guerra y realiz\u00f3 inventos y dise\u00f1os asombrosamente adelantados a su tiempo, esbozando submarinos o helic\u00f3pteros. Tambi\u00e9n se le daba bien la poes\u00eda y la m\u00fasica.<\/p>\n\n\n\n<p>Lo que no hizo fue tener hijos. Que se sepa, Leonardo di ser Piero da Vinci (Leonardo, hijo del maestro Piero de Vinci) no dej\u00f3 descendencia ni se cas\u00f3, pero s\u00ed tuvo en total 27 medios hermanos (22 por parte paterna -13 chicos y nueve chicas- y cinco por v\u00eda materna -cuatro chicas y un chico-). Porque Leonardo<strong>&nbsp;fue hijo ileg\u00edtimo<\/strong>&nbsp;de Piero Fruosino di Antonio, notario, canciller y embajador de la Rep\u00fablica de Florencia, y de Caterina, una sirviente de origen campesino que se cas\u00f3 cuando \u00e9l ten\u00eda cinco a\u00f1os.<\/p>\n\n\n\n<p>A partir de su vasta familia, dos apasionados leonardistas est\u00e1n trazando desde hace dos d\u00e9cadas su \u00e1rbol geneal\u00f3gico. Alessandro Vezzosi y Agnese Sabato han presentado este verano parte de los resultados de su investigaci\u00f3n detectivesca: han documentado 21 generaciones de varones que incluyen cinco ramas familiares y que cubren en total 690 a\u00f1os de historia. Y entre sus parientes en l\u00ednea directa,<strong>&nbsp;han encontrado a 14 familiares vivos.<\/strong><\/p>\n\n\n\n<p>Este nuevo estudio, publicado en la revista<em>&nbsp;Human Evolution,<\/em>&nbsp;completa y corrige errores de \u00e1rbolesprevios. Y es que ya en 2016, Vezzosi y Sabato presentaron en la localidad toscana de Vinci, la misma en la que naci\u00f3 Leonardo, a numerosos parientes vivos indirectos, pero s\u00f3lo a dos varones en l\u00ednea directa y pertenecientes los dos a una \u00fanica rama familiar.<\/p>\n\n\n\n<p>\u00abLa finalidad del art\u00edculo que acabamos de publicar era trazar una l\u00ednea directa masculina de los descendientes para identificar a los varones, portadores del cromosoma Y, el \u00fanico que permite un an\u00e1lisis cient\u00edfico preliminar\u00bb, explica a&nbsp;<em>Papel&nbsp;<\/em>Agnese Sabato, investigadora de la Universidad de Florencia y directora de la Leonardo Da Vinci Heritage Association (la Asociaci\u00f3n para la Herencia de Leonardo).<\/p>\n\n\n\n<figure class=\"wp-block-pullquote\"><blockquote><p>Todos los parientes estuvieron encantados de colaborar aunque al principio se sorprendieron. Est\u00e1n agradecidos y muy orgullosos pero, \u00bfqui\u00e9n no lo estar\u00eda?<\/p><p><strong>AGNESE SABATO, HISTORIADIORA Y DIRECTORA DE LA LEONARDO DA VINCI HERITAGE ASSOCIATION<\/strong><\/p><\/blockquote><\/figure>\n\n\n\n<p><strong>Los hijos siempre heredan el cromosoma Y del padre<\/strong>, por lo que la l\u00ednea paterna podr\u00eda llevar a este equipo a obtener una r\u00e9plica exacta del cromosoma Y de Leonardo, o con las pocas mutaciones que probablemente se han producido en una veintena de generaciones. Por otro lado, el ADN mitocondrial se transmite por la madre, as\u00ed que reconstruyendo la l\u00ednea materna se podr\u00eda localizar a parientes que compartan una parte de su ADN.<\/p>\n\n\n\n<h2 class=\"wp-block-heading\">14 PARIENTES DIRECTOS VIVOS<\/h2>\n\n\n\n<p>Leonardo vivi\u00f3 en casa de su padre como si fuera un hijo leg\u00edtimo, pero quiz\u00e1s por no serlo, sol\u00eda firmar sin el apellido, s\u00f3lo con su nombre de pila. Con el paso de los siglos, el apellido evolucion\u00f3 hasta perder el &#8216;da&#8217;, as\u00ed que todos los descendientes actuales se apellidan simplemente Vinci.<\/p>\n\n\n\n<p>De los 14 varones en l\u00ednea directa localizados vivos, se ha publicado la identidad de siete pues cuatro son menores de edad (dos gemelos nacidos en 2012, uno en 2018 y otro en 2020) y el resto ha preferido permanecer en el anonimato.&nbsp;<strong>Todos viven en la Toscana<\/strong>, seg\u00fan detalla Sabato.<\/p>\n\n\n\n<figure class=\"wp-block-image\"><img decoding=\"async\" src=\"https:\/\/e00-elmundo.uecdn.es\/assets\/multimedia\/imagenes\/2021\/08\/19\/16293897768700.jpg\" alt=\"Los historiadores Alessandro Vezzosi y Agnese Sabato posan con el \u00e1rbol geneal\u00f3gico de Leonardo\"\/><figcaption>Los historiadores Alessandro Vezzosi y Agnese Sabato posan con el \u00e1rbol geneal\u00f3gico de Leonardo<\/figcaption><\/figure>\n\n\n\n<p>\u00bfC\u00f3mo reaccionaron al saber que eran familia de Leonardo? \u00abTodos estuvieron encantados de colaborar. Al principio algunos se sorprendieron mucho y quer\u00edan saber qui\u00e9nes \u00e9ramos y que est\u00e1bamos haciendo, pero despu\u00e9s&nbsp;<strong>nos han entregado im\u00e1genes y documentos de su familia, y nos han contado los recuerdos que ten\u00edan.<\/strong>&nbsp;Ahora est\u00e1n agradecidos por este gran trabajo y muy orgullosos pero, \u00bfqui\u00e9n no lo estar\u00eda?\u00bb, se\u00f1ala la investigadora de la Universidad de Florencia.<\/p>\n\n\n\n<p>Inevitable buscar en sus trayectorias alguna similitud con las de su famoso pariente renacentista.<\/p>\n\n\n\n<p>Una de las m\u00e1s llamativas es la de Paolo Vinci (conocido como Dalmazio). Nacido en 1935, fue comerciante de porcelana pero tambi\u00e9n piloto de aviones (cofund\u00f3 un club a\u00e9reo), patr\u00f3n de barco y, como Leonardo, inventor (tiene varias patentes). \u00ab\u00c9l fue un genio incomparable y&nbsp;<strong>es un honor para m\u00ed compartir una parte infinitesimal de su herencia gen\u00e9tica\u00bb<\/strong>, se\u00f1ala Paolo, que no se imaginaba que era pariente suyo pese a que hace 60 a\u00f1os, cuando ten\u00eda 25, le dijeron durante una visita al museo de Vinci que era descendiente de su familia: \u00abTodo qued\u00f3 ah\u00ed hasta ahora, que tengo 85 a\u00f1os, y Alessandro Vezzosi y Agnese Sabato han contactado conmigo para ense\u00f1arme su investigaci\u00f3n que demuestra que es cierto ese v\u00ednculo\u00bb.<\/p>\n\n\n\n<figure class=\"wp-block-pullquote\"><blockquote><p>De peque\u00f1o me preguntaban con frecuencia si era un descendiente de Leonardo pero nunca pens\u00e9 que acabar\u00eda respondiendo que s\u00ed<\/p><p><strong>GIANNI VINCI, EX INSPECTOR DEL AYUNTAMIENTO DE MONTELUPO FIORENTINO Y ARTISTA<\/strong><\/p><\/blockquote><\/figure>\n\n\n\n<p><br>\u00abDe peque\u00f1o me preguntaban con frecuencia si era un descendiente de Leonardo pero nunca pens\u00e9 que acabar\u00eda respondiendo que s\u00ed\u00bb, asegura Gianni Vinci (nacido en 1958), el \u00fanico de los 14 parientes localizados en este estudio que tambi\u00e9n se ha dedicado al arte, adem\u00e1s de trabajar durante 40 a\u00f1os como inspector del Ayuntamiento de Montelupo Fiorentino. \u00abComo artista creo que no tengo nada en com\u00fan con Leonardo, quiz\u00e1s un poco de su t\u00e9cnica, o al menos me gusta pensar eso\u00bb, se\u00f1ala.<\/p>\n\n\n\n<p>Entre los parientes vivos hay tambi\u00e9n un artesano tapicero jubilado, un funcionario apasionado de la m\u00fasica y el motociclismo, varios oficinistas y un ex artillero militar. La investigaci\u00f3n documenta asimismo la vida de otros descendientes ya fallecidos, entre los que figuran molineros, granjeros, artesanos, carreteros, comerciantes, mec\u00e1nicos o empresarios. Uno de ellos, Tito Vinci, fallecido en 1975, combati\u00f3 en la I Guerra Mundial y fue prisionero en Budapest en 1917, mientras que Mario Vinci, muerto en 2018, fue un apasionado de la astronom\u00eda que colabor\u00f3 en la construcci\u00f3n del observatorio Beppe Forti. Un asteroide (20195) ha sido bautizado con su nombre.<\/p>\n\n\n\n<h2 class=\"wp-block-heading\">LAS DA VINCI<\/h2>\n\n\n\n<p>Aunque este estudio se centra en los parientes directos varones, Sabato explica que tanto hombres como mujeres aparecer\u00e1n en el nuevo \u00e1rbol geneal\u00f3gico que est\u00e1n elaborando:\u00a0<strong>\u00abHemos incluido los datos de todas las mujeres, que generalmente no se ten\u00edan en cuenta o se descuidaban<\/strong>\u00a0tanto en los libros de familia desde el siglo XIV como en los \u00e1rboles geneal\u00f3gicos hist\u00f3ricos. Esto ocurr\u00eda por varios motivos: s\u00f3lo excepcionalmente las hijas eran las herederas. Se les destinaba una dote y muchas veces eran excluidas de los legados patrimoniales. Adem\u00e1s, las hermanas y las hijas que se casaban, se separaban de sus familias de origen. Pero en el banco de datos\u00a0<strong>Genia DaVinci\u00a0<\/strong>que estamos realizando las mujeres estar\u00e1n muy presentes\u00bb, asegura.<\/p>\n\n\n\n<figure class=\"wp-block-image\"><img decoding=\"async\" src=\"https:\/\/e00-elmundo.uecdn.es\/assets\/multimedia\/imagenes\/2021\/08\/19\/16293897733888.jpg\" alt=\"Gina Vinci (1900-1991), pariente de Leonardo\"\/><figcaption>Gina Vinci (1900-1991), pariente de Leonardo<strong>GIOVANNI CALOSI \/ L. DA VINCI HERITAGE<\/strong><\/figcaption><\/figure>\n\n\n\n<p>Una de las parientes femeninas es Gina Vinci (1900-1991), la se\u00f1ora que aparece en la foto. No podemos mostrarles im\u00e1genes de los parientes varones directos porque como se excusa Sabato, ser\u00e1n presentados cuando se publique pr\u00f3ximamente un libro dedicado a la iconograf\u00eda del proyecto. Por lo que respecta a los parecidos con Leonardo, la historiadora afirma que \u00abcomparando los rostros de algunos parientes de la generaci\u00f3n XVII y XVIII (de finales del Ottocento y principios del Novecento)<strong>&nbsp;hay afinidades morfol\u00f3gicas sorprendentes\u00bb.<\/strong><\/p>\n\n\n\n<h2 class=\"wp-block-heading\">A LA B\u00daSQUEDA DE SU GENOMA<\/h2>\n\n\n\n<p>Est\u00e1 siendo una aut\u00e9ntica b\u00fasqueda detectivesca -Agnese Sabato lleva inmersa en ella desde 1993 mientras que Alessandro Vezzosi, que ese a\u00f1o fund\u00f3 en Vinci el Museo Leonardo da Vinci Ideal y ha organizado numerosas exposiciones, comenz\u00f3 en 1973 la b\u00fasqueda de sus familiares-. La misi\u00f3n de una vida para estos dos leonardistas que en los \u00faltimos a\u00f1os ha recibido un empuj\u00f3n gracias a las modernas t\u00e9cnicas de an\u00e1lisis de ADN, que no s\u00f3lo est\u00e1n permitiendo recopilar a los miembros de esta familia nacidos desde el siglo XIV.<\/p>\n\n\n\n<p>Los cient\u00edficos del&nbsp;<a href=\"https:\/\/www.jcvi.org\/research\/leonardo-da-vinci-dna-project\" target=\"_blank\" rel=\"noreferrer noopener\">Proyecto de ADN Leonardo da Vinci,&nbsp;<\/a>cuya sede est\u00e1 en la Universidad Rockefeller de Nueva York e involucra tambi\u00e9n a la Universidad de Florencia y al Instituto Craig Venter, se han propuesto obtener el genoma de Leonardo a partir de todos los materiales gen\u00e9ticos que puedan encontrar: desde los restos biol\u00f3gicos que hay en sus cuadros, sus escritos y el material que usaba; el&nbsp;<strong>ADN de sus familiares vivos y muertos y, si logran dar con ellos, los huesos del italiano y de su padre.<\/strong><\/p>\n\n\n\n<p>Leonardo muri\u00f3 tres a\u00f1os despu\u00e9s de llegar a Francia por invitaci\u00f3n del rey Francisco I y&nbsp;<strong>se cree que sus restos descansan en la capilla Saint-Hubert del Castillo de Amboise<\/strong>. Pero aunque existe una tumba con su nombre, hay dudas sobre si ese esqueleto es de Da Vinci. Unos restos atribuidos al pintor fueron trasladados al castillo de Amboise en el siglo XIX desde la iglesia del palacio de Saint-Florentin de Amboise, que durante su convulsa historia sufri\u00f3 saqueos y sus tumbas fueron profanadas: \u00abNadie sabe realmente qu\u00e9 hay en la tumba de la capilla de Amboise. Es una novela de misterio\u00bb, se\u00f1ala a trav\u00e9s de un correo electr\u00f3nico Jesse Ausubel, director del programa Human Environment en la Universidad Rockefeller y vicepresidente de la Fundaci\u00f3n Richard Lounsbery, que financia el Proyecto de ADN.<\/p>\n\n\n\n<figure class=\"wp-block-pullquote\"><blockquote><p>Nadie sabe realmente qu\u00e9 hay en la tumba de la capilla de Amboise [en la que se cree que se enterr\u00f3 a Leonardo]. Es una novela de misterio<\/p><p><strong>JESSE AUSUBEL, VICEPRESIDENTE DE LA FUNDACI\u00d3N RICHARD LOUNSBERY<\/strong><\/p><\/blockquote><\/figure>\n\n\n\n<p>\u00abEsperamos poder anunciar importantes progresos antes de que termine 2022\u00bb, dice Ausubel que anticipa que&nbsp;<strong>\u00abvarios familiares vivos de Leonardo participar\u00e1n en la investigaci\u00f3n\u00bb.<\/strong><\/p>\n\n\n\n<p>Como explica en entrevista telef\u00f3nica Jos\u00e9 Antonio Lorente, catedr\u00e1tico de Medicina Legal y Forense de la Universidad de Granada y miembro del Leonardo da Vinci DNA Project,&nbsp;<strong>el plan es comparar el an\u00e1lisis del ADN de los parientes vivos con los restos que sean encontrados en la tumba francesa<\/strong>&nbsp;en la que se cree que est\u00e1 Leonardo, y en las tumbas de otros familiares en Italia para verificar su identidad.<\/p>\n\n\n\n<p>Anne Leader, investigadora del Instituto de Tecnolog\u00eda Avanzada en Humanidades de la Universidad de Virginia, es una aut\u00e9ntica experta en las tumbas de la familia Da Vinci. Tal y como explica a trav\u00e9s de un correo electr\u00f3nico, se conocen algunas de las tumbas donde est\u00e1n sus familiares pero admite que&nbsp;<strong>ser\u00e1 complicado dar con los restos de Leonardo<\/strong>, enterrados en el castillo de Amboise, en Francia, y de su padre, Piero Frusino.<\/p>\n\n\n\n<p>\u00abEs seguro que el padre fue enterrado en la Badia Fiorentina, al igual que nueve de sus hijos, pero por las mismas razones que las de Leonardo es muy improbable que los encontramos porque la iglesia fue renovada completamente a mediados del s. XVII y ha habido numerosas inundaciones catastr\u00f3ficas, entre ellas las de 1966. Y si se encuentra, lo m\u00e1s probable es que encontremos no s\u00f3lo los restos de los parientes y el resto de personas enterradas entre 1474 and 1614, posiblemente hay restos posteriores, y quiz\u00e1s las criptas fueron vaciadas en los siglos XVIII y XIX, aunque es algo que no sabemos\u00bb, explica.<\/p>\n\n\n\n<h2 class=\"wp-block-heading\">RETRATO ROBOT DE LEONARDO<\/h2>\n\n\n\n<p>Y es que las expectativas son altas pero tambi\u00e9n realistas y, por ello, dice Lorente, est\u00e1n trabajando \u00absin prisa pero de forma segura y con un equipo multidisciplinar\u00bb. Adem\u00e1s de bucear en los or\u00edgenes de sus padres, su genoma podr\u00eda ayudar a explicar su extraordinaria visi\u00f3n o su capacidad de abstracci\u00f3n que como dice este genetista, \u00able permit\u00eda distinguir liger\u00edsimas variaciones en los colores, retratar con asombrosos detalles p\u00e1jaros y otros seres en movimiento, como si pudiera verlos a c\u00e1mara lenta, o dibujar tridimensionalmente con gran precisi\u00f3n. Hay genes involucrados en la agudeza visual\u00bb, se\u00f1ala.<\/p>\n\n\n\n<p>Pretenden tambi\u00e9n combinar las nuevas herramientas inform\u00e1ticas con los datos de la secuenciaci\u00f3n de su genoma para crear<strong>&nbsp;im\u00e1genes tridimensionales de Da Vinci.<\/strong>&nbsp;\u00abSe est\u00e1 investigando c\u00f3mo reconstruir la cara (la forma de la nariz o la barbilla) a partir del material gen\u00e9tico, lo que ser\u00eda muy \u00fatil tambi\u00e9n en investigaci\u00f3n policial\u00bb, dice Lorente.<\/p>\n\n\n\n<p>M\u00e1s complicado ser\u00e1 explicar las causas de su envejecimiento prematuro, as\u00ed como de la<strong>&nbsp;par\u00e1lisis que sufri\u00f3 en los \u00faltimos a\u00f1os de vida en su mano derecha,<\/strong>&nbsp;atribuida a un posible accidente cerebrovascular que habr\u00eda afectado a su capacidad para pintar. \u00abPodr\u00eda haber habido un componente gen\u00e9tico pero sus problemas de salud pero tambi\u00e9n haber sido debidos a una infecci\u00f3n o una intoxicaci\u00f3n al manejar productos que ahora sabemos que son t\u00f3xicos\u00bb, expone este catedr\u00e1tico en Medicina Forense. \u00abLas par\u00e1lisis motoras y sensitivas suelen deberse a alguna lesi\u00f3n no bien curada que dan problemas a largo plazo, pero podr\u00eda haber tenido alguna enfermedad neurodegenerativa que afectara a un brazo\u00bb, se\u00f1ala.<\/p>\n\n\n\n<figure class=\"wp-block-pullquote\"><blockquote><p>El an\u00e1lisis gen\u00e9tico es dirigido, tienes que saber lo que buscas. No se hace en su conjunto porque llevar\u00eda mucho tiempo y dinero y no tiene sentido<\/p><p><strong>JOS\u00c9 ANTONIO LORENTE, CATEDR\u00c1TICO DE MEDICINA LEGAL Y FORENSE DE LA UNIVERSIDAD DE GRANADA<\/strong><\/p><\/blockquote><\/figure>\n\n\n\n<p>No obstante, Lorente subraya que \u00abel an\u00e1lisis gen\u00e9tico es dirigido, es decir, tienes que saber lo que buscas. No se hace en su conjunto porque llevar\u00eda mucho tiempo y dinero y no tiene sentido\u00bb.<\/p>\n\n\n\n<p>Otro de los objetivos del proyecto ADN de Da Vinci, a\u00f1ade, es desarrollar tecnolog\u00edas a trav\u00e9s del microbioma (el genoma de los microorganismos que hay en todos los lugares) que sirvan para\u00a0<strong>autentificar obras de arte pict\u00f3ricas<\/strong>, aunque admite que es algo complejo. \u00abNo siempre ser\u00e1 posible pero los cuadros, al ser manipulados por sus autores, pueden conservar material gen\u00e9tico, sobre todo en la parte de atr\u00e1s. En estudios preliminares se han visto con microscopios de alta resoluci\u00f3n restos de pelos que podr\u00edan ser de una persona. Otros se han descartado al ser de pinceles. Pero si tienes el ADN de un pintor podr\u00edas autentificar obras suyas si se encuentra alg\u00fan resto en ellas\u00bb, adelanta.<\/p>\n\n\n\n<p>Fuente: https:\/\/www.elmundo.es\/papel\/historias\/2021\/08\/25\/611e7ae7fc6c83ed188b463f.html<\/p>\n","protected":false},"excerpt":{"rendered":"<p>Historiadores y genetistas se han aliado para trazar su \u00e1rbol geneal\u00f3gico, al que acaban de a\u00f1adir 14 parientes directos varones [&hellip;]<\/p>\n","protected":false},"author":1,"featured_media":12146,"comment_status":"open","ping_status":"open","sticky":false,"template":"","format":"standard","meta":{"site-sidebar-layout":"default","site-content-layout":"","ast-site-content-layout":"default","site-content-style":"default","site-sidebar-style":"default","ast-global-header-display":"","ast-banner-title-visibility":"","ast-main-header-display":"","ast-hfb-above-header-display":"","ast-hfb-below-header-display":"","ast-hfb-mobile-header-display":"","site-post-title":"","ast-breadcrumbs-content":"","ast-featured-img":"","footer-sml-layout":"","theme-transparent-header-meta":"","adv-header-id-meta":"","stick-header-meta":"","header-above-stick-meta":"","header-main-stick-meta":"","header-below-stick-meta":"","astra-migrate-meta-layouts":"default","ast-page-background-enabled":"default","ast-page-background-meta":{"desktop":{"background-color":"var(--ast-global-color-4)","background-image":"","background-repeat":"repeat","background-position":"center center","background-size":"auto","background-attachment":"scroll","background-type":"","background-media":"","overlay-type":"","overlay-color":"","overlay-opacity":"","overlay-gradient":""},"tablet":{"background-color":"","background-image":"","background-repeat":"repeat","background-position":"center center","background-size":"auto","background-attachment":"scroll","background-type":"","background-media":"","overlay-type":"","overlay-color":"","overlay-opacity":"","overlay-gradient":""},"mobile":{"background-color":"","background-image":"","background-repeat":"repeat","background-position":"center center","background-size":"auto","background-attachment":"scroll","background-type":"","background-media":"","overlay-type":"","overlay-color":"","overlay-opacity":"","overlay-gradient":""}},"ast-content-background-meta":{"desktop":{"background-color":"var(--ast-global-color-5)","background-image":"","background-repeat":"repeat","background-position":"center center","background-size":"auto","background-attachment":"scroll","background-type":"","background-media":"","overlay-type":"","overlay-color":"","overlay-opacity":"","overlay-gradient":""},"tablet":{"background-color":"var(--ast-global-color-5)","background-image":"","background-repeat":"repeat","background-position":"center center","background-size":"auto","background-attachment":"scroll","background-type":"","background-media":"","overlay-type":"","overlay-color":"","overlay-opacity":"","overlay-gradient":""},"mobile":{"background-color":"var(--ast-global-color-5)","background-image":"","background-repeat":"repeat","background-position":"center center","background-size":"auto","background-attachment":"scroll","background-type":"","background-media":"","overlay-type":"","overlay-color":"","overlay-opacity":"","overlay-gradient":""}},"footnotes":""},"categories":[8],"tags":[3570,3571,3569,3568],"class_list":["post-12145","post","type-post","status-publish","format-standard","has-post-thumbnail","hentry","category-noticias","tag-agnese-sabato","tag-alessandro-vezzosi","tag-herederos-de-da-vinci","tag-leonardo-da-vinci"],"_links":{"self":[{"href":"https:\/\/losperiodistas.com.mx\/portal\/wp-json\/wp\/v2\/posts\/12145","targetHints":{"allow":["GET"]}}],"collection":[{"href":"https:\/\/losperiodistas.com.mx\/portal\/wp-json\/wp\/v2\/posts"}],"about":[{"href":"https:\/\/losperiodistas.com.mx\/portal\/wp-json\/wp\/v2\/types\/post"}],"author":[{"embeddable":true,"href":"https:\/\/losperiodistas.com.mx\/portal\/wp-json\/wp\/v2\/users\/1"}],"replies":[{"embeddable":true,"href":"https:\/\/losperiodistas.com.mx\/portal\/wp-json\/wp\/v2\/comments?post=12145"}],"version-history":[{"count":1,"href":"https:\/\/losperiodistas.com.mx\/portal\/wp-json\/wp\/v2\/posts\/12145\/revisions"}],"predecessor-version":[{"id":12147,"href":"https:\/\/losperiodistas.com.mx\/portal\/wp-json\/wp\/v2\/posts\/12145\/revisions\/12147"}],"wp:featuredmedia":[{"embeddable":true,"href":"https:\/\/losperiodistas.com.mx\/portal\/wp-json\/wp\/v2\/media\/12146"}],"wp:attachment":[{"href":"https:\/\/losperiodistas.com.mx\/portal\/wp-json\/wp\/v2\/media?parent=12145"}],"wp:term":[{"taxonomy":"category","embeddable":true,"href":"https:\/\/losperiodistas.com.mx\/portal\/wp-json\/wp\/v2\/categories?post=12145"},{"taxonomy":"post_tag","embeddable":true,"href":"https:\/\/losperiodistas.com.mx\/portal\/wp-json\/wp\/v2\/tags?post=12145"}],"curies":[{"name":"wp","href":"https:\/\/api.w.org\/{rel}","templated":true}]}}