{"id":121447,"date":"2026-05-01T08:40:57","date_gmt":"2026-05-01T14:40:57","guid":{"rendered":"https:\/\/losperiodistas.com.mx\/portal\/?p=121447"},"modified":"2026-05-01T08:40:58","modified_gmt":"2026-05-01T14:40:58","slug":"el-papa-leon-xiv-en-mayo-que-nadie-quede-excluido-de-la-mesa-comun-vatican-news","status":"publish","type":"post","link":"https:\/\/losperiodistas.com.mx\/portal\/el-papa-leon-xiv-en-mayo-que-nadie-quede-excluido-de-la-mesa-comun-vatican-news\/","title":{"rendered":"El Papa Le\u00f3n XIV en mayo: \u00abQue nadie quede excluido de la mesa com\u00fan\u00bb | Vatican News"},"content":{"rendered":"\n<p class=\"has-luminous-vivid-amber-background-color has-background has-medium-font-size\">Ante la creciente crisis alimentaria mundial y el escandaloso desperdicio de recursos, el Pont\u00edfice lanza su intenci\u00f3n de oraci\u00f3n para el mes de mayo. Una llamada urgente a transformar la l\u00f3gica del consumo ego\u00edsta en una cultura de solidaridad, sobriedad y cuidado del pr\u00f3jimo.<\/p>\n\n\n\n<figure class=\"wp-block-embed is-type-video is-provider-youtube wp-block-embed-youtube wp-embed-aspect-16-9 wp-has-aspect-ratio\"><div class=\"wp-block-embed__wrapper\">\n<iframe title=\"Reza con el Papa: Por una alimentaci\u00f3n para todos | Mayo 2026\" width=\"500\" height=\"281\" src=\"https:\/\/www.youtube.com\/embed\/pw0ClB7-kM8?feature=oembed\" frameborder=\"0\" allow=\"accelerometer; autoplay; clipboard-write; encrypted-media; gyroscope; picture-in-picture; web-share\" referrerpolicy=\"strict-origin-when-cross-origin\" allowfullscreen><\/iframe>\n<\/div><\/figure>\n\n\n\n<h1 class=\"wp-block-heading\"><\/h1>\n\n\n\n<p class=\"has-vivid-red-color has-text-color has-link-color has-medium-font-size wp-elements-6cc72f4b7ab688ba4122d9aa81499234\"><strong>Sebasti\u00e1n Sans\u00f3n Ferrari \/ Vatican News <\/strong><\/p>\n\n\n\n<p>Ciudad del Vaticano<\/p>\n\n\n\n<p>En un mundo marcado por la paradoja de la abundancia desperdiciada frente a la carencia extrema, el Papa Le\u00f3n XIV eleva su voz para poner el foco en uno de los desaf\u00edos m\u00e1s lacerantes de nuestra \u00e9poca: el hambre y el desperdicio alimentario. A trav\u00e9s de la campa\u00f1a \u00abReza con el Papa\u00bb, impulsada por la Red Mundial de Oraci\u00f3n del Papa, el Pont\u00edfice convoca a los fieles y a las personas de buena voluntad a unirse en el mes de mayo con una intenci\u00f3n clara: \u00abPor una alimentaci\u00f3n para todos\u00bb.<\/p>\n\n\n\n<h2 class=\"wp-block-heading\">El dolor ante el hambre<\/h2>\n\n\n\n<p>El Santo Padre reconoce, con un profundo dolor, la brecha que separa a la mesa de muchos de la realidad que viven millones de hermanos y hermanas. En su mensaje, el Papa invita a los creyentes a despertar una nueva conciencia, instando a aprender a agradecer cada alimento, a consumir con sencillez y a compartir con alegr\u00eda, reconociendo que los frutos de la tierra no son una propiedad privada, sino un \u00abdon de Dios destinado a todos, no solo a unos pocos\u00bb.<\/p>\n\n\n\n<p>La propuesta de Le\u00f3n XIV es una transici\u00f3n necesaria: pasar de la \u00abl\u00f3gica del consumo ego\u00edsta a una cultura de solidaridad\u00bb. Esto implica, concretamente, promover gestos como el apoyo a bancos de alimentos, campa\u00f1as de sensibilizaci\u00f3n y la adopci\u00f3n de estilos de vida m\u00e1s sobrios y responsables.<\/p>\n\n\n\n<h2 class=\"wp-block-heading\">Una crisis global que no admite indiferencia<\/h2>\n\n\n\n<p>La urgencia de esta oraci\u00f3n encuentra su fundamento en datos alarmantes. Seg\u00fan el&nbsp;<em>WFP 2026 Global Outlook<\/em>, presentado por el Programa Mundial de Alimentos, se estima que 318 millones de personas enfrentan este a\u00f1o niveles de crisis de hambre o situaciones m\u00e1s graves. La inestabilidad, especialmente en Oriente Medio, amenaza con empujar a otros 45 millones de personas hacia una situaci\u00f3n de hambre aguda en los pr\u00f3ximos meses.<\/p>\n\n\n\n<p>A esto se suma el preocupante balance del informe&nbsp;<em>El estado de la seguridad alimentaria y la nutrici\u00f3n en el mundo 2025<\/em>, elaborado por organismos de la ONU, que situaba en 673 millones el n\u00famero de personas que sufrieron hambre en 2024, con m\u00e1s de 2.600 millones de personas imposibilitadas de acceder a una dieta saludable. La FAO y el PMA alertan que, durante 2026, la inseguridad alimentaria seguir\u00e1 agrav\u00e1ndose en, al menos, 16 pa\u00edses y territorios identificados como puntos cr\u00edticos.<\/p>\n\n\n\n<p>Esta realidad cobra tintes dram\u00e1ticos al contrastarla con el desperdicio. El Programa de las Naciones Unidas para el Medio Ambiente (PNUMA) se\u00f1ala que el mundo desperdicia m\u00e1s de 1.000 millones de toneladas de alimentos, un fen\u00f3meno que, adem\u00e1s, impacta gravemente en el clima al generar entre el 8% y el 10% de las emisiones globales de gases de efecto invernadero.<\/p>\n\n\n\n<h2 class=\"wp-block-heading\">Pasar de la oraci\u00f3n a la acci\u00f3n<\/h2>\n\n\n\n<p>El Padre Crist\u00f3bal Fones, director internacional de la Red Mundial de Oraci\u00f3n del Papa, subraya que la intenci\u00f3n del Pont\u00edfice nace de su propia cercan\u00eda con el dolor ajeno. \u00abEsta intenci\u00f3n nace del coraz\u00f3n del Papa. Le duele profundamente que tantas personas en el mundo no puedan acceder a algo tan esencial y tan humano como es la comida\u00bb, afirma.<\/p>\n\n\n\n<p>Fones enfatiza que el llamado no es \u00fanicamente a la contemplaci\u00f3n espiritual, sino a \u00abactuar con determinaci\u00f3n\u00bb, sin caer en la indiferencia. Bajo esta \u00f3ptica, el pan deja de ser un simple \u00abobjeto de consumo\u00bb para convertirse, seg\u00fan la visi\u00f3n del Papa, en un signo de comuni\u00f3n y cuidado, cerrando con una petici\u00f3n evang\u00e9lica que resuena en todo el mundo: \u00abQue nadie quede excluido de la mesa com\u00fan\u00bb.<\/p>\n\n\n\n<h2 class=\"wp-block-heading\">Reza con el Papa Le\u00f3n XIV<\/h2>\n\n\n\n<p><em>En el nombre del Padre, y del Hijo, y del Esp\u00edritu Santo. Am\u00e9n.<\/em><\/p>\n\n\n\n<p><em>Se\u00f1or de la creaci\u00f3n,<\/em><\/p>\n\n\n\n<p><em>T\u00fa nos diste la tierra fecunda y, con ella, nuestro pan de cada d\u00eda,<\/em><\/p>\n\n\n\n<p><em>como signo de tu amor y providencia.<\/em><\/p>\n\n\n\n<p><em>Hoy reconocemos con dolor<\/em><\/p>\n\n\n\n<p><em>que millones de hermanos y hermanas siguen padeciendo hambre,<\/em><\/p>\n\n\n\n<p><em>mientras tantos bienes se desperdician en nuestras mesas.<\/em><\/p>\n\n\n\n<p><em>Despierta en nosotros una nueva conciencia:<\/em><\/p>\n\n\n\n<p><em>que aprendamos a agradecer cada alimento,<\/em><\/p>\n\n\n\n<p><em>a consumir con sencillez,<\/em><\/p>\n\n\n\n<p><em>a compartir con alegr\u00eda,<\/em><\/p>\n\n\n\n<p><em>y a cuidar los frutos de la tierra como un don tuyo,<\/em><\/p>\n\n\n\n<p><em>destinado a todos, no solo a unos pocos.<\/em><\/p>\n\n\n\n<p><em>Padre bueno,<\/em><\/p>\n\n\n\n<p><em>haznos capaces de transformar la l\u00f3gica del consumo ego\u00edsta<\/em><\/p>\n\n\n\n<p><em>en una cultura de solidaridad.<\/em><\/p>\n\n\n\n<p><em>Que nuestras comunidades promuevan gestos concretos:<\/em><\/p>\n\n\n\n<p><em>campa\u00f1as de sensibilizaci\u00f3n, bancos de alimentos,<\/em><\/p>\n\n\n\n<p><em>y un estilo de vida sobrio y responsable.<\/em><\/p>\n\n\n\n<p><em>T\u00fa que nos enviaste a tu amado Hijo Jes\u00fas,<\/em><\/p>\n\n\n\n<p><em>pan partido para la vida del mundo,<\/em><\/p>\n\n\n\n<p><em>danos un coraz\u00f3n nuevo, con hambre de justicia y sed de fraternidad.<\/em><\/p>\n\n\n\n<p><em>Que nadie quede excluido de la mesa com\u00fan,<\/em><\/p>\n\n\n\n<p><em>y que tu Esp\u00edritu nos ense\u00f1e a mirar el pan<\/em><\/p>\n\n\n\n<p><em>no como un objeto de consumo,<\/em><\/p>\n\n\n\n<p><em>sino como un signo de comuni\u00f3n y cuidado.<\/em><\/p>\n\n\n\n<p><em>Am\u00e9n.<\/em><\/p>\n\n\n\n<p>Fuente: <a href=\"https:\/\/www.vaticannews.va\/es\/papa\/news\/2026-04\/intencion-oracion-papa-leon-xiv-mayo-alimentacion-para-todos.html\">https:\/\/www.vaticannews.va\/es\/papa\/news\/2026-04\/intencion-oracion-papa-leon-xiv-mayo-alimentacion-para-todos.html<\/a><\/p>\n","protected":false},"excerpt":{"rendered":"<p>Ante la creciente crisis alimentaria mundial y el escandaloso desperdicio de recursos, el Pont\u00edfice lanza su intenci\u00f3n de oraci\u00f3n para [&hellip;]<\/p>\n","protected":false},"author":1,"featured_media":121448,"comment_status":"open","ping_status":"open","sticky":false,"template":"","format":"standard","meta":{"site-sidebar-layout":"default","site-content-layout":"","ast-site-content-layout":"default","site-content-style":"default","site-sidebar-style":"default","ast-global-header-display":"","ast-banner-title-visibility":"","ast-main-header-display":"","ast-hfb-above-header-display":"","ast-hfb-below-header-display":"","ast-hfb-mobile-header-display":"","site-post-title":"","ast-breadcrumbs-content":"","ast-featured-img":"","footer-sml-layout":"","theme-transparent-header-meta":"","adv-header-id-meta":"","stick-header-meta":"","header-above-stick-meta":"","header-main-stick-meta":"","header-below-stick-meta":"","astra-migrate-meta-layouts":"default","ast-page-background-enabled":"default","ast-page-background-meta":{"desktop":{"background-color":"var(--ast-global-color-4)","background-image":"","background-repeat":"repeat","background-position":"center center","background-size":"auto","background-attachment":"scroll","background-type":"","background-media":"","overlay-type":"","overlay-color":"","overlay-opacity":"","overlay-gradient":""},"tablet":{"background-color":"","background-image":"","background-repeat":"repeat","background-position":"center center","background-size":"auto","background-attachment":"scroll","background-type":"","background-media":"","overlay-type":"","overlay-color":"","overlay-opacity":"","overlay-gradient":""},"mobile":{"background-color":"","background-image":"","background-repeat":"repeat","background-position":"center center","background-size":"auto","background-attachment":"scroll","background-type":"","background-media":"","overlay-type":"","overlay-color":"","overlay-opacity":"","overlay-gradient":""}},"ast-content-background-meta":{"desktop":{"background-color":"var(--ast-global-color-5)","background-image":"","background-repeat":"repeat","background-position":"center center","background-size":"auto","background-attachment":"scroll","background-type":"","background-media":"","overlay-type":"","overlay-color":"","overlay-opacity":"","overlay-gradient":""},"tablet":{"background-color":"var(--ast-global-color-5)","background-image":"","background-repeat":"repeat","background-position":"center center","background-size":"auto","background-attachment":"scroll","background-type":"","background-media":"","overlay-type":"","overlay-color":"","overlay-opacity":"","overlay-gradient":""},"mobile":{"background-color":"var(--ast-global-color-5)","background-image":"","background-repeat":"repeat","background-position":"center center","background-size":"auto","background-attachment":"scroll","background-type":"","background-media":"","overlay-type":"","overlay-color":"","overlay-opacity":"","overlay-gradient":""}},"footnotes":""},"categories":[8],"tags":[48736,48737],"class_list":["post-121447","post","type-post","status-publish","format-standard","has-post-thumbnail","hentry","category-noticias","tag-oracion-leon-xiv","tag-por-una-alimentacion-para-todos"],"_links":{"self":[{"href":"https:\/\/losperiodistas.com.mx\/portal\/wp-json\/wp\/v2\/posts\/121447","targetHints":{"allow":["GET"]}}],"collection":[{"href":"https:\/\/losperiodistas.com.mx\/portal\/wp-json\/wp\/v2\/posts"}],"about":[{"href":"https:\/\/losperiodistas.com.mx\/portal\/wp-json\/wp\/v2\/types\/post"}],"author":[{"embeddable":true,"href":"https:\/\/losperiodistas.com.mx\/portal\/wp-json\/wp\/v2\/users\/1"}],"replies":[{"embeddable":true,"href":"https:\/\/losperiodistas.com.mx\/portal\/wp-json\/wp\/v2\/comments?post=121447"}],"version-history":[{"count":1,"href":"https:\/\/losperiodistas.com.mx\/portal\/wp-json\/wp\/v2\/posts\/121447\/revisions"}],"predecessor-version":[{"id":121449,"href":"https:\/\/losperiodistas.com.mx\/portal\/wp-json\/wp\/v2\/posts\/121447\/revisions\/121449"}],"wp:featuredmedia":[{"embeddable":true,"href":"https:\/\/losperiodistas.com.mx\/portal\/wp-json\/wp\/v2\/media\/121448"}],"wp:attachment":[{"href":"https:\/\/losperiodistas.com.mx\/portal\/wp-json\/wp\/v2\/media?parent=121447"}],"wp:term":[{"taxonomy":"category","embeddable":true,"href":"https:\/\/losperiodistas.com.mx\/portal\/wp-json\/wp\/v2\/categories?post=121447"},{"taxonomy":"post_tag","embeddable":true,"href":"https:\/\/losperiodistas.com.mx\/portal\/wp-json\/wp\/v2\/tags?post=121447"}],"curies":[{"name":"wp","href":"https:\/\/api.w.org\/{rel}","templated":true}]}}