{"id":121424,"date":"2026-05-01T00:03:39","date_gmt":"2026-05-01T06:03:39","guid":{"rendered":"https:\/\/losperiodistas.com.mx\/portal\/?p=121424"},"modified":"2026-05-01T00:03:41","modified_gmt":"2026-05-01T06:03:41","slug":"la-suprema-corte-falla-a-favor-de-diego-luna-por-el-uso-indebido-de-su-imagen-en-una-campana-publicitaria-el-pais","status":"publish","type":"post","link":"https:\/\/losperiodistas.com.mx\/portal\/la-suprema-corte-falla-a-favor-de-diego-luna-por-el-uso-indebido-de-su-imagen-en-una-campana-publicitaria-el-pais\/","title":{"rendered":"La Suprema Corte falla a favor de Diego Luna por el uso indebido de su imagen en una campa\u00f1a publicitaria | El Pa\u00eds"},"content":{"rendered":"\n<p>La sentencia llega cinco a\u00f1os despu\u00e9s de que su colega Gael Garc\u00eda Bernal ganara una demanda contra la marca de bebidas alcoh\u00f3licas Johnnie Walker por el mismo caso<\/p>\n\n\n\n<figure class=\"wp-block-image size-large\"><img fetchpriority=\"high\" decoding=\"async\" width=\"1024\" height=\"649\" src=\"https:\/\/losperiodistas.com.mx\/portal\/wp-content\/uploads\/2026\/04\/Diego-Luna-1024x649.png\" alt=\"\" class=\"wp-image-121425\" srcset=\"https:\/\/losperiodistas.com.mx\/portal\/wp-content\/uploads\/2026\/04\/Diego-Luna-1024x649.png 1024w, https:\/\/losperiodistas.com.mx\/portal\/wp-content\/uploads\/2026\/04\/Diego-Luna-300x190.png 300w, https:\/\/losperiodistas.com.mx\/portal\/wp-content\/uploads\/2026\/04\/Diego-Luna-768x487.png 768w, https:\/\/losperiodistas.com.mx\/portal\/wp-content\/uploads\/2026\/04\/Diego-Luna.png 1500w\" sizes=\"(max-width: 1024px) 100vw, 1024px\" \/><figcaption class=\"wp-element-caption\">Diego Luna en Santa Monica, California, el 4 de enero. Taylor Hill (FilmMagic\/Getty Images)<\/figcaption><\/figure>\n\n\n\n<p class=\"has-vivid-red-color has-text-color has-link-color wp-elements-5cd4db39503233cfa4e61db1b5b5a300\">Sara Gonz\u00e1lez \/ El Pa\u00eds<\/p>\n\n\n\n<p>La Suprema Corte de Justicia de la Naci\u00f3n (SCJN) ha fallado a favor de\u00a0Diego Luna\u00a0en su proceso legal contra Johnnie Walker por el uso indebido de su imagen y la de su familia en una campa\u00f1a publicitaria. La resoluci\u00f3n del mi\u00e9rcoles llega\u00a0cinco a\u00f1os despu\u00e9s de que se ordenara que su colega, Gael Garc\u00eda Bernal, fuera indemnizado\u00a0por el mismo caso.<\/p>\n\n\n\n<p>El fallo de la SCJN obliga a la marca de bebidas alcoh\u00f3licas, que es comercializada por Diageo M\u00e9xico, a pagar al actor 40% de las ventas derivadas de esa estrategia de&nbsp;<em>marketing<\/em>, sin descontar costos de producci\u00f3n y distribuci\u00f3n. La sentencia tambi\u00e9n abre la puerta a que se inicie una nueva querella en nombre del hijo de Luna. La resoluci\u00f3n responde a lo establecido en el art\u00edculo 216 bis de la Ley Federal del Derecho de Autor. Ahora ser\u00e1 un Tribunal Federal, el que definir\u00e1 el monto total de la indemnizaci\u00f3n que recibir\u00e1 el mexicano.<\/p>\n\n\n\n<p>El litigio ha sido largo. Entre agosto y septiembre de 2011 se transmiti\u00f3 en televisi\u00f3n la campa\u00f1a \u201cCaminando con Gigantes\u201d, que recopilaba im\u00e1genes del trabajo de figuras mexicanas, as\u00ed como de su vida personal. En los\u00a0<em>spots\u00a0<\/em>se incluy\u00f3 una imagen del\u00a0protagonista de\u00a0<em>Andor\u00a0<\/em>junto con su entonces pareja, Camila Sodi, y su hijo sin su consentimiento. Adem\u00e1s, la publicidad result\u00f3 especialmente controversial por mostrar a un beb\u00e9 en un anuncio para promover el consumo de una bebida alcoh\u00f3lica.<\/p>\n\n\n\n<p>En su momento, la defensa de la marca argument\u00f3 que el anuncio no se conceptualiz\u00f3 con fines de lucro, sino que se buscaba que \u201cgrandes personalidades invitaran a consumidores de dicha bebida a alcanzar metas importantes y no destacaba las cualidades del producto ni invitaba a consumirlo\u201d.<\/p>\n\n\n\n<p>Tanto Diego Luna como Gael Garc\u00eda Bernal tomaron acciones legales contra la compa\u00f1\u00eda, lo que deriv\u00f3 en una batalla legal que dur\u00f3 a\u00f1os. En 2016, un juez orden\u00f3 la indemnizaci\u00f3n de Garc\u00eda Bernal y en 2021 la\u00a0SCJN\u00a0fall\u00f3 a su favor luego de que Diageo apelara la decisi\u00f3n. \u201cDesde que me enter\u00e9 que se estaba usando mi imagen y la de mi familia para un comercial sin mi autorizaci\u00f3n, se han llevado a cabo las acciones previstas en la ley y con apego a esta. Me da gusto ver que los tribunales y autoridades mexicanas est\u00e9n haciendo justicia en este asunto, ya que nadie puede pasar por encima de los derechos de los dem\u00e1s\u201d, dijo Garc\u00eda Bernal en una entrevista a Milenio.<\/p>\n\n\n\n<p>Por su parte, Diego Luna gan\u00f3 una queja ante el Instituto Mexicano de Propiedad Industrial, aunque el proceso judicial se extendi\u00f3 durante a\u00f1os hasta que la Suprema Corte resolvi\u00f3 a su favor.<\/p>\n\n\n\n<p>Fuente: <a href=\"https:\/\/elpais.com\/mexico\/gente\/2026-04-30\/la-suprema-corte-falla-a-favor-de-diego-luna-por-el-uso-indebido-de-su-imagen-en-una-campana-publicitaria.html\" target=\"_blank\" rel=\"noreferrer noopener\">El Pa\u00eds<\/a><\/p>\n\n\n\n<p><\/p>\n","protected":false},"excerpt":{"rendered":"<p>La sentencia llega cinco a\u00f1os despu\u00e9s de que su colega Gael Garc\u00eda Bernal ganara una demanda contra la marca de bebidas alcoh\u00f3licas Johnnie Walker por el mismo caso<\/p>\n","protected":false},"author":1,"featured_media":121425,"comment_status":"open","ping_status":"open","sticky":false,"template":"","format":"standard","meta":{"site-sidebar-layout":"default","site-content-layout":"","ast-site-content-layout":"default","site-content-style":"default","site-sidebar-style":"default","ast-global-header-display":"","ast-banner-title-visibility":"","ast-main-header-display":"","ast-hfb-above-header-display":"","ast-hfb-below-header-display":"","ast-hfb-mobile-header-display":"","site-post-title":"","ast-breadcrumbs-content":"","ast-featured-img":"","footer-sml-layout":"","theme-transparent-header-meta":"","adv-header-id-meta":"","stick-header-meta":"","header-above-stick-meta":"","header-main-stick-meta":"","header-below-stick-meta":"","astra-migrate-meta-layouts":"default","ast-page-background-enabled":"default","ast-page-background-meta":{"desktop":{"background-color":"var(--ast-global-color-4)","background-image":"","background-repeat":"repeat","background-position":"center center","background-size":"auto","background-attachment":"scroll","background-type":"","background-media":"","overlay-type":"","overlay-color":"","overlay-opacity":"","overlay-gradient":""},"tablet":{"background-color":"","background-image":"","background-repeat":"repeat","background-position":"center center","background-size":"auto","background-attachment":"scroll","background-type":"","background-media":"","overlay-type":"","overlay-color":"","overlay-opacity":"","overlay-gradient":""},"mobile":{"background-color":"","background-image":"","background-repeat":"repeat","background-position":"center center","background-size":"auto","background-attachment":"scroll","background-type":"","background-media":"","overlay-type":"","overlay-color":"","overlay-opacity":"","overlay-gradient":""}},"ast-content-background-meta":{"desktop":{"background-color":"var(--ast-global-color-5)","background-image":"","background-repeat":"repeat","background-position":"center center","background-size":"auto","background-attachment":"scroll","background-type":"","background-media":"","overlay-type":"","overlay-color":"","overlay-opacity":"","overlay-gradient":""},"tablet":{"background-color":"var(--ast-global-color-5)","background-image":"","background-repeat":"repeat","background-position":"center center","background-size":"auto","background-attachment":"scroll","background-type":"","background-media":"","overlay-type":"","overlay-color":"","overlay-opacity":"","overlay-gradient":""},"mobile":{"background-color":"var(--ast-global-color-5)","background-image":"","background-repeat":"repeat","background-position":"center center","background-size":"auto","background-attachment":"scroll","background-type":"","background-media":"","overlay-type":"","overlay-color":"","overlay-opacity":"","overlay-gradient":""}},"footnotes":""},"categories":[8],"tags":[37345,29974,48730,1136,48729],"class_list":["post-121424","post","type-post","status-publish","format-standard","has-post-thumbnail","hentry","category-noticias","tag-diego-luna","tag-gael-garcia-bernal","tag-johnnie-walker","tag-scjn","tag-uso-indebido-de-imagen"],"_links":{"self":[{"href":"https:\/\/losperiodistas.com.mx\/portal\/wp-json\/wp\/v2\/posts\/121424","targetHints":{"allow":["GET"]}}],"collection":[{"href":"https:\/\/losperiodistas.com.mx\/portal\/wp-json\/wp\/v2\/posts"}],"about":[{"href":"https:\/\/losperiodistas.com.mx\/portal\/wp-json\/wp\/v2\/types\/post"}],"author":[{"embeddable":true,"href":"https:\/\/losperiodistas.com.mx\/portal\/wp-json\/wp\/v2\/users\/1"}],"replies":[{"embeddable":true,"href":"https:\/\/losperiodistas.com.mx\/portal\/wp-json\/wp\/v2\/comments?post=121424"}],"version-history":[{"count":1,"href":"https:\/\/losperiodistas.com.mx\/portal\/wp-json\/wp\/v2\/posts\/121424\/revisions"}],"predecessor-version":[{"id":121426,"href":"https:\/\/losperiodistas.com.mx\/portal\/wp-json\/wp\/v2\/posts\/121424\/revisions\/121426"}],"wp:featuredmedia":[{"embeddable":true,"href":"https:\/\/losperiodistas.com.mx\/portal\/wp-json\/wp\/v2\/media\/121425"}],"wp:attachment":[{"href":"https:\/\/losperiodistas.com.mx\/portal\/wp-json\/wp\/v2\/media?parent=121424"}],"wp:term":[{"taxonomy":"category","embeddable":true,"href":"https:\/\/losperiodistas.com.mx\/portal\/wp-json\/wp\/v2\/categories?post=121424"},{"taxonomy":"post_tag","embeddable":true,"href":"https:\/\/losperiodistas.com.mx\/portal\/wp-json\/wp\/v2\/tags?post=121424"}],"curies":[{"name":"wp","href":"https:\/\/api.w.org\/{rel}","templated":true}]}}