{"id":121421,"date":"2026-04-30T23:44:43","date_gmt":"2026-05-01T05:44:43","guid":{"rendered":"https:\/\/losperiodistas.com.mx\/portal\/?p=121421"},"modified":"2026-04-30T23:44:44","modified_gmt":"2026-05-01T05:44:44","slug":"caso-ruben-rocha-fracturo-la-relacion-mexico-eu-el-universal","status":"publish","type":"post","link":"https:\/\/losperiodistas.com.mx\/portal\/caso-ruben-rocha-fracturo-la-relacion-mexico-eu-el-universal\/","title":{"rendered":"Caso Rub\u00e9n Rocha \u00bffractur\u00f3 la relaci\u00f3n M\u00e9xico-EU? | El Universal"},"content":{"rendered":"\n<p>Dos especialistas en seguridad explican las tensiones entre ambos pa\u00edses y como la seguridad juega un papel importante<\/p>\n\n\n\n<figure class=\"wp-block-image size-large\"><img fetchpriority=\"high\" decoding=\"async\" width=\"1024\" height=\"631\" src=\"https:\/\/losperiodistas.com.mx\/portal\/wp-content\/uploads\/2026\/04\/RochaMoya-RelacionMexEU-1024x631.png\" alt=\"\" class=\"wp-image-121422\" srcset=\"https:\/\/losperiodistas.com.mx\/portal\/wp-content\/uploads\/2026\/04\/RochaMoya-RelacionMexEU-1024x631.png 1024w, https:\/\/losperiodistas.com.mx\/portal\/wp-content\/uploads\/2026\/04\/RochaMoya-RelacionMexEU-300x185.png 300w, https:\/\/losperiodistas.com.mx\/portal\/wp-content\/uploads\/2026\/04\/RochaMoya-RelacionMexEU-768x473.png 768w, https:\/\/losperiodistas.com.mx\/portal\/wp-content\/uploads\/2026\/04\/RochaMoya-RelacionMexEU.png 1351w\" sizes=\"(max-width: 1024px) 100vw, 1024px\" \/><figcaption class=\"wp-element-caption\">\u00bfCaso Rub\u00e9n Rocha rompi\u00f3 la relaci\u00f3n M\u00e9xico-EU? (30\/04\/2026). Foto: Archivo \/ PIxabay<\/figcaption><\/figure>\n\n\n\n<p class=\"has-vivid-red-color has-text-color has-link-color wp-elements-6ccfc50c53690136a147f7b0f9da3137\">Alejandra Ortiz \/ El Universal<\/p>\n\n\n\n<p>Las recientes acusaciones del gobierno de Donald Trump contra el gobernador de Sinaloa, <strong>Rub\u00e9n Rocha Moya<\/strong> y otros nueve funcionarios por presuntos delitos de tr\u00e1fico de drogas y tenencia il\u00edcita de armas, as\u00ed como la respuesta de <strong>Claudia Sheinbaum<\/strong>, han abierto el debate sobre \u00bfen qu\u00e9 punto se encuentra la relaci\u00f3n bilateral?<\/p>\n\n\n\n<p>En entrevista con <strong>EL UNIVERSAL<\/strong>, <strong>Abraham Serrano<\/strong>, consultor internacional de seguridad y defensa y <strong>David Saucedo<\/strong>, especialista en seguridad p\u00fablica, nos explican las tensiones entre ambos ambos pa\u00edses.<\/p>\n\n\n\n<p>Los expertos coinciden en que la relaci\u00f3n M\u00e9xico-Estados Unidos hist\u00f3ricamente es compleja, pero que actualmente atraviesa una etapa de tensi\u00f3n marcada por intereses de seguridad, presi\u00f3n pol\u00edtica y c\u00e1lculo electoral.<\/p>\n\n\n\n<figure class=\"wp-block-embed is-type-video is-provider-youtube wp-block-embed-youtube wp-embed-aspect-16-9 wp-has-aspect-ratio\"><div class=\"wp-block-embed__wrapper\">\n<iframe title=\"Rocha Moya asegura que no pedir\u00e1 licencia tras acusaci\u00f3n en EU\" width=\"500\" height=\"281\" src=\"https:\/\/www.youtube.com\/embed\/j0jBsGmv4bQ?feature=oembed\" frameborder=\"0\" allow=\"accelerometer; autoplay; clipboard-write; encrypted-media; gyroscope; picture-in-picture; web-share\" referrerpolicy=\"strict-origin-when-cross-origin\" allowfullscreen><\/iframe>\n<\/div><\/figure>\n\n\n\n<p>\u00abMe parece que la situaci\u00f3n se mantiene compleja, ya lo era desde antes, el gobierno norteamericano a pesar de que <strong>Claudia Sheinbaum<\/strong> ha ido acatando las directrices que marca Washington en materia migratoria, comercial y en temas de seguridad, pues la tensi\u00f3n se mantiene\u00bb, califica Saucedo.<\/p>\n\n\n\n<p>Por otro lado, Serrano describi\u00f3 la relaci\u00f3n \u00abcomo un matrimonio con altas y bajas\u00bb, en la que hay derechos y obligaci\u00f3n, y \u00aba veces hay buenos avances\u00bb.<\/p>\n\n\n\n<p>En este contexto, las acusaciones contra Rocha Moya evidencian un punto de choque entre la exigencia estadounidense de resultados en el combate al <strong>crimen organizado <\/strong>y la postura mexicana de defender su jurisdicci\u00f3n.<\/p>\n\n\n\n<p>Abraham explica que, desde la perspectiva de Washington, no basta con combatir a los c\u00e1rteles, sino que se busca desmantelar el \u201cmanto protector\u201d pol\u00edtico que permitir\u00eda su operaci\u00f3n. Sin embargo, M\u00e9xico insiste en que cualquier acci\u00f3n debe sustentarse en pruebas s\u00f3lidas y seguir los cauces legales internos, especialmente cuando se trata de funcionarios en activo.<\/p>\n\n\n\n<h2 class=\"wp-block-heading\">\u00bfC\u00f3mo ejerce presi\u00f3n Estados Unidos sobre M\u00e9xico?<\/h2>\n\n\n\n<p>Los dos expertos coinciden en que el trasfondo de la constante presi\u00f3n de EU con M\u00e9xico es m\u00faltiple.<\/p>\n\n\n\n<p>Por un lado, explican que existe un inter\u00e9s genuino de Estados Unidos por frenar el flujo de drogas, particularmente en un contexto de crisis por sobredosis, adem\u00e1s de acabar con la estructura del narco proveedor de esas mismas sustancias.<\/p>\n\n\n\n<h2 class=\"wp-block-heading\">Trump busca electores con acusaci\u00f3n a Rocha<\/h2>\n\n\n\n<p>Por otro, hay un claro componente meramente pol\u00edtico en el que Trump busca fortalecer su imagen interna de mano dura, se\u00f1alar sus promesas de campa\u00f1a cumplidas e incluso dejar un alto estatus al partido republicano.<\/p>\n\n\n\n<p>\u00abPor el lado de de Donald Trump es un avance m\u00e1s, o sea, ya logr\u00f3 lo que ning\u00fan presidente hab\u00eda logrado: llevar a <strong>Caro Quintero<\/strong> a la justicia&#8230; y obviamente es un avance m\u00e1s para para el mandato de Trump, pero para fortalecer a su partido republicano que va a quererse mantener y que est\u00e1 siendo el cumplimiento de luchar contra un mal que aqueja a los Estados Unidos\u00bb, explic\u00f3 Abraham Serrano.<\/p>\n\n\n\n<h2 class=\"wp-block-heading\">\u00bfRuptura de la relaci\u00f3n bilateral?<\/h2>\n\n\n\n<p>Ante el cuestionamiento de las consecuencias de este tipo de acciones e incluso de una<strong> ruptura bilateral<\/strong>, ambos especialistas descartan que suceda, pero afirman que eso no significar\u00eda que ninguno ceda ante el otro.<\/p>\n\n\n\n<p>David Saucedo considera que la estrategia del gobierno mexicano combina una narrativa p\u00fablica de defensa de la soberan\u00eda con una pr\u00e1ctica m\u00e1s sensata de cooperaci\u00f3n. \u201cHabr\u00e1 confrontaci\u00f3n en el discurso, pero colaboraci\u00f3n en los hechos\u201d, se\u00f1ala.<\/p>\n\n\n\n<p>Abraham Serrano comenta que Estados Unidos est\u00e1 observando las respuestas de M\u00e9xico para colaborar contra el <strong>narcotr\u00e1fico <\/strong>y que su relaci\u00f3n pude tomar diversos rumbos dependiendo de las resoluciones que obtenga.<\/p>\n\n\n\n<p>\u00abEstados Unidos trata de hacer su trabajo de colaboraci\u00f3n, de mandar su informaci\u00f3n, pero obviamente si Estados Unidos no ve un avance en esas investigaciones, como sucedi\u00f3 en el caso de <strong>Cienfuegos<\/strong>, pues obviamente esas relaciones empiezan a traslaparse y a crispar porque obviamente no ven que exista una determinaci\u00f3n de M\u00e9xico sobre la actuaci\u00f3n de investigaciones contra el manto protector del crimen organizado\u00bb.<\/p>\n\n\n\n<p>Para finalizar, ambos expertos concluyen en que la relaci\u00f3n de ambos pa\u00edses es una mezcla de interdependencia econ\u00f3mica, de seguridad y tensiones pol\u00edticas que parecen no solucionarse en un contexto donde la justicia, soberan\u00eda y los intereses particulares chocan constantemente.<\/p>\n\n\n\n<p>Fuente: <a href=\"https:\/\/www.eluniversal.com.mx\/nacion\/caso-ruben-rocha-fracturo-la-relacion-mexico-eu-expertos-apuntan-a-defensa-de-la-soberania-con-colaboracion\/\" target=\"_blank\" rel=\"noreferrer noopener\">El Universal<\/a><\/p>\n","protected":false},"excerpt":{"rendered":"<p>Dos especialistas en seguridad explican las tensiones entre ambos pa\u00edses y como la seguridad juega un papel importante<\/p>\n","protected":false},"author":1,"featured_media":121422,"comment_status":"open","ping_status":"open","sticky":false,"template":"","format":"standard","meta":{"site-sidebar-layout":"default","site-content-layout":"","ast-site-content-layout":"default","site-content-style":"default","site-sidebar-style":"default","ast-global-header-display":"","ast-banner-title-visibility":"","ast-main-header-display":"","ast-hfb-above-header-display":"","ast-hfb-below-header-display":"","ast-hfb-mobile-header-display":"","site-post-title":"","ast-breadcrumbs-content":"","ast-featured-img":"","footer-sml-layout":"","theme-transparent-header-meta":"","adv-header-id-meta":"","stick-header-meta":"","header-above-stick-meta":"","header-main-stick-meta":"","header-below-stick-meta":"","astra-migrate-meta-layouts":"default","ast-page-background-enabled":"default","ast-page-background-meta":{"desktop":{"background-color":"var(--ast-global-color-4)","background-image":"","background-repeat":"repeat","background-position":"center center","background-size":"auto","background-attachment":"scroll","background-type":"","background-media":"","overlay-type":"","overlay-color":"","overlay-opacity":"","overlay-gradient":""},"tablet":{"background-color":"","background-image":"","background-repeat":"repeat","background-position":"center center","background-size":"auto","background-attachment":"scroll","background-type":"","background-media":"","overlay-type":"","overlay-color":"","overlay-opacity":"","overlay-gradient":""},"mobile":{"background-color":"","background-image":"","background-repeat":"repeat","background-position":"center center","background-size":"auto","background-attachment":"scroll","background-type":"","background-media":"","overlay-type":"","overlay-color":"","overlay-opacity":"","overlay-gradient":""}},"ast-content-background-meta":{"desktop":{"background-color":"var(--ast-global-color-5)","background-image":"","background-repeat":"repeat","background-position":"center center","background-size":"auto","background-attachment":"scroll","background-type":"","background-media":"","overlay-type":"","overlay-color":"","overlay-opacity":"","overlay-gradient":""},"tablet":{"background-color":"var(--ast-global-color-5)","background-image":"","background-repeat":"repeat","background-position":"center center","background-size":"auto","background-attachment":"scroll","background-type":"","background-media":"","overlay-type":"","overlay-color":"","overlay-opacity":"","overlay-gradient":""},"mobile":{"background-color":"var(--ast-global-color-5)","background-image":"","background-repeat":"repeat","background-position":"center center","background-size":"auto","background-attachment":"scroll","background-type":"","background-media":"","overlay-type":"","overlay-color":"","overlay-opacity":"","overlay-gradient":""}},"footnotes":""},"categories":[8],"tags":[48727,1505,5257,39575,48728],"class_list":["post-121421","post","type-post","status-publish","format-standard","has-post-thumbnail","hentry","category-noticias","tag-caso-ruben-rocha","tag-claudia-sheinbaum","tag-donald-trump","tag-relacion-mexico-eu","tag-ruben-rocha-moya-2"],"_links":{"self":[{"href":"https:\/\/losperiodistas.com.mx\/portal\/wp-json\/wp\/v2\/posts\/121421","targetHints":{"allow":["GET"]}}],"collection":[{"href":"https:\/\/losperiodistas.com.mx\/portal\/wp-json\/wp\/v2\/posts"}],"about":[{"href":"https:\/\/losperiodistas.com.mx\/portal\/wp-json\/wp\/v2\/types\/post"}],"author":[{"embeddable":true,"href":"https:\/\/losperiodistas.com.mx\/portal\/wp-json\/wp\/v2\/users\/1"}],"replies":[{"embeddable":true,"href":"https:\/\/losperiodistas.com.mx\/portal\/wp-json\/wp\/v2\/comments?post=121421"}],"version-history":[{"count":1,"href":"https:\/\/losperiodistas.com.mx\/portal\/wp-json\/wp\/v2\/posts\/121421\/revisions"}],"predecessor-version":[{"id":121423,"href":"https:\/\/losperiodistas.com.mx\/portal\/wp-json\/wp\/v2\/posts\/121421\/revisions\/121423"}],"wp:featuredmedia":[{"embeddable":true,"href":"https:\/\/losperiodistas.com.mx\/portal\/wp-json\/wp\/v2\/media\/121422"}],"wp:attachment":[{"href":"https:\/\/losperiodistas.com.mx\/portal\/wp-json\/wp\/v2\/media?parent=121421"}],"wp:term":[{"taxonomy":"category","embeddable":true,"href":"https:\/\/losperiodistas.com.mx\/portal\/wp-json\/wp\/v2\/categories?post=121421"},{"taxonomy":"post_tag","embeddable":true,"href":"https:\/\/losperiodistas.com.mx\/portal\/wp-json\/wp\/v2\/tags?post=121421"}],"curies":[{"name":"wp","href":"https:\/\/api.w.org\/{rel}","templated":true}]}}