{"id":121418,"date":"2026-04-30T23:11:30","date_gmt":"2026-05-01T05:11:30","guid":{"rendered":"https:\/\/losperiodistas.com.mx\/portal\/?p=121418"},"modified":"2026-04-30T23:11:31","modified_gmt":"2026-05-01T05:11:31","slug":"hacienda-asegura-que-caida-de-la-economia-en-el-primer-trimestre-fue-por-factores-externos-el-economista","status":"publish","type":"post","link":"https:\/\/losperiodistas.com.mx\/portal\/hacienda-asegura-que-caida-de-la-economia-en-el-primer-trimestre-fue-por-factores-externos-el-economista\/","title":{"rendered":"Hacienda asegura que ca\u00edda de la econom\u00eda en el primer trimestre fue por factores externos | El Economista"},"content":{"rendered":"\n<p>Del lado de las finanzas p\u00fablicas, pese a la ca\u00edda de los ingresos p\u00fablicos y un aumento del gasto, el secretario de Hacienda y Cr\u00e9dito P\u00fablico, \u00c9dgar Amador Zamora, asegur\u00f3 que \u00e9stas mostraron un desempe\u00f1o favorable y estuvieron en l\u00ednea con las metas establecidas en el Paquete Econ\u00f3mico 2026 y con la consolidaci\u00f3n fiscal.<\/p>\n\n\n\n<figure class=\"wp-block-image size-large\"><img fetchpriority=\"high\" decoding=\"async\" width=\"1024\" height=\"576\" src=\"https:\/\/losperiodistas.com.mx\/portal\/wp-content\/uploads\/2026\/04\/EdgarAmadorSHCP-1024x576.png\" alt=\"\" class=\"wp-image-121419\" srcset=\"https:\/\/losperiodistas.com.mx\/portal\/wp-content\/uploads\/2026\/04\/EdgarAmadorSHCP-1024x576.png 1024w, https:\/\/losperiodistas.com.mx\/portal\/wp-content\/uploads\/2026\/04\/EdgarAmadorSHCP-300x169.png 300w, https:\/\/losperiodistas.com.mx\/portal\/wp-content\/uploads\/2026\/04\/EdgarAmadorSHCP-768x432.png 768w, https:\/\/losperiodistas.com.mx\/portal\/wp-content\/uploads\/2026\/04\/EdgarAmadorSHCP.png 1449w\" sizes=\"(max-width: 1024px) 100vw, 1024px\" \/><figcaption class=\"wp-element-caption\">\u00c9dgar Amador, titular de la Secretar\u00eda de Hacienda y Cr\u00e9dito P\u00fablico. Foto EEArchivo<\/figcaption><\/figure>\n\n\n\n<p class=\"has-vivid-red-color has-text-color has-link-color wp-elements-c295c8fcc1ffc14e6017ecabd517554e\">Bel\u00e9n Sald\u00edvar \/ El Economista<\/p>\n\n\n\n<p>\u00c9dgar Amador Zamora, titular de la Secretar\u00eda de Hacienda y Cr\u00e9dito P\u00fablico (<strong>SHCP<\/strong>), asegur\u00f3 este jueves que la ca\u00edda trimestral de la econom\u00eda mexicana, en el primer tercio del a\u00f1o, se debi\u00f3 a factores externos.\u00a0\u00a0<\/p>\n\n\n\n<p>\u201cLa econom\u00eda mexicana moder\u00f3 su ritmo de crecimiento, influida principalmente por cambios relevantes de la pol\u00edtica comercial de Estados Unidos y los conflictos en Medio Oriente\u201d, se\u00f1al\u00f3 el titular de Hacienda en la conferencia trimestral sobre finanzas&nbsp;p\u00fablicas.<\/p>\n\n\n\n<figure class=\"wp-block-embed is-type-video is-provider-youtube wp-block-embed-youtube wp-embed-aspect-16-9 wp-has-aspect-ratio\"><div class=\"wp-block-embed__wrapper\">\n<iframe title=\"SHCP ajusta inflaci\u00f3n a 3.7% para 2026\" width=\"500\" height=\"281\" src=\"https:\/\/www.youtube.com\/embed\/ldnK_9kdI2A?feature=oembed\" frameborder=\"0\" allow=\"accelerometer; autoplay; clipboard-write; encrypted-media; gyroscope; picture-in-picture; web-share\" referrerpolicy=\"strict-origin-when-cross-origin\" allowfullscreen><\/iframe>\n<\/div><\/figure>\n\n\n\n<p>Explic\u00f3 que estos factores incidieron en algunos sectores de la econom\u00eda, por ejemplo, las industrias manufactureras, as\u00ed como los precios de los energ\u00e9ticos y a ciertas cadenas de proveedur\u00eda vinculadas con insumos estrat\u00e9gicos.&nbsp;<\/p>\n\n\n\n<p>A esto, agreg\u00f3, se sumaron condiciones adversas relacionadas con el clima que afectaron a las actividades primarias, que son aquellas relacionadas a la agricultura, ganader\u00eda, pesca y similares.<\/p>\n\n\n\n<p>No obstante, indic\u00f3 que estos choques son \u201cde car\u00e1cter transitorio\u201d m\u00e1s que a factores estructurales de la econom\u00eda.&nbsp;&nbsp;<\/p>\n\n\n\n<p>Amador Zamora ofreci\u00f3 su conferencia de prensa luego de que se dio a conocer la <strong>ca\u00edda de 0.8% trimestral del PIB<\/strong>, de acuerdo con la estimaci\u00f3n oportuna del Instituto Nacional de Estad\u00edstica y Geograf\u00eda (Inegi). Esta fue la mayor ca\u00edda reportada para un periodo similar desde el 2020, cuando empez\u00f3 la pandemia del Covid-19.<\/p>\n\n\n\n<p>Respecto a los se\u00f1alamientos de una \u201cnarcoeconom\u00eda\u201d, el secretario de Hacienda neg\u00f3 rotundamente este calificativo, y asegur\u00f3 que la econom\u00eda mexicana es una\u00a0\u201ceconom\u00eda abierta, global, diversa, muy competitiva\u201d.\u00a0<\/p>\n\n\n\n<p>A\u00f1adi\u00f3 que descarta comentar respecto al tema, dado que la econom\u00eda mexicana es ejemplar, con rasgos de una competitividad&nbsp;muy elevada y flexible.&nbsp;<\/p>\n\n\n\n<p>\u201cYo descartar\u00eda siquiera dedicarle alg\u00fan comentario a ese adjetivo que mencionan por ah\u00ed\u201d, asever\u00f3.&nbsp;<\/p>\n\n\n\n<p>Del lado de las <strong>finanzas p\u00fablicas<\/strong>, pese a la ca\u00edda de los ingresos p\u00fablicos y un aumento del gasto, el secretario de Hacienda asegur\u00f3 que&nbsp;\u00e9stas mostraron un desempe\u00f1o favorable y estuvieron en l\u00ednea con las metas establecidas en el Paquete Econ\u00f3mico 2026 y con la consolidaci\u00f3n fiscal.<\/p>\n\n\n\n<p>Fuente: <a href=\"https:\/\/www.eleconomista.com.mx\/economia\/hacienda-asegura-caida-economia-primer-trimestre-factores-externos-20260430-811368.html\" target=\"_blank\" rel=\"noreferrer noopener\">El Economista<\/a><\/p>\n","protected":false},"excerpt":{"rendered":"<p>Del lado de las finanzas p\u00fablicas, pese a la ca\u00edda de los ingresos p\u00fablicos y un aumento del gasto, el secretario de Hacienda y Cr\u00e9dito P\u00fablico, \u00c9dgar Amador Zamora, asegur\u00f3 que \u00e9stas mostraron un desempe\u00f1o favorable y estuvieron en l\u00ednea con las metas establecidas en el Paquete Econ\u00f3mico 2026 y con la consolidaci\u00f3n fiscal.<\/p>\n","protected":false},"author":1,"featured_media":121419,"comment_status":"open","ping_status":"open","sticky":false,"template":"","format":"standard","meta":{"site-sidebar-layout":"default","site-content-layout":"","ast-site-content-layout":"default","site-content-style":"default","site-sidebar-style":"default","ast-global-header-display":"","ast-banner-title-visibility":"","ast-main-header-display":"","ast-hfb-above-header-display":"","ast-hfb-below-header-display":"","ast-hfb-mobile-header-display":"","site-post-title":"","ast-breadcrumbs-content":"","ast-featured-img":"","footer-sml-layout":"","theme-transparent-header-meta":"","adv-header-id-meta":"","stick-header-meta":"","header-above-stick-meta":"","header-main-stick-meta":"","header-below-stick-meta":"","astra-migrate-meta-layouts":"default","ast-page-background-enabled":"default","ast-page-background-meta":{"desktop":{"background-color":"var(--ast-global-color-4)","background-image":"","background-repeat":"repeat","background-position":"center center","background-size":"auto","background-attachment":"scroll","background-type":"","background-media":"","overlay-type":"","overlay-color":"","overlay-opacity":"","overlay-gradient":""},"tablet":{"background-color":"","background-image":"","background-repeat":"repeat","background-position":"center center","background-size":"auto","background-attachment":"scroll","background-type":"","background-media":"","overlay-type":"","overlay-color":"","overlay-opacity":"","overlay-gradient":""},"mobile":{"background-color":"","background-image":"","background-repeat":"repeat","background-position":"center center","background-size":"auto","background-attachment":"scroll","background-type":"","background-media":"","overlay-type":"","overlay-color":"","overlay-opacity":"","overlay-gradient":""}},"ast-content-background-meta":{"desktop":{"background-color":"var(--ast-global-color-5)","background-image":"","background-repeat":"repeat","background-position":"center center","background-size":"auto","background-attachment":"scroll","background-type":"","background-media":"","overlay-type":"","overlay-color":"","overlay-opacity":"","overlay-gradient":""},"tablet":{"background-color":"var(--ast-global-color-5)","background-image":"","background-repeat":"repeat","background-position":"center center","background-size":"auto","background-attachment":"scroll","background-type":"","background-media":"","overlay-type":"","overlay-color":"","overlay-opacity":"","overlay-gradient":""},"mobile":{"background-color":"var(--ast-global-color-5)","background-image":"","background-repeat":"repeat","background-position":"center center","background-size":"auto","background-attachment":"scroll","background-type":"","background-media":"","overlay-type":"","overlay-color":"","overlay-opacity":"","overlay-gradient":""}},"footnotes":""},"categories":[8],"tags":[48726,48724,48725,41555,1974],"class_list":["post-121418","post","type-post","status-publish","format-standard","has-post-thumbnail","hentry","category-noticias","tag-caida-de-ingresos","tag-edgar-amador-zamora-2","tag-finanzas-publicas","tag-paquete-economico-2026","tag-shcp"],"_links":{"self":[{"href":"https:\/\/losperiodistas.com.mx\/portal\/wp-json\/wp\/v2\/posts\/121418","targetHints":{"allow":["GET"]}}],"collection":[{"href":"https:\/\/losperiodistas.com.mx\/portal\/wp-json\/wp\/v2\/posts"}],"about":[{"href":"https:\/\/losperiodistas.com.mx\/portal\/wp-json\/wp\/v2\/types\/post"}],"author":[{"embeddable":true,"href":"https:\/\/losperiodistas.com.mx\/portal\/wp-json\/wp\/v2\/users\/1"}],"replies":[{"embeddable":true,"href":"https:\/\/losperiodistas.com.mx\/portal\/wp-json\/wp\/v2\/comments?post=121418"}],"version-history":[{"count":1,"href":"https:\/\/losperiodistas.com.mx\/portal\/wp-json\/wp\/v2\/posts\/121418\/revisions"}],"predecessor-version":[{"id":121420,"href":"https:\/\/losperiodistas.com.mx\/portal\/wp-json\/wp\/v2\/posts\/121418\/revisions\/121420"}],"wp:featuredmedia":[{"embeddable":true,"href":"https:\/\/losperiodistas.com.mx\/portal\/wp-json\/wp\/v2\/media\/121419"}],"wp:attachment":[{"href":"https:\/\/losperiodistas.com.mx\/portal\/wp-json\/wp\/v2\/media?parent=121418"}],"wp:term":[{"taxonomy":"category","embeddable":true,"href":"https:\/\/losperiodistas.com.mx\/portal\/wp-json\/wp\/v2\/categories?post=121418"},{"taxonomy":"post_tag","embeddable":true,"href":"https:\/\/losperiodistas.com.mx\/portal\/wp-json\/wp\/v2\/tags?post=121418"}],"curies":[{"name":"wp","href":"https:\/\/api.w.org\/{rel}","templated":true}]}}