{"id":121415,"date":"2026-04-30T22:46:16","date_gmt":"2026-05-01T04:46:16","guid":{"rendered":"https:\/\/losperiodistas.com.mx\/portal\/?p=121415"},"modified":"2026-04-30T22:46:17","modified_gmt":"2026-05-01T04:46:17","slug":"putin-propone-alto-el-fuego-en-ucrania-el-9-de-mayo-dw","status":"publish","type":"post","link":"https:\/\/losperiodistas.com.mx\/portal\/putin-propone-alto-el-fuego-en-ucrania-el-9-de-mayo-dw\/","title":{"rendered":"Putin propone alto el fuego en Ucrania el 9 de mayo | DW"},"content":{"rendered":"\n<p>El presidente ruso, Vlad\u00edmir Putin, propuso en conversaci\u00f3n telef\u00f3nica a su colega de EE.UU., Donald Trump, una tregua con Ucrania con ocasi\u00f3n del D\u00eda de la Victoria sobre la Alemania nazi.<\/p>\n\n\n\n<figure class=\"wp-block-image size-large\"><img fetchpriority=\"high\" decoding=\"async\" width=\"1024\" height=\"518\" src=\"https:\/\/losperiodistas.com.mx\/portal\/wp-content\/uploads\/2026\/04\/Putin-Trump-1024x518.png\" alt=\"\" class=\"wp-image-121416\" srcset=\"https:\/\/losperiodistas.com.mx\/portal\/wp-content\/uploads\/2026\/04\/Putin-Trump-1024x518.png 1024w, https:\/\/losperiodistas.com.mx\/portal\/wp-content\/uploads\/2026\/04\/Putin-Trump-300x152.png 300w, https:\/\/losperiodistas.com.mx\/portal\/wp-content\/uploads\/2026\/04\/Putin-Trump-768x389.png 768w, https:\/\/losperiodistas.com.mx\/portal\/wp-content\/uploads\/2026\/04\/Putin-Trump.png 1296w\" sizes=\"(max-width: 1024px) 100vw, 1024px\" \/><figcaption class=\"wp-element-caption\">Los mandatarios de Rusia y Estados Unidos mantuvieron una conversaci\u00f3n telef\u00f3nica este mi\u00e9rcoles.<br>Imagen: Russian Presidential Press and Information Office\/Handout\/Anadolu Agency\/picture alliance<\/figcaption><\/figure>\n\n\n\n<p class=\"has-vivid-red-color has-text-color has-link-color wp-elements-b353f099e52a59452ef59849fe0503a0\">Redacci\u00f3n \/ DW<\/p>\n\n\n\n<p>El presidente ruso, Vladimir Putin, propuso este mi\u00e9rcoles (29.04.2026) un alto el fuego en Ucrania para el 9 de mayo, d\u00eda en que Rusia celebra la victoria sovi\u00e9tica sobre la Alemania nazi en 1945, inform\u00f3 el Kremlin, seg\u00fan el cual Estados Unidos apoya la iniciativa.<\/p>\n\n\n\n<p>Durante una conversaci\u00f3n telef\u00f3nica con su hom\u00f3logo estadounidense, Donald Trump, Putin dijo que est\u00e1 dispuesto \u00aba decretar un alto el fuego mientras duren las celebraciones del D\u00eda de la Victoria\u00bb, declar\u00f3 a periodistas su asesor diplom\u00e1tico, Yuri Ushakov.<\/p>\n\n\n\n<p>A\u00f1adi\u00f3 que Trump ha \u00abapoyado activamente esta iniciativa\u00bb para un d\u00eda que \u00abconmemora nuestra victoria com\u00fan\u00bb.<\/p>\n\n\n\n<p>El 9 de mayo, fecha en la que Rusia conmemora la capitulaci\u00f3n de la Alemania nazi al final de la Segunda Guerra Mundial en 1945, se celebra cada a\u00f1o con grandes demostraciones de fuerza en todo el pa\u00eds.<\/p>\n\n\n\n<p>Este a\u00f1o las celebraciones se reducir\u00e1n por motivos de seguridad, dada la amenaza de ataques ucranianos, inform\u00f3 el Kremlin este mi\u00e9rcoles.<\/p>\n\n\n\n<p>Desde 2023, Ucrania celebra la victoria de 1945 el 8 de mayo, al igual que los pa\u00edses occidentales.<\/p>\n\n\n\n<p>Fuente: <a href=\"https:\/\/www.dw.com\/es\/putin-propone-alto-el-fuego-en-ucrania-el-9-de-mayo\/a-76987506\" target=\"_blank\" rel=\"noreferrer noopener\">DW<\/a><\/p>\n\n\n\n<p><\/p>\n","protected":false},"excerpt":{"rendered":"<p>El presidente ruso, Vlad\u00edmir Putin, propuso en conversaci\u00f3n telef\u00f3nica a su colega de EE.UU., Donald Trump, una tregua con Ucrania con ocasi\u00f3n del D\u00eda de la Victoria sobre la Alemania nazi.<\/p>\n","protected":false},"author":1,"featured_media":121416,"comment_status":"open","ping_status":"open","sticky":false,"template":"","format":"standard","meta":{"site-sidebar-layout":"default","site-content-layout":"","ast-site-content-layout":"default","site-content-style":"default","site-sidebar-style":"default","ast-global-header-display":"","ast-banner-title-visibility":"","ast-main-header-display":"","ast-hfb-above-header-display":"","ast-hfb-below-header-display":"","ast-hfb-mobile-header-display":"","site-post-title":"","ast-breadcrumbs-content":"","ast-featured-img":"","footer-sml-layout":"","theme-transparent-header-meta":"","adv-header-id-meta":"","stick-header-meta":"","header-above-stick-meta":"","header-main-stick-meta":"","header-below-stick-meta":"","astra-migrate-meta-layouts":"default","ast-page-background-enabled":"default","ast-page-background-meta":{"desktop":{"background-color":"var(--ast-global-color-4)","background-image":"","background-repeat":"repeat","background-position":"center center","background-size":"auto","background-attachment":"scroll","background-type":"","background-media":"","overlay-type":"","overlay-color":"","overlay-opacity":"","overlay-gradient":""},"tablet":{"background-color":"","background-image":"","background-repeat":"repeat","background-position":"center center","background-size":"auto","background-attachment":"scroll","background-type":"","background-media":"","overlay-type":"","overlay-color":"","overlay-opacity":"","overlay-gradient":""},"mobile":{"background-color":"","background-image":"","background-repeat":"repeat","background-position":"center center","background-size":"auto","background-attachment":"scroll","background-type":"","background-media":"","overlay-type":"","overlay-color":"","overlay-opacity":"","overlay-gradient":""}},"ast-content-background-meta":{"desktop":{"background-color":"var(--ast-global-color-5)","background-image":"","background-repeat":"repeat","background-position":"center center","background-size":"auto","background-attachment":"scroll","background-type":"","background-media":"","overlay-type":"","overlay-color":"","overlay-opacity":"","overlay-gradient":""},"tablet":{"background-color":"var(--ast-global-color-5)","background-image":"","background-repeat":"repeat","background-position":"center center","background-size":"auto","background-attachment":"scroll","background-type":"","background-media":"","overlay-type":"","overlay-color":"","overlay-opacity":"","overlay-gradient":""},"mobile":{"background-color":"var(--ast-global-color-5)","background-image":"","background-repeat":"repeat","background-position":"center center","background-size":"auto","background-attachment":"scroll","background-type":"","background-media":"","overlay-type":"","overlay-color":"","overlay-opacity":"","overlay-gradient":""}},"footnotes":""},"categories":[8],"tags":[48723,28961,9985,7151,48722,10989],"class_list":["post-121415","post","type-post","status-publish","format-standard","has-post-thumbnail","hentry","category-noticias","tag-9-de-mayo","tag-alto-al-fuego","tag-dia-de-la-victoria","tag-putin","tag-tregua-con-ucrania","tag-trump"],"_links":{"self":[{"href":"https:\/\/losperiodistas.com.mx\/portal\/wp-json\/wp\/v2\/posts\/121415","targetHints":{"allow":["GET"]}}],"collection":[{"href":"https:\/\/losperiodistas.com.mx\/portal\/wp-json\/wp\/v2\/posts"}],"about":[{"href":"https:\/\/losperiodistas.com.mx\/portal\/wp-json\/wp\/v2\/types\/post"}],"author":[{"embeddable":true,"href":"https:\/\/losperiodistas.com.mx\/portal\/wp-json\/wp\/v2\/users\/1"}],"replies":[{"embeddable":true,"href":"https:\/\/losperiodistas.com.mx\/portal\/wp-json\/wp\/v2\/comments?post=121415"}],"version-history":[{"count":1,"href":"https:\/\/losperiodistas.com.mx\/portal\/wp-json\/wp\/v2\/posts\/121415\/revisions"}],"predecessor-version":[{"id":121417,"href":"https:\/\/losperiodistas.com.mx\/portal\/wp-json\/wp\/v2\/posts\/121415\/revisions\/121417"}],"wp:featuredmedia":[{"embeddable":true,"href":"https:\/\/losperiodistas.com.mx\/portal\/wp-json\/wp\/v2\/media\/121416"}],"wp:attachment":[{"href":"https:\/\/losperiodistas.com.mx\/portal\/wp-json\/wp\/v2\/media?parent=121415"}],"wp:term":[{"taxonomy":"category","embeddable":true,"href":"https:\/\/losperiodistas.com.mx\/portal\/wp-json\/wp\/v2\/categories?post=121415"},{"taxonomy":"post_tag","embeddable":true,"href":"https:\/\/losperiodistas.com.mx\/portal\/wp-json\/wp\/v2\/tags?post=121415"}],"curies":[{"name":"wp","href":"https:\/\/api.w.org\/{rel}","templated":true}]}}