{"id":121404,"date":"2026-04-30T07:26:23","date_gmt":"2026-04-30T13:26:23","guid":{"rendered":"https:\/\/losperiodistas.com.mx\/portal\/?p=121404"},"modified":"2026-04-30T07:26:25","modified_gmt":"2026-04-30T13:26:25","slug":"ayuso-viaja-a-mexico-a-un-acto-en-homenaje-a-hernan-cortes-en-medio-de-su-controversia-con-claudia-sheinbaum-el-pais","status":"publish","type":"post","link":"https:\/\/losperiodistas.com.mx\/portal\/ayuso-viaja-a-mexico-a-un-acto-en-homenaje-a-hernan-cortes-en-medio-de-su-controversia-con-claudia-sheinbaum-el-pais\/","title":{"rendered":"Ayuso viaja a M\u00e9xico a un acto en homenaje a Hern\u00e1n Cort\u00e9s en medio de su controversia con Claudia Sheinbaum | El Pa\u00eds"},"content":{"rendered":"\n<p class=\"has-medium-font-size\">La presidenta de Madrid ha calificado al pa\u00eds norteamericano como un narcoestado y a su presidenta como una dictadora de ultraizquierda<\/p>\n\n\n\n<figure class=\"wp-block-image size-large\"><img fetchpriority=\"high\" decoding=\"async\" width=\"1024\" height=\"683\" src=\"https:\/\/losperiodistas.com.mx\/portal\/wp-content\/uploads\/2026\/04\/AAVWH7OBNVALJDPFHGR4CEM7OY-1024x683.jpg\" alt=\"\" class=\"wp-image-121405\" srcset=\"https:\/\/losperiodistas.com.mx\/portal\/wp-content\/uploads\/2026\/04\/AAVWH7OBNVALJDPFHGR4CEM7OY-1024x683.jpg 1024w, https:\/\/losperiodistas.com.mx\/portal\/wp-content\/uploads\/2026\/04\/AAVWH7OBNVALJDPFHGR4CEM7OY-300x200.jpg 300w, https:\/\/losperiodistas.com.mx\/portal\/wp-content\/uploads\/2026\/04\/AAVWH7OBNVALJDPFHGR4CEM7OY-768x512.jpg 768w, https:\/\/losperiodistas.com.mx\/portal\/wp-content\/uploads\/2026\/04\/AAVWH7OBNVALJDPFHGR4CEM7OY.jpg 1200w\" sizes=\"(max-width: 1024px) 100vw, 1024px\" \/><figcaption class=\"wp-element-caption\">Isabel D\u00edaz Ayuso asiste a la clausura de la jornada \u00abEl papel de la Corona en el proceso democratizador espa\u00f1ol, 1975-1982\u00bb, organizada por la Universidad Rey Juan Carlos, a cargo de Su Majestad el Rey Felipe VI. Javier Liz\u00f3n (EFE)<\/figcaption><\/figure>\n\n\n\n<p class=\"has-medium-font-size\"><strong><a href=\"https:\/\/elpais.com\/autor\/juan-diego-quesada\/#?rel=author_top\">Juan Diego Quesada<\/a> \/ El Pa\u00eds<\/strong><\/p>\n\n\n\n<p>Madrid <\/p>\n\n\n\n<p>Isabel D\u00edaz Ayuso va a poner un pie el domingo en M\u00e9xico, un pa\u00eds que ella considera que se trata de un \u201cnarcoestado\u201d&nbsp;<a href=\"https:\/\/elpais.com\/espana\/madrid\/2026-02-11\/ayuso-equipara-a-mexico-con-la-dictadura-cubana-en-mar-a-lago-la-residencia-de-trump.html\">gobernado por una dictadora de ultraizquierda<\/a>, Claudia Sheinbaum. La presidenta de Madrid lleva tres meses usando un tono muy agresivo y similar al de Donald Trump para referirse a los l\u00edderes de pa\u00edses latinoamericanos en los que gobierna la izquierda, como ocurre tambi\u00e9n en Colombia y Brasil. La presidenta de M\u00e9xico ha respondido con desd\u00e9n hacia Ayuso cuando le han preguntado por unas palabras que considera una provocaci\u00f3n.<\/p>\n\n\n\n<p>El equipo de Ayuso ha informado este jueves de un viaje institucional de 10 d\u00edas en el que recorrer\u00e1 cuatro ciudades y se reunir\u00e1 con empresarios del m\u00e1s alto nivel, como los ejecutivos del gigante cementero Cemex o la multinacional de franquicias de restaurantes Alsea. En la agenda que han difundido desde Sol destaca su asistencia a un acto en honor al conquistador Hern\u00e1n Cort\u00e9s en la catedral metropolitana de M\u00e9xico, un gesto con un importante trasfondo pol\u00edtico.<\/p>\n\n\n\n<p>La presidenta madrile\u00f1a se ha posicionado como una defensora de la misi\u00f3n imperial que llevaron a cabo los conquistadores hace 500 a\u00f1os.<a href=\"https:\/\/www.bbc.com\/mundo\/noticias-45176624\">&nbsp;Insiste en escribir M\u00e9jico<\/a>&nbsp;pese a que en ese pa\u00eds ese debate sobre la graf\u00eda del nombre ni siquiera existe y hay un consenso absoluto en que se escribe con X por su origen n\u00e1huatl, la lengua de los aztecas (la propia RAE recomienda que se escriba con X). El ala del PP al que pertenece considera que hay que combatir la leyenda negra espa\u00f1ola, esa que sostiene que el imperio espa\u00f1ol expandi\u00f3 la muerte y la destrucci\u00f3n all\u00e1 por donde pas\u00f3 sin tener en cuenta que llev\u00f3 las universidades, se desarrollaron leyes para frenar el abuso a los ind\u00edgenas y surgieron figuras de talla moral como Fray Bartolom\u00e9 de las Casas, que consiguieron que se prohibiera la esclavitud. Estas tesis han sido defendidas en los \u00faltimos a\u00f1os por historiadores y novelistas que han logrado grandes \u00e9xitos de ventas.<\/p>\n\n\n\n<p>Por supuesto, Ayuso considera que en ning\u00fan caso Espa\u00f1a, como Estado,&nbsp;<a href=\"https:\/\/elpais.com\/expres\/2026-03-17\/el-significativo-paso-al-frente-de-felipe-vi-fuera-de-agenda-que-mexico-llevaba-anos-esperando.html\">debe pedir perd\u00f3n a M\u00e9xico<\/a>, un empe\u00f1o de Andr\u00e9s Manuel L\u00f3pez Obrador, el expresidente, y ahora de su sucesora, Claudia Sheinbaum. Desde hace a\u00f1os, el Gobierno mexicano pide que se reconozca que durante la conquista, que inici\u00f3 Cort\u00e9s en febrero de 1519, se cometieron atrocidades, y que ese debe ser el primer paso para abrir un periodo de reconciliaci\u00f3n. En 2019, L\u00f3pez Obrador envi\u00f3 una carta al Gobierno espa\u00f1ol para que atendiera a esta petici\u00f3n. Ni siquiera recibi\u00f3 respuesta. Obrador es el fundador de Morena, una escisi\u00f3n del PRI, el partido nacido tras la revoluci\u00f3n mexicana que gobern\u00f3 de manera hegem\u00f3nica durante 70 a\u00f1os. Morena tiene un tinte m\u00e1s izquierdista que el PRI, pero mantiene la estabilidad del pa\u00eds de una forma muy similar. El presidente abandon\u00f3 el cargo en 2024 con una popularidad que rozaba el 70%, unos n\u00fameros que son igual de favorables para Sheinbaum.<\/p>\n\n\n\n<p>La ret\u00f3rica de Ayuso choca con la labor de diplomacia subterr\u00e1nea que hace el Gobierno espa\u00f1ol con M\u00e9xico, una naci\u00f3n tremendamente orgullosa y nacionalista muy sensible a las injerencias del exterior. Pedro S\u00e1nchez no ha hecho nada para que ese perd\u00f3n sea extendido, pero ha usado un tono m\u00e1s amable a la hora de relacionarse con los gobernantes mexicanos. Por ejemplo, hace unas horas el ministro de Exteriores, Jos\u00e9 Manuel Albares, se reuni\u00f3 con Sheinbaum y la invit\u00f3 a la Cumbre Iberoamericana en Madrid, que se celebra en noviembre. Dijo que lo hac\u00eda en nombre del Rey Felipe VI, lo que se puede considerar una cortes\u00eda m\u00e1s que notable.<\/p>\n\n\n\n<p>Sobre todo teniendo en cuanta que Sheinbaum no invit\u00f3 al Rey a su toma de posesi\u00f3n. El monarca, lejos de considerarlo un agravio irreparable, no ha parado de dar muestras de acercamiento. Hace unas semanas, se le oy\u00f3 decir, durante una conversaci\u00f3n con el embajador mexicano en Madrid, que en los tiempos se la colonia se cometieron \u201cmuchos abusos\u201d. Adem\u00e1s, analistas pol\u00edticos y literarios creen que detr\u00e1s del Premio Cervantes a Gonzalo Celorio, un escritor mexicano de ra\u00edces espa\u00f1olas, se esconde tambi\u00e9n una intenci\u00f3n diplom\u00e1tica. La presidenta mexicana ha invitado al Rey al Mundial de F\u00fatbol que se celebrar\u00e1 en M\u00e9xico en verano.<\/p>\n\n\n\n<p>Esa misma sinton\u00eda no la tienen Sheinbaum y Ayuso. En la agenda de la presidenta madrile\u00f1a no aparece ning\u00fan acto institucional con miembros del Gobierno mexicano. \u201cEste viaje va a servir para seguir ahondando en las relaciones que la Comunidad de Madrid ha establecido con distintas ciudades y estados de M\u00e9xico. Vamos a visitar algunas empresas, grupos empresariales que est\u00e1n realizando grandes inversiones en Madrid y que tienen contratadas a miles de personas, dando empleo. Tambi\u00e9n a participar en ferias culturales como la de San Marcos en Aguascalientes, donde la Comunidad de Madrid tiene una ampl\u00edsima presencia, y establecer nuevos convenios culturales con ellos\u201d, ha destacado Ayuso este jueves.<\/p>\n\n\n\n<p>Tambi\u00e9n tendr\u00e1 actos en Ciudad de M\u00e9xico, Monterrey y la zona tur\u00edstica de Xcaret Riviera Maya. En este \u00faltimo lugar se dejar\u00e1 ver en la gala de los Premios Platino de Cine que organiza el productor Enrique Cerezo, tambi\u00e9n presidente del Atl\u00e9tico de Madrid, alguien muy cercano a Ayuso. En Monterrey conocer\u00e1 a los estudiantes del Instituto Tecnol\u00f3gico de Monterrey, una de las universidades con m\u00e1s prestigio del pa\u00eds. Este nuevo viaje institucional a M\u00e9xico, del 3 al 12 de mayo, su segundo al pa\u00eds tras el anterior en abril de 2024, es el tercero al exterior de la presidenta de la Comunidad de Madrid en 2026 despu\u00e9s de los que ha realizado a Nueva York y Bruselas, informan desde Sol.<\/p>\n\n\n\n<p>Fuente: <a href=\"https:\/\/elpais.com\/espana\/madrid\/2026-04-30\/ayuso-viaja-a-mexico-a-un-acto-en-homenaje-a-hernan-cortes-en-medio-de-su-controversia-con-claudia-sheinbaum.html\">https:\/\/elpais.com\/espana\/madrid\/2026-04-30\/ayuso-viaja-a-mexico-a-un-acto-en-homenaje-a-hernan-cortes-en-medio-de-su-controversia-con-claudia-sheinbaum.html<\/a><\/p>\n","protected":false},"excerpt":{"rendered":"<p>La presidenta de Madrid ha calificado al pa\u00eds norteamericano como un narcoestado y a su presidenta como una dictadora de [&hellip;]<\/p>\n","protected":false},"author":1,"featured_media":121405,"comment_status":"open","ping_status":"open","sticky":false,"template":"","format":"standard","meta":{"site-sidebar-layout":"default","site-content-layout":"","ast-site-content-layout":"default","site-content-style":"default","site-sidebar-style":"default","ast-global-header-display":"","ast-banner-title-visibility":"","ast-main-header-display":"","ast-hfb-above-header-display":"","ast-hfb-below-header-display":"","ast-hfb-mobile-header-display":"","site-post-title":"","ast-breadcrumbs-content":"","ast-featured-img":"","footer-sml-layout":"","theme-transparent-header-meta":"","adv-header-id-meta":"","stick-header-meta":"","header-above-stick-meta":"","header-main-stick-meta":"","header-below-stick-meta":"","astra-migrate-meta-layouts":"default","ast-page-background-enabled":"default","ast-page-background-meta":{"desktop":{"background-color":"var(--ast-global-color-4)","background-image":"","background-repeat":"repeat","background-position":"center center","background-size":"auto","background-attachment":"scroll","background-type":"","background-media":"","overlay-type":"","overlay-color":"","overlay-opacity":"","overlay-gradient":""},"tablet":{"background-color":"","background-image":"","background-repeat":"repeat","background-position":"center center","background-size":"auto","background-attachment":"scroll","background-type":"","background-media":"","overlay-type":"","overlay-color":"","overlay-opacity":"","overlay-gradient":""},"mobile":{"background-color":"","background-image":"","background-repeat":"repeat","background-position":"center center","background-size":"auto","background-attachment":"scroll","background-type":"","background-media":"","overlay-type":"","overlay-color":"","overlay-opacity":"","overlay-gradient":""}},"ast-content-background-meta":{"desktop":{"background-color":"var(--ast-global-color-5)","background-image":"","background-repeat":"repeat","background-position":"center center","background-size":"auto","background-attachment":"scroll","background-type":"","background-media":"","overlay-type":"","overlay-color":"","overlay-opacity":"","overlay-gradient":""},"tablet":{"background-color":"var(--ast-global-color-5)","background-image":"","background-repeat":"repeat","background-position":"center center","background-size":"auto","background-attachment":"scroll","background-type":"","background-media":"","overlay-type":"","overlay-color":"","overlay-opacity":"","overlay-gradient":""},"mobile":{"background-color":"var(--ast-global-color-5)","background-image":"","background-repeat":"repeat","background-position":"center center","background-size":"auto","background-attachment":"scroll","background-type":"","background-media":"","overlay-type":"","overlay-color":"","overlay-opacity":"","overlay-gradient":""}},"footnotes":""},"categories":[8],"tags":[1074,46672,48717,2193,7578],"class_list":["post-121404","post","type-post","status-publish","format-standard","has-post-thumbnail","hentry","category-noticias","tag-hernan-cortes","tag-isabel-diaz-ayuso","tag-mejico","tag-mexico","tag-relaciones-mexico-espana"],"_links":{"self":[{"href":"https:\/\/losperiodistas.com.mx\/portal\/wp-json\/wp\/v2\/posts\/121404","targetHints":{"allow":["GET"]}}],"collection":[{"href":"https:\/\/losperiodistas.com.mx\/portal\/wp-json\/wp\/v2\/posts"}],"about":[{"href":"https:\/\/losperiodistas.com.mx\/portal\/wp-json\/wp\/v2\/types\/post"}],"author":[{"embeddable":true,"href":"https:\/\/losperiodistas.com.mx\/portal\/wp-json\/wp\/v2\/users\/1"}],"replies":[{"embeddable":true,"href":"https:\/\/losperiodistas.com.mx\/portal\/wp-json\/wp\/v2\/comments?post=121404"}],"version-history":[{"count":1,"href":"https:\/\/losperiodistas.com.mx\/portal\/wp-json\/wp\/v2\/posts\/121404\/revisions"}],"predecessor-version":[{"id":121406,"href":"https:\/\/losperiodistas.com.mx\/portal\/wp-json\/wp\/v2\/posts\/121404\/revisions\/121406"}],"wp:featuredmedia":[{"embeddable":true,"href":"https:\/\/losperiodistas.com.mx\/portal\/wp-json\/wp\/v2\/media\/121405"}],"wp:attachment":[{"href":"https:\/\/losperiodistas.com.mx\/portal\/wp-json\/wp\/v2\/media?parent=121404"}],"wp:term":[{"taxonomy":"category","embeddable":true,"href":"https:\/\/losperiodistas.com.mx\/portal\/wp-json\/wp\/v2\/categories?post=121404"},{"taxonomy":"post_tag","embeddable":true,"href":"https:\/\/losperiodistas.com.mx\/portal\/wp-json\/wp\/v2\/tags?post=121404"}],"curies":[{"name":"wp","href":"https:\/\/api.w.org\/{rel}","templated":true}]}}