{"id":121401,"date":"2026-04-30T07:19:04","date_gmt":"2026-04-30T13:19:04","guid":{"rendered":"https:\/\/losperiodistas.com.mx\/portal\/?p=121401"},"modified":"2026-04-30T07:19:07","modified_gmt":"2026-04-30T13:19:07","slug":"es-obra-de-banksy-esta-enigmatica-estatua-aparecida-en-londres-euronews","status":"publish","type":"post","link":"https:\/\/losperiodistas.com.mx\/portal\/es-obra-de-banksy-esta-enigmatica-estatua-aparecida-en-londres-euronews\/","title":{"rendered":"\u00bfEs obra de Banksy esta enigm\u00e1tica estatua aparecida en Londres? | Euronews"},"content":{"rendered":"\n<p class=\"has-pale-cyan-blue-background-color has-background has-medium-font-size\">Si la estatua resulta ser una nueva obra de Banksy, encaja con las creaciones de fuerte carga pol\u00edtica de este esquivo artista. La especulaci\u00f3n contin\u00faa, ya que Banksy a\u00fan no ha reivindicado su autor\u00eda.<\/p>\n\n\n\n<figure class=\"wp-block-image size-large\"><img fetchpriority=\"high\" decoding=\"async\" width=\"1024\" height=\"576\" src=\"https:\/\/losperiodistas.com.mx\/portal\/wp-content\/uploads\/2026\/04\/1920x1080_cmsv2_57a05985-d66c-54f7-aa16-bcf00aeaaa05-9741992-1024x576.jpeg\" alt=\"\" class=\"wp-image-121402\" srcset=\"https:\/\/losperiodistas.com.mx\/portal\/wp-content\/uploads\/2026\/04\/1920x1080_cmsv2_57a05985-d66c-54f7-aa16-bcf00aeaaa05-9741992-1024x576.jpeg 1024w, https:\/\/losperiodistas.com.mx\/portal\/wp-content\/uploads\/2026\/04\/1920x1080_cmsv2_57a05985-d66c-54f7-aa16-bcf00aeaaa05-9741992-300x169.jpeg 300w, https:\/\/losperiodistas.com.mx\/portal\/wp-content\/uploads\/2026\/04\/1920x1080_cmsv2_57a05985-d66c-54f7-aa16-bcf00aeaaa05-9741992-768x432.jpeg 768w, https:\/\/losperiodistas.com.mx\/portal\/wp-content\/uploads\/2026\/04\/1920x1080_cmsv2_57a05985-d66c-54f7-aa16-bcf00aeaaa05-9741992-1536x864.jpeg 1536w, https:\/\/losperiodistas.com.mx\/portal\/wp-content\/uploads\/2026\/04\/1920x1080_cmsv2_57a05985-d66c-54f7-aa16-bcf00aeaaa05-9741992.jpeg 1920w\" sizes=\"(max-width: 1024px) 100vw, 1024px\" \/><figcaption class=\"wp-element-caption\">Derechos de autor\u00a0Screenshot X &#8211; PA<\/figcaption><\/figure>\n\n\n\n<p class=\"has-medium-font-size\"><strong>Por\u00a0<a href=\"https:\/\/es.euronews.com\/perfiles\/2538\">David Mouriquand<\/a> \/ Euronews<\/strong><\/p>\n\n\n\n<p>Este mi\u00e9rcoles 29 de abril <a href=\"https:\/\/es.euronews.com\/cultura\/2026\/03\/19\/quien-es-banksy-un-informe-asegura-haber-descubierto-su-verdadera-identidad\">apareci\u00f3 en el centro de Londres una nueva estatua<\/a>\u00a0que representa a un hombre que camina hasta el extremo del pedestal. La figura sostiene un asta de bandera, cuya tela le cubre el rostro. La instalaci\u00f3n apareci\u00f3 durante la noche en Waterloo Place,\u00a0<strong>a unos 450 metros de Downing Street<\/strong>. Se encuentra cerca de las estatuas de Eduardo VII y del monumento a la guerra de Crimea.<\/p>\n\n\n\n<p>Muchos dan por hecho que se trata de la \u00faltima obra del&nbsp;<a href=\"https:\/\/es.euronews.com\/cultura\/2025\/12\/23\/ninos-estrellas-banksy-nuevo-mural-londres-debate-significado\"><strong>esquivo artista urbano, Banksy<\/strong><\/a>, una sospecha alimentada por el hecho de que su firma parece haber sido garabateada en la base de la escultura.<\/p>\n\n\n\n<p>Sin embargo, Banksy suele reivindicar la autor\u00eda publicando en su p\u00e1gina de&nbsp;<strong>Instagram<\/strong>&nbsp;y, en el momento de publicarse este art\u00edculo, no hay nuevas entradas. Adem\u00e1s, ninguno de sus murales recientes en Londres va firmado&#8230;<\/p>\n\n\n\n<figure class=\"wp-block-embed is-type-rich is-provider-twitter wp-block-embed-twitter\"><div class=\"wp-block-embed__wrapper\">\n<blockquote class=\"twitter-tweet\" data-width=\"500\" data-dnt=\"true\"><p lang=\"en\" dir=\"ltr\">Excitement in Piccadilly tonight. I have spotted that a signed statue on a fibre glass plinth &#8211; signed Banksy\u201d- has just appeared tonight in Mayfair\u2019s clubland. Lots of chat about it among passers-by. It might be called \u201cBlinded by the flag\u201d I suppose. What do you think? <a href=\"https:\/\/t.co\/1o1qyaL2fz\">pic.twitter.com\/1o1qyaL2fz<\/a><\/p>&mdash; Christopher Hope\ud83d\udcdd (@christopherhope) <a href=\"https:\/\/twitter.com\/christopherhope\/status\/2049540840955990138?ref_src=twsrc%5Etfw\">April 29, 2026<\/a><\/blockquote><script async src=\"https:\/\/platform.twitter.com\/widgets.js\" charset=\"utf-8\"><\/script>\n<\/div><\/figure>\n\n\n\n<figure class=\"wp-block-embed is-type-rich is-provider-twitter wp-block-embed-twitter\"><div class=\"wp-block-embed__wrapper\">\n<blockquote class=\"twitter-tweet\" data-width=\"500\" data-dnt=\"true\"><p lang=\"en\" dir=\"ltr\">Banksy just unveiled one of his post powerful pieces of art. <a href=\"https:\/\/t.co\/ABqhGN3icj\">pic.twitter.com\/ABqhGN3icj<\/a><\/p>&mdash; Mr. Spock \ud83d\udd96 (Commentary) (@SpockResists) <a href=\"https:\/\/twitter.com\/SpockResists\/status\/2049754968815460716?ref_src=twsrc%5Etfw\">April 30, 2026<\/a><\/blockquote><script async src=\"https:\/\/platform.twitter.com\/widgets.js\" charset=\"utf-8\"><\/script>\n<\/div><\/figure>\n\n\n\n<figure class=\"wp-block-embed is-type-rich is-provider-twitter wp-block-embed-twitter\"><div class=\"wp-block-embed__wrapper\">\n<blockquote class=\"twitter-tweet\" data-width=\"500\" data-dnt=\"true\"><p lang=\"en\" dir=\"ltr\">Seems unlikely this work of a blinded (with a flag) apparent politician stepping off a new temp plinth that has appeared on Waterloo Place is a <a href=\"https:\/\/twitter.com\/hashtag\/Banksy?src=hash&amp;ref_src=twsrc%5Etfw\">#Banksy<\/a> though it is signed that way, but does he do sculpture &amp; sign them? Something different by Athena &amp; the Duke of York anyway. <a href=\"https:\/\/t.co\/o4Y5tgLHRf\">pic.twitter.com\/o4Y5tgLHRf<\/a><\/p>&mdash; Brain Tracer (@BrainTracer) <a href=\"https:\/\/twitter.com\/BrainTracer\/status\/2049466645677048149?ref_src=twsrc%5Etfw\">April 29, 2026<\/a><\/blockquote><script async src=\"https:\/\/platform.twitter.com\/widgets.js\" charset=\"utf-8\"><\/script>\n<\/div><\/figure>\n\n\n\n<p>La especulaci\u00f3n contin\u00faa. Si se trata de un nuevo Banksy,\u00a0<strong>la estatua encaja con trabajos anteriores del artista<\/strong>, ya que el an\u00f3nimo creador de Bristol suele lanzar mensajes pol\u00edticos con sus obras.<\/p>\n\n\n\n<p><\/p>\n\n\n\n<p>El hombre trajeado puede interpretarse como un pol\u00edtico (dada la proximidad de la estatua a Downing Street),&nbsp;<strong>cegado por una bandera<\/strong>, es decir, por un patriotismo mal entendido,&nbsp;<strong>que avanza hacia el borde del precipicio<\/strong>. Una descripci\u00f3n bastante ajustada de la situaci\u00f3n actual.<\/p>\n\n\n\n<p><strong>Related<\/strong><\/p>\n\n\n\n<ul class=\"wp-block-list\">\n<li><a href=\"https:\/\/es.euronews.com\/2025\/12\/23\/ninos-estrellas-banksy-nuevo-mural-londres-debate-significado\">Ni\u00f1os y estrellas: Banksy revela un nuevo mural en Londres y despierta debate sobre su significado<\/a><\/li>\n\n\n\n<li><a href=\"https:\/\/es.euronews.com\/2026\/03\/19\/quien-es-banksy-un-informe-asegura-haber-descubierto-su-verdadera-identidad\">\u00bfQui\u00e9n es Banksy?: Un informe asegura haber descubierto su verdadera identidad<\/a><\/li>\n<\/ul>\n\n\n\n<p>Banksy ha vuelto recientemente a los titulares a ra\u00edz de un reportaje publicado a principios de este a\u00f1o por Reuters, que&nbsp;<a href=\"https:\/\/es.euronews.com\/2026\/03\/19\/quien-es-banksy-un-informe-asegura-haber-descubierto-su-verdadera-identidad\"><strong>afirma revelar la identidad del artista<\/strong><\/a>. Las supuestas pruebas irrefutables del reportaje se basan en un viaje que el artista realiz\u00f3 a Ucrania en 2022, en fotograf\u00edas difundidas por antiguos colaboradores y en una nota manuscrita de confesi\u00f3n tras una detenci\u00f3n en Nueva York en 2000.<\/p>\n\n\n\n<p>Seg\u00fan el reportaje, Banksy ser\u00eda en realidad&nbsp;<strong>Robin Gunningham, de 51 a\u00f1os<\/strong>&nbsp;y originario de Bristol, aunque la investigaci\u00f3n sostiene que hace algunos a\u00f1os cambi\u00f3 su nombre por el m\u00e1s com\u00fan de&nbsp;<strong>David Jones para evitar ser identificado<\/strong>.<\/p>\n\n\n\n<p><strong>Related<\/strong><\/p>\n\n\n\n<ul class=\"wp-block-list\">\n<li><a href=\"https:\/\/es.euronews.com\/2025\/06\/08\/banksy-en-francia-la-obra-vandalizada-con-dibujo-picaro-y-restaurada-en-24-horas\">La obra vandalizada de Banksy en Francia ha sido restaurada en 24 horas<\/a><\/li>\n<\/ul>\n\n\n\n<p>Banksy siempre ha optado por&nbsp;<strong>mantener su identidad en el anonimato<\/strong>, una forma de seguir trabajando sin las limitaciones de la fama. Ese anonimato tambi\u00e9n le ha servido como protecci\u00f3n frente a&nbsp;<a href=\"https:\/\/es.euronews.com\/cultura\/2025\/09\/11\/banksy-reaparece-con-un-mural-propalestino-y-por-la-libertad-de-expresion-en-londres\">posibles persecuciones policiales<\/a>.<a href=\"https:\/\/es.euronews.com\/cultura\/2026\/04\/30\/cegado-por-la-bandera-es-esta-misteriosa-estatua-en-londres-una-nueva-obra-de-banksy#accessibility-bar__menu\"><\/a><\/p>\n\n\n\n<h2 class=\"wp-block-heading\">Noticias relacionadas<\/h2>\n\n\n\n<h3 class=\"wp-block-heading\"><a href=\"https:\/\/es.euronews.com\/cultura\/2026\/03\/19\/quien-es-banksy-un-informe-asegura-haber-descubierto-su-verdadera-identidad\">\u00bfQui\u00e9n es Banksy?: Un informe asegura haber descubierto su verdadera identidad<\/a><\/h3>\n\n\n\n<h3 class=\"wp-block-heading\"><a href=\"https:\/\/es.euronews.com\/cultura\/2025\/12\/23\/ninos-estrellas-banksy-nuevo-mural-londres-debate-significado\">Ni\u00f1os y estrellas: Banksy revela un nuevo mural en Londres y despierta debate sobre su significado<\/a><\/h3>\n\n\n\n<h3 class=\"wp-block-heading\"><a href=\"https:\/\/es.euronews.com\/cultura\/2025\/09\/11\/banksy-reaparece-con-un-mural-propalestino-y-por-la-libertad-de-expresion-en-londres\">Banksy reaparece con un mural propalestino y por la libertad de expresi\u00f3n en Londres<\/a><\/h3>\n\n\n\n<p>Fuente: <a href=\"https:\/\/es.euronews.com\/cultura\/2026\/04\/30\/cegado-por-la-bandera-es-esta-misteriosa-estatua-en-londres-una-nueva-obra-de-banksy\">https:\/\/es.euronews.com\/cultura\/2026\/04\/30\/cegado-por-la-bandera-es-esta-misteriosa-estatua-en-londres-una-nueva-obra-de-banksy<\/a><\/p>\n","protected":false},"excerpt":{"rendered":"<p>Si la estatua resulta ser una nueva obra de Banksy, encaja con las creaciones de fuerte carga pol\u00edtica de este [&hellip;]<\/p>\n","protected":false},"author":1,"featured_media":121402,"comment_status":"open","ping_status":"open","sticky":false,"template":"","format":"standard","meta":{"site-sidebar-layout":"default","site-content-layout":"","ast-site-content-layout":"default","site-content-style":"default","site-sidebar-style":"default","ast-global-header-display":"","ast-banner-title-visibility":"","ast-main-header-display":"","ast-hfb-above-header-display":"","ast-hfb-below-header-display":"","ast-hfb-mobile-header-display":"","site-post-title":"","ast-breadcrumbs-content":"","ast-featured-img":"","footer-sml-layout":"","theme-transparent-header-meta":"","adv-header-id-meta":"","stick-header-meta":"","header-above-stick-meta":"","header-main-stick-meta":"","header-below-stick-meta":"","astra-migrate-meta-layouts":"default","ast-page-background-enabled":"default","ast-page-background-meta":{"desktop":{"background-color":"var(--ast-global-color-4)","background-image":"","background-repeat":"repeat","background-position":"center center","background-size":"auto","background-attachment":"scroll","background-type":"","background-media":"","overlay-type":"","overlay-color":"","overlay-opacity":"","overlay-gradient":""},"tablet":{"background-color":"","background-image":"","background-repeat":"repeat","background-position":"center center","background-size":"auto","background-attachment":"scroll","background-type":"","background-media":"","overlay-type":"","overlay-color":"","overlay-opacity":"","overlay-gradient":""},"mobile":{"background-color":"","background-image":"","background-repeat":"repeat","background-position":"center center","background-size":"auto","background-attachment":"scroll","background-type":"","background-media":"","overlay-type":"","overlay-color":"","overlay-opacity":"","overlay-gradient":""}},"ast-content-background-meta":{"desktop":{"background-color":"var(--ast-global-color-5)","background-image":"","background-repeat":"repeat","background-position":"center center","background-size":"auto","background-attachment":"scroll","background-type":"","background-media":"","overlay-type":"","overlay-color":"","overlay-opacity":"","overlay-gradient":""},"tablet":{"background-color":"var(--ast-global-color-5)","background-image":"","background-repeat":"repeat","background-position":"center center","background-size":"auto","background-attachment":"scroll","background-type":"","background-media":"","overlay-type":"","overlay-color":"","overlay-opacity":"","overlay-gradient":""},"mobile":{"background-color":"var(--ast-global-color-5)","background-image":"","background-repeat":"repeat","background-position":"center center","background-size":"auto","background-attachment":"scroll","background-type":"","background-media":"","overlay-type":"","overlay-color":"","overlay-opacity":"","overlay-gradient":""}},"footnotes":""},"categories":[8],"tags":[48716,48713,48714],"class_list":["post-121401","post","type-post","status-publish","format-standard","has-post-thumbnail","hentry","category-noticias","tag-bansky-en-londres","tag-estatua-bansky","tag-waterloo-place"],"_links":{"self":[{"href":"https:\/\/losperiodistas.com.mx\/portal\/wp-json\/wp\/v2\/posts\/121401","targetHints":{"allow":["GET"]}}],"collection":[{"href":"https:\/\/losperiodistas.com.mx\/portal\/wp-json\/wp\/v2\/posts"}],"about":[{"href":"https:\/\/losperiodistas.com.mx\/portal\/wp-json\/wp\/v2\/types\/post"}],"author":[{"embeddable":true,"href":"https:\/\/losperiodistas.com.mx\/portal\/wp-json\/wp\/v2\/users\/1"}],"replies":[{"embeddable":true,"href":"https:\/\/losperiodistas.com.mx\/portal\/wp-json\/wp\/v2\/comments?post=121401"}],"version-history":[{"count":1,"href":"https:\/\/losperiodistas.com.mx\/portal\/wp-json\/wp\/v2\/posts\/121401\/revisions"}],"predecessor-version":[{"id":121403,"href":"https:\/\/losperiodistas.com.mx\/portal\/wp-json\/wp\/v2\/posts\/121401\/revisions\/121403"}],"wp:featuredmedia":[{"embeddable":true,"href":"https:\/\/losperiodistas.com.mx\/portal\/wp-json\/wp\/v2\/media\/121402"}],"wp:attachment":[{"href":"https:\/\/losperiodistas.com.mx\/portal\/wp-json\/wp\/v2\/media?parent=121401"}],"wp:term":[{"taxonomy":"category","embeddable":true,"href":"https:\/\/losperiodistas.com.mx\/portal\/wp-json\/wp\/v2\/categories?post=121401"},{"taxonomy":"post_tag","embeddable":true,"href":"https:\/\/losperiodistas.com.mx\/portal\/wp-json\/wp\/v2\/tags?post=121401"}],"curies":[{"name":"wp","href":"https:\/\/api.w.org\/{rel}","templated":true}]}}