{"id":121398,"date":"2026-04-30T05:57:37","date_gmt":"2026-04-30T11:57:37","guid":{"rendered":"https:\/\/losperiodistas.com.mx\/portal\/?p=121398"},"modified":"2026-04-30T05:57:39","modified_gmt":"2026-04-30T11:57:39","slug":"al-menos-29-muertos-en-nigeria-tras-un-ataque-yihadista-que-reaviva-la-preocupacion-por-la-persecucion-de-cristianos-infovaticana","status":"publish","type":"post","link":"https:\/\/losperiodistas.com.mx\/portal\/al-menos-29-muertos-en-nigeria-tras-un-ataque-yihadista-que-reaviva-la-preocupacion-por-la-persecucion-de-cristianos-infovaticana\/","title":{"rendered":"Al menos 29 muertos en Nigeria tras un ataque yihadista que reaviva la preocupaci\u00f3n por la persecuci\u00f3n de cristianos | Infovaticana"},"content":{"rendered":"\n<figure class=\"wp-block-image size-large\"><img fetchpriority=\"high\" decoding=\"async\" width=\"1024\" height=\"576\" src=\"https:\/\/losperiodistas.com.mx\/portal\/wp-content\/uploads\/2026\/04\/INFOVATICANA_310-1024x576.jpg\" alt=\"\" class=\"wp-image-121399\" srcset=\"https:\/\/losperiodistas.com.mx\/portal\/wp-content\/uploads\/2026\/04\/INFOVATICANA_310-1024x576.jpg 1024w, https:\/\/losperiodistas.com.mx\/portal\/wp-content\/uploads\/2026\/04\/INFOVATICANA_310-300x169.jpg 300w, https:\/\/losperiodistas.com.mx\/portal\/wp-content\/uploads\/2026\/04\/INFOVATICANA_310-768x432.jpg 768w, https:\/\/losperiodistas.com.mx\/portal\/wp-content\/uploads\/2026\/04\/INFOVATICANA_310-1536x864.jpg 1536w, https:\/\/losperiodistas.com.mx\/portal\/wp-content\/uploads\/2026\/04\/INFOVATICANA_310.jpg 1600w\" sizes=\"(max-width: 1024px) 100vw, 1024px\" \/><\/figure>\n\n\n\n<p><\/p>\n\n\n\n<p class=\"has-vivid-red-color has-text-color has-link-color has-medium-font-size wp-elements-2fbb9e6d80c27f469222d9e594daec62\"><strong>Infovaticana<\/strong><\/p>\n\n\n\n<p>Al menos 29 personas murieron en un ataque perpetrado por combatientes vinculados al Estado Isl\u00e1mico en el noreste de Nigeria, en un nuevo episodio de violencia que refleja la persistente inseguridad en el pa\u00eds y la vulnerabilidad de la poblaci\u00f3n civil, especialmente en zonas donde viven comunidades cristianas. Seg\u00fan informa&nbsp;<em>Tribune Chr\u00e9tienne<\/em>, el asalto tuvo lugar en la noche del 27 de abril en el pueblo de Guyaku, en el estado de Adamawa.<\/p>\n\n\n\n<p>Hombres armados irrumpieron en la localidad y abrieron fuego contra los habitantes sin distinci\u00f3n, dejando un elevado n\u00famero de v\u00edctimas. La acci\u00f3n fue reivindicada posteriormente a trav\u00e9s de un mensaje difundido en Telegram, aunque no se ha confirmado qu\u00e9 facci\u00f3n concreta estuvo implicada. En esa regi\u00f3n opera con especial intensidad la filial del Estado Isl\u00e1mico en \u00c1frica Occidental (ISWAP), junto a otros grupos armados.<\/p>\n\n\n\n<h2 class=\"wp-block-heading\">Una violencia enquistada en el norte del pa\u00eds<\/h2>\n\n\n\n<p>Lo ocurrido en Guyaku no es un hecho aislado. Forma parte de una din\u00e1mica de ataques que se prolonga desde hace m\u00e1s de dos d\u00e9cadas en el norte de Nigeria, donde la presencia de grupos yihadistas, bandas armadas y conflictos locales ha generado una situaci\u00f3n de inestabilidad cr\u00f3nica.<\/p>\n\n\n\n<p>El gobernador del estado de Adamawa, Ahmadu Umaru Fintiri, visit\u00f3 la zona tras la masacre y conden\u00f3 lo sucedido, anunciando medidas para reforzar la seguridad. Sin embargo, este tipo de respuestas institucionales no ha logrado frenar la repetici\u00f3n de ataques contra la poblaci\u00f3n civil.<\/p>\n\n\n\n<h2 class=\"wp-block-heading\">Secuestros y ataques a menores, una amenaza creciente<\/h2>\n\n\n\n<p>La inseguridad se extiende tambi\u00e9n a otras regiones del pa\u00eds. Ese mismo d\u00eda, en el estado de Kogi, en el centro de Nigeria, un grupo armado atac\u00f3 un orfanato y secuestr\u00f3 a 23 menores. Quince fueron rescatados posteriormente, mientras que ocho siguen desaparecidos.<\/p>\n\n\n\n<p>Aunque en este caso no hubo reivindicaci\u00f3n, los secuestros de estudiantes y ni\u00f1os se han multiplicado en los \u00faltimos a\u00f1os, convirti\u00e9ndose en una de las principales formas de violencia en el pa\u00eds, tanto por motivos econ\u00f3micos como estrat\u00e9gicos.<\/p>\n\n\n\n<h2 class=\"wp-block-heading\">Persisten los ataques pese a las operaciones militares<\/h2>\n\n\n\n<p>El gobierno nigeriano sostiene que mantiene operaciones contra los grupos armados con apoyo internacional, incluyendo asesoramiento de Estados Unidos. Sin embargo, la continuidad de ataques como el de Guyaku pone en cuesti\u00f3n la eficacia de estos esfuerzos.<\/p>\n\n\n\n<p>En este contexto, las comunidades cristianas siguen figurando entre las m\u00e1s afectadas, en un escenario donde la violencia no remite y donde amplias zonas del pa\u00eds permanecen fuera de un control efectivo por parte del Estado.<\/p>\n\n\n\n<p>Fuente: <a href=\"https:\/\/infovaticana.com\/2026\/04\/30\/al-menos-29-muertos-en-nigeria-tras-un-ataque-yihadista-que-reaviva-la-preocupacion-por-la-persecucion-de-cristianos\/\">https:\/\/infovaticana.com\/2026\/04\/30\/al-menos-29-muertos-en-nigeria-tras-un-ataque-yihadista-que-reaviva-la-preocupacion-por-la-persecucion-de-cristianos\/<\/a><\/p>\n","protected":false},"excerpt":{"rendered":"<p>Infovaticana Al menos 29 personas murieron en un ataque perpetrado por combatientes vinculados al Estado Isl\u00e1mico en el noreste de [&hellip;]<\/p>\n","protected":false},"author":1,"featured_media":121399,"comment_status":"open","ping_status":"open","sticky":false,"template":"","format":"standard","meta":{"site-sidebar-layout":"default","site-content-layout":"","ast-site-content-layout":"default","site-content-style":"default","site-sidebar-style":"default","ast-global-header-display":"","ast-banner-title-visibility":"","ast-main-header-display":"","ast-hfb-above-header-display":"","ast-hfb-below-header-display":"","ast-hfb-mobile-header-display":"","site-post-title":"","ast-breadcrumbs-content":"","ast-featured-img":"","footer-sml-layout":"","theme-transparent-header-meta":"","adv-header-id-meta":"","stick-header-meta":"","header-above-stick-meta":"","header-main-stick-meta":"","header-below-stick-meta":"","astra-migrate-meta-layouts":"default","ast-page-background-enabled":"default","ast-page-background-meta":{"desktop":{"background-color":"var(--ast-global-color-4)","background-image":"","background-repeat":"repeat","background-position":"center center","background-size":"auto","background-attachment":"scroll","background-type":"","background-media":"","overlay-type":"","overlay-color":"","overlay-opacity":"","overlay-gradient":""},"tablet":{"background-color":"","background-image":"","background-repeat":"repeat","background-position":"center center","background-size":"auto","background-attachment":"scroll","background-type":"","background-media":"","overlay-type":"","overlay-color":"","overlay-opacity":"","overlay-gradient":""},"mobile":{"background-color":"","background-image":"","background-repeat":"repeat","background-position":"center center","background-size":"auto","background-attachment":"scroll","background-type":"","background-media":"","overlay-type":"","overlay-color":"","overlay-opacity":"","overlay-gradient":""}},"ast-content-background-meta":{"desktop":{"background-color":"var(--ast-global-color-5)","background-image":"","background-repeat":"repeat","background-position":"center center","background-size":"auto","background-attachment":"scroll","background-type":"","background-media":"","overlay-type":"","overlay-color":"","overlay-opacity":"","overlay-gradient":""},"tablet":{"background-color":"var(--ast-global-color-5)","background-image":"","background-repeat":"repeat","background-position":"center center","background-size":"auto","background-attachment":"scroll","background-type":"","background-media":"","overlay-type":"","overlay-color":"","overlay-opacity":"","overlay-gradient":""},"mobile":{"background-color":"var(--ast-global-color-5)","background-image":"","background-repeat":"repeat","background-position":"center center","background-size":"auto","background-attachment":"scroll","background-type":"","background-media":"","overlay-type":"","overlay-color":"","overlay-opacity":"","overlay-gradient":""}},"footnotes":""},"categories":[8],"tags":[48711,48712],"class_list":["post-121398","post","type-post","status-publish","format-standard","has-post-thumbnail","hentry","category-noticias","tag-nigeria-cristianismo","tag-persecucion-cristianos-nigeria"],"_links":{"self":[{"href":"https:\/\/losperiodistas.com.mx\/portal\/wp-json\/wp\/v2\/posts\/121398","targetHints":{"allow":["GET"]}}],"collection":[{"href":"https:\/\/losperiodistas.com.mx\/portal\/wp-json\/wp\/v2\/posts"}],"about":[{"href":"https:\/\/losperiodistas.com.mx\/portal\/wp-json\/wp\/v2\/types\/post"}],"author":[{"embeddable":true,"href":"https:\/\/losperiodistas.com.mx\/portal\/wp-json\/wp\/v2\/users\/1"}],"replies":[{"embeddable":true,"href":"https:\/\/losperiodistas.com.mx\/portal\/wp-json\/wp\/v2\/comments?post=121398"}],"version-history":[{"count":1,"href":"https:\/\/losperiodistas.com.mx\/portal\/wp-json\/wp\/v2\/posts\/121398\/revisions"}],"predecessor-version":[{"id":121400,"href":"https:\/\/losperiodistas.com.mx\/portal\/wp-json\/wp\/v2\/posts\/121398\/revisions\/121400"}],"wp:featuredmedia":[{"embeddable":true,"href":"https:\/\/losperiodistas.com.mx\/portal\/wp-json\/wp\/v2\/media\/121399"}],"wp:attachment":[{"href":"https:\/\/losperiodistas.com.mx\/portal\/wp-json\/wp\/v2\/media?parent=121398"}],"wp:term":[{"taxonomy":"category","embeddable":true,"href":"https:\/\/losperiodistas.com.mx\/portal\/wp-json\/wp\/v2\/categories?post=121398"},{"taxonomy":"post_tag","embeddable":true,"href":"https:\/\/losperiodistas.com.mx\/portal\/wp-json\/wp\/v2\/tags?post=121398"}],"curies":[{"name":"wp","href":"https:\/\/api.w.org\/{rel}","templated":true}]}}