{"id":121382,"date":"2026-04-30T05:19:51","date_gmt":"2026-04-30T11:19:51","guid":{"rendered":"https:\/\/losperiodistas.com.mx\/portal\/?p=121382"},"modified":"2026-04-30T05:19:53","modified_gmt":"2026-04-30T11:19:53","slug":"el-diablo-viste-de-prada-2-una-pasarela-para-el-lucimiento-de-streep-hathaway-blunt-y-tucci-rtve","status":"publish","type":"post","link":"https:\/\/losperiodistas.com.mx\/portal\/el-diablo-viste-de-prada-2-una-pasarela-para-el-lucimiento-de-streep-hathaway-blunt-y-tucci-rtve\/","title":{"rendered":"&#8216;El diablo viste de Prada 2&#8217;, una pasarela para el lucimiento de Streep, Hathaway, Blunt y Tucci | Rtve"},"content":{"rendered":"\n<p class=\"has-pale-pink-background-color has-background has-medium-font-size\">Veinte a\u00f1os despu\u00e9s los protagonistas se re\u00fanen en la secuela, que vuelve a dirigir David Frankel<\/p>\n\n\n\n<figure class=\"wp-block-image size-large\"><img fetchpriority=\"high\" decoding=\"async\" width=\"1024\" height=\"577\" src=\"https:\/\/losperiodistas.com.mx\/portal\/wp-content\/uploads\/2026\/04\/Captura-de-pantalla-2026-04-30-a-las-5.15.54-1024x577.png\" alt=\"\" class=\"wp-image-121383\" srcset=\"https:\/\/losperiodistas.com.mx\/portal\/wp-content\/uploads\/2026\/04\/Captura-de-pantalla-2026-04-30-a-las-5.15.54-1024x577.png 1024w, https:\/\/losperiodistas.com.mx\/portal\/wp-content\/uploads\/2026\/04\/Captura-de-pantalla-2026-04-30-a-las-5.15.54-300x169.png 300w, https:\/\/losperiodistas.com.mx\/portal\/wp-content\/uploads\/2026\/04\/Captura-de-pantalla-2026-04-30-a-las-5.15.54-768x432.png 768w, https:\/\/losperiodistas.com.mx\/portal\/wp-content\/uploads\/2026\/04\/Captura-de-pantalla-2026-04-30-a-las-5.15.54-1536x865.png 1536w, https:\/\/losperiodistas.com.mx\/portal\/wp-content\/uploads\/2026\/04\/Captura-de-pantalla-2026-04-30-a-las-5.15.54-2048x1153.png 2048w\" sizes=\"(max-width: 1024px) 100vw, 1024px\" \/><figcaption class=\"wp-element-caption\">Meryl Streep y Anne Hathaway en &#8216;El diablo viste de Prada 2&#8217;\u00a0<em>Macall Polay\u00a0Macall Polay<\/em><\/figcaption><\/figure>\n\n\n\n<p><a href=\"https:\/\/www.rtve.es\/autor\/jesus-jimenez\/300190\/\"><\/a><\/p>\n\n\n\n<p class=\"has-medium-font-size\"><strong><a href=\"https:\/\/www.rtve.es\/autor\/jesus-jimenez\/300190\/\">Jes\u00fas Jim\u00e9nez<\/a> \/ Rtve<\/strong><\/p>\n\n\n\n<p>Han pasado veinte a\u00f1os (2006) desde que Andrea \u00abAndy\u00bb Sachs (<strong>Anne Hathaway<\/strong>) lleg\u00f3 a las oficinas de la revista&nbsp;<em>Runway<\/em>&nbsp;para convertirse en la asistente personal junior de la exigente y caprichosa redactora jefe, Miranda Priestly (<strong>Meryl Streep<\/strong>). All\u00ed tambi\u00e9n conoci\u00f3 al adorable director de arte, Nigel (<strong>Stanley Tucci<\/strong>), y a la primera asistente de Miranda, Emily (<strong>Emily Blunt<\/strong>). Cuatro personajes inolvidables que nos conquistaron en&nbsp;<strong>una \u00e1cida y divertida comedia&nbsp;<\/strong>dirigida por&nbsp;<strong>David Frankel,<\/strong>&nbsp;que narraba los entresijos del mundo de la moda bas\u00e1ndose en la novela de la periodista&nbsp;<strong>Lauren Weisberger<\/strong>, que se inspir\u00f3 en su propia experiencia en el mundillo y en la todopoderosa directora de la revista&nbsp;<em>Vogue<\/em>,&nbsp;<strong>Anna Wintour.<\/strong>&nbsp;Y que&nbsp;<strong>le vali\u00f3 a Meryl Streep<\/strong>&nbsp;<strong>una merecida nominaci\u00f3n a los Oscar y los Globos de Oro.<\/strong><\/p>\n\n\n\n<p>Ahora nos reencontramos con todos ellos en esta simp\u00e1tica segunda entrega de la que vuelven a encargarse al director y la guionista de la historia original,&nbsp;<strong>David Frankel y Aline Brosh McKenna<\/strong>. Una pel\u00edcula que no llega a los niveles de acidez de la primera y que ha perdido esa capacidad de sorpresa. Pero que&nbsp;<strong>nos sigue conquistando por sus personajes y por las excelentes interpretaciones de los actores<\/strong>. Y es que es un placer volver a verlos moverse con esos trajes car\u00edsimos intercambiando puyas, aunque no sean tantas ni tan frecuentes como en la anterior pel\u00edcula.<\/p>\n\n\n\n<figure class=\"wp-block-embed is-type-rich is-provider-gestor-del-servicio wp-block-embed-gestor-del-servicio wp-embed-aspect-16-9 wp-has-aspect-ratio\"><div class=\"wp-block-embed__wrapper\">\n<iframe title=\"El Diablo Viste de Prada 2 | Tr\u00e1iler Final en castellano | Ya en cines\" width=\"500\" height=\"281\" src=\"https:\/\/www.youtube.com\/embed\/IQD3qh7te2o?feature=oembed\" frameborder=\"0\" allow=\"accelerometer; autoplay; clipboard-write; encrypted-media; gyroscope; picture-in-picture; web-share\" referrerpolicy=\"strict-origin-when-cross-origin\" allowfullscreen><\/iframe>\n<\/div><\/figure>\n\n\n\n<p>Tambi\u00e9n vuelve a destacar ese retrato de la trastienda del mundo de la moda, aunque&nbsp;<strong>se haya dulcificado y vuelto m\u00e1s complaciente respecto a la anterior entrega.<\/strong>&nbsp;Pero eso permite a sus responsables volver a mezclar ese glamour del mundo de la moda con el del cine,<strong>&nbsp;incluyendo cameos de grandes estrellas, algunos de ellos realmente sorprendentes y divertidos.<\/strong><\/p>\n\n\n\n<p>Tambi\u00e9n<strong>&nbsp;hay alguna que otra cr\u00edtica a la degradaci\u00f3n del periodismo<\/strong>&nbsp;(y de la sociedad) en estos \u00faltimos a\u00f1os pero al final predomina el tono c\u00f3mico y par\u00f3dico.<\/p>\n\n\n\n<p>En fin, una comedia simp\u00e1tica y divertida, en la que brillan sus protagonistas, y que, aunque no est\u00e1 a la altura de la primera,&nbsp;<strong>os har\u00e1 pasar un buen rato.<\/strong><\/p>\n\n\n\n<figure class=\"wp-block-image\"><img decoding=\"async\" src=\"https:\/\/img2.rtve.es\/im\/17046328\/?w=900\" alt=\"\"\/><figcaption class=\"wp-element-caption\">Fotograma de &#8216;El diablo viste de Prada 2&#8217;&nbsp;Macall Polay&nbsp;<em>Macall Polay<\/em><\/figcaption><\/figure>\n\n\n\n<h2 class=\"wp-block-heading\">Veinte a\u00f1os despu\u00e9s<\/h2>\n\n\n\n<p>Ambientada en la actualidad, la pel\u00edcula nos cuenta como&nbsp;<strong>Andy ha cumplido su sue\u00f1o de ser una periodista de investigaci\u00f3n<\/strong>&nbsp;y ha pasado veinte a\u00f1os recorriendo el mundo gracias a sus reportajes, que han logrado importantes premios. Hasta que la actual crisis de los medios de comunicaci\u00f3n hace que la despidan. A las pocas horas recibe una llamada de los due\u00f1os de&nbsp;<em>Runway<\/em>&nbsp;para que sea la redactora jefa de la revista, que quieren usar su prestigio para frenar una crisis de credibilidad que atraviesa la revista y que la puede hacer perder importantes anunciantes. All\u00ed volver\u00e1 a encontrarse con Miranda Priestly y Nigel Kipling y juntos ir\u00e1n a reunirse con la encargada de la publicidad de su mayor cliente, que no es otra que Emily Charlton, la exasistente de Miranda, que ahora es otra poderosa ejecutiva rival.<\/p>\n\n\n\n<p>Adem\u00e1s de Meryl Streep, Anne Hathaway, Emily Blunt y Stanley Tucci, la pel\u00edcula incluye a&nbsp;<strong>Kenneth Branagh, Simone Ashley, Justin Theroux, Lucy Liu,<\/strong>&nbsp;Patrick Brammall, Caleb Hearon, Helen J. Shen y B.J. Novak. Tracie Thoms y Tibor Feldman tambi\u00e9n repiten sus papeles como \u00abLily\u00bb e \u00abIrv\u00bb de la primera pel\u00edcula.<\/p>\n\n\n\n<p>Por cierto, que, a pesar de estas dos d\u00e9cadas,&nbsp;<strong>parece que no han pasado los a\u00f1os para las tres protagonistas<\/strong>. Quiz\u00e1 sea por esa energ\u00eda que desprenden sus personajes.<\/p>\n\n\n\n<figure class=\"wp-block-image\"><img decoding=\"async\" src=\"https:\/\/img2.rtve.es\/im\/17046427\/?w=900\" alt=\"\"\/><figcaption class=\"wp-element-caption\">Fotograma de &#8216;El diablo viste de Prada&#8217;&nbsp;Macall Polay&nbsp;<em>Macall Polay<\/em><\/figcaption><\/figure>\n\n\n\n<h2 class=\"wp-block-heading\">Unos actores de lujo<\/h2>\n\n\n\n<p>Como en la primera entrega, destaca el excepcional reparto de la pel\u00edcula.&nbsp;<strong>Meryl Streep vuelve a brillar en su papel de la adorablemente perversa Miranda Priestly<\/strong>, aunque debido a lo \u00abpol\u00edticamente correcto\u00bb, ahora tiene siempre detr\u00e1s a su nueva asistente record\u00e1ndole que no puede insultar a sus empleados ni abusar de ellos, lo que nos ofrece algunos momentos divertidos en los que vemos c\u00f3mo tiene que frenar sus impulsos.<\/p>\n\n\n\n<p>Adem\u00e1s est\u00e1 pendiente de un ascenso, por lo que no puede permitirse ning\u00fan error. Debido a eso, esta Miranda parece un poco m\u00e1s d\u00f3cil que la de la primera entrega,<strong>&nbsp;por lo menos hasta que tiene que sacar las u\u00f1as para defender su territorio<\/strong>. Un papel que vuelve a permitir el lucimiento de una de las estrellas m\u00e1s grandes de la historia del cine que, adem\u00e1s, se nota que disfruta al meterse en la piel de este personaje tan adorablemente malvado. Y es que, a pesar de lo mala que aparente ser Miranda, gracias a la interpretaci\u00f3n de Streep no podemos evitar amarla.<\/p>\n\n\n\n<figure class=\"wp-block-image\"><img decoding=\"async\" src=\"https:\/\/img2.rtve.es\/im\/17046424\/?w=900\" alt=\"\"\/><figcaption class=\"wp-element-caption\">Fotograma de &#8216;El diablo viste de Prada&#8217;&nbsp;Macall Polay&nbsp;<em>Macall Polay<\/em><\/figcaption><\/figure>\n\n\n\n<p><strong>Anne Hathaway vuelve a derrochar energ\u00eda en el papel de esa Andy,<\/strong>&nbsp;que jam\u00e1s habr\u00eda vuelto a la revista&nbsp;<em>Runway&nbsp;<\/em>de haber tenido otra posibilidad, pero que, una vez all\u00ed, dar\u00e1 lo mejor de s\u00ed misma y har\u00e1 todo lo posible por salvar la revista y a Miranda, aunque esta no se deje. La experiencia de Andy har\u00e1 que ya no sea tan f\u00e1cil de manejar por Miranda, por lo que su relaci\u00f3n ser\u00e1 m\u00e1s de igual a igual e ir\u00e1 evolucionando. Aunque en el fondo, como a todos, Miranda la fascina, como si fuese un vampiro. Tambi\u00e9n volver\u00e1 a intentar hacerse amiga de Emily.<\/p>\n\n\n\n<figure class=\"wp-block-image\"><img decoding=\"async\" src=\"https:\/\/img2.rtve.es\/im\/17046429\/?w=900\" alt=\"\"\/><figcaption class=\"wp-element-caption\">Fotograma de &#8216;El diablo viste de Prada&#8217;&nbsp;Macall Polay&nbsp;<em>Macall Polay<\/em><\/figcaption><\/figure>\n\n\n\n<p>Pero Emily (Emily Blunt)&nbsp;<strong>ahora tiene otro estatus m\u00e1s elevado y es casi tan inteligente y ambiciosa como Miranda<\/strong>, por lo que tiene sus propios planes. Blunt tambi\u00e9n est\u00e1 fant\u00e1stica en este papel de mujer poderosa, que nos recuerda un poco a la Miranda de la primera entrega. Incluso, al ser la encargada de llevar la publicidad m\u00e1s importante para la revista, puede permitirse el lujo de controlar a Miranda. Esos nuevos equilibrios de poder entre las tres protagonistas, y como los gestionan, es lo m\u00e1s interesante de la pel\u00edcula.<\/p>\n\n\n\n<figure class=\"wp-block-image\"><img decoding=\"async\" src=\"https:\/\/img2.rtve.es\/im\/17046432\/?w=900\" alt=\"\"\/><figcaption class=\"wp-element-caption\">Fotograma de &#8216;El diablo viste de Prada&#8217;&nbsp;20th Century Studios&nbsp;<em>20th Century Studios<\/em><\/figcaption><\/figure>\n\n\n\n<p>Y no podemos olvidarnos del maravilloso Stanley Tucci que, en su papel de Nigel,&nbsp;<strong>vuelve a aportar un poco de cordura y elegancia en este mundo tan loco<\/strong>. Adem\u00e1s, vuelve a ser el mejor aliado de Andy y el pilar de Miranda. Y a pesar de que parece estar siempre en segundo plano, nos reserva alguna que otra sorpresa. Como curiosidad, comentaros que&nbsp;<strong>Stanley Tucci est\u00e1 casado, desde hace 14 a\u00f1os, con Felicity Blunt,<\/strong>&nbsp;la hermana mayor de Emily Blunt, con la que tiene dos hijos. As\u00ed que ambos actores son cu\u00f1ados.<\/p>\n\n\n\n<figure class=\"wp-block-image\"><img decoding=\"async\" src=\"https:\/\/img2.rtve.es\/im\/17046436\/?w=900\" alt=\"\"\/><figcaption class=\"wp-element-caption\">Fotograma de &#8216;El diablo viste de Prada&#8217;&nbsp;Macall Polay&nbsp;<em>Macall Polay<\/em><\/figcaption><\/figure>\n\n\n\n<p>Finalmente, la ciudad de Nueva York, con sus cinematogr\u00e1ficas calles y taxis, vuelve a ser otra de las protagonistas de la pel\u00edcula. Aunque tambi\u00e9n&nbsp;<strong>visitaremos otra de las capitales de la moda, Mil\u00e1n.<\/strong><\/p>\n\n\n\n<p><strong>Destacar todos los aspectos art\u00edsticos y t\u00e9cnicos de la pel\u00edcula<\/strong>, como la fotograf\u00eda, la banda sonora, el montaje. Todo est\u00e1 cuidado con much\u00edsimo mimo y eso se nota en la pel\u00edcula.<\/p>\n\n\n\n<p>En fin, una superproducci\u00f3n de lujo, con la que pasar\u00e9is un buen rato. Sobre todo<strong>&nbsp;gracias a esos actores que disfrutan haciendo su trabajo&nbsp;<\/strong>y a unos estupendos personajes a los que ech\u00e1bamos de menos.<\/p>\n\n\n\n<p><strong>Y que contentar\u00e1 a los numerosos fans de la saga<\/strong>, muchos de los cuales han adquirido por anticipado sus entradas.<\/p>\n\n\n\n<p>Este jueves 30 de abril en cines.<\/p>\n\n\n\n<figure class=\"wp-block-image\"><img decoding=\"async\" src=\"https:\/\/img2.rtve.es\/im\/17046439\/?w=900\" alt=\"\"\/><figcaption class=\"wp-element-caption\">Cartel de &#8216;El diablo viste de Prada&#8217;&nbsp;<em>5<\/em><\/figcaption><\/figure>\n\n\n\n<p>Fuente: <a href=\"https:\/\/www.rtve.es\/noticias\/20260430\/diablo-viste-prada-2-pasarela-para-lucimiento-streep-hathaway-blunt-tucci\/17045909.shtml\">https:\/\/www.rtve.es\/noticias\/20260430\/diablo-viste-prada-2-pasarela-para-lucimiento-streep-hathaway-blunt-tucci\/17045909.shtml<\/a><\/p>\n","protected":false},"excerpt":{"rendered":"<p>Veinte a\u00f1os despu\u00e9s los protagonistas se re\u00fanen en la secuela, que vuelve a dirigir David Frankel Jes\u00fas Jim\u00e9nez \/ Rtve [&hellip;]<\/p>\n","protected":false},"author":1,"featured_media":121383,"comment_status":"open","ping_status":"open","sticky":false,"template":"","format":"standard","meta":{"site-sidebar-layout":"default","site-content-layout":"","ast-site-content-layout":"default","site-content-style":"default","site-sidebar-style":"default","ast-global-header-display":"","ast-banner-title-visibility":"","ast-main-header-display":"","ast-hfb-above-header-display":"","ast-hfb-below-header-display":"","ast-hfb-mobile-header-display":"","site-post-title":"","ast-breadcrumbs-content":"","ast-featured-img":"","footer-sml-layout":"","theme-transparent-header-meta":"","adv-header-id-meta":"","stick-header-meta":"","header-above-stick-meta":"","header-main-stick-meta":"","header-below-stick-meta":"","astra-migrate-meta-layouts":"default","ast-page-background-enabled":"default","ast-page-background-meta":{"desktop":{"background-color":"var(--ast-global-color-4)","background-image":"","background-repeat":"repeat","background-position":"center center","background-size":"auto","background-attachment":"scroll","background-type":"","background-media":"","overlay-type":"","overlay-color":"","overlay-opacity":"","overlay-gradient":""},"tablet":{"background-color":"","background-image":"","background-repeat":"repeat","background-position":"center center","background-size":"auto","background-attachment":"scroll","background-type":"","background-media":"","overlay-type":"","overlay-color":"","overlay-opacity":"","overlay-gradient":""},"mobile":{"background-color":"","background-image":"","background-repeat":"repeat","background-position":"center center","background-size":"auto","background-attachment":"scroll","background-type":"","background-media":"","overlay-type":"","overlay-color":"","overlay-opacity":"","overlay-gradient":""}},"ast-content-background-meta":{"desktop":{"background-color":"var(--ast-global-color-5)","background-image":"","background-repeat":"repeat","background-position":"center center","background-size":"auto","background-attachment":"scroll","background-type":"","background-media":"","overlay-type":"","overlay-color":"","overlay-opacity":"","overlay-gradient":""},"tablet":{"background-color":"var(--ast-global-color-5)","background-image":"","background-repeat":"repeat","background-position":"center center","background-size":"auto","background-attachment":"scroll","background-type":"","background-media":"","overlay-type":"","overlay-color":"","overlay-opacity":"","overlay-gradient":""},"mobile":{"background-color":"var(--ast-global-color-5)","background-image":"","background-repeat":"repeat","background-position":"center center","background-size":"auto","background-attachment":"scroll","background-type":"","background-media":"","overlay-type":"","overlay-color":"","overlay-opacity":"","overlay-gradient":""}},"footnotes":""},"categories":[8],"tags":[31213,48700,48699,40318,25031],"class_list":["post-121382","post","type-post","status-publish","format-standard","has-post-thumbnail","hentry","category-noticias","tag-anne-hathaway","tag-auren-weisberger","tag-david-frankel","tag-el-diablo-viste-de-prada-2","tag-meryl-streep"],"_links":{"self":[{"href":"https:\/\/losperiodistas.com.mx\/portal\/wp-json\/wp\/v2\/posts\/121382","targetHints":{"allow":["GET"]}}],"collection":[{"href":"https:\/\/losperiodistas.com.mx\/portal\/wp-json\/wp\/v2\/posts"}],"about":[{"href":"https:\/\/losperiodistas.com.mx\/portal\/wp-json\/wp\/v2\/types\/post"}],"author":[{"embeddable":true,"href":"https:\/\/losperiodistas.com.mx\/portal\/wp-json\/wp\/v2\/users\/1"}],"replies":[{"embeddable":true,"href":"https:\/\/losperiodistas.com.mx\/portal\/wp-json\/wp\/v2\/comments?post=121382"}],"version-history":[{"count":1,"href":"https:\/\/losperiodistas.com.mx\/portal\/wp-json\/wp\/v2\/posts\/121382\/revisions"}],"predecessor-version":[{"id":121385,"href":"https:\/\/losperiodistas.com.mx\/portal\/wp-json\/wp\/v2\/posts\/121382\/revisions\/121385"}],"wp:featuredmedia":[{"embeddable":true,"href":"https:\/\/losperiodistas.com.mx\/portal\/wp-json\/wp\/v2\/media\/121383"}],"wp:attachment":[{"href":"https:\/\/losperiodistas.com.mx\/portal\/wp-json\/wp\/v2\/media?parent=121382"}],"wp:term":[{"taxonomy":"category","embeddable":true,"href":"https:\/\/losperiodistas.com.mx\/portal\/wp-json\/wp\/v2\/categories?post=121382"},{"taxonomy":"post_tag","embeddable":true,"href":"https:\/\/losperiodistas.com.mx\/portal\/wp-json\/wp\/v2\/tags?post=121382"}],"curies":[{"name":"wp","href":"https:\/\/api.w.org\/{rel}","templated":true}]}}