{"id":121360,"date":"2026-04-29T22:14:02","date_gmt":"2026-04-30T04:14:02","guid":{"rendered":"https:\/\/losperiodistas.com.mx\/portal\/?p=121360"},"modified":"2026-04-29T22:14:04","modified_gmt":"2026-04-30T04:14:04","slug":"ruben-rocha-enrique-inzunza-cazarez-y-la-lista-completa-de-funcionarios-acusados-de-narcotrafico-por-ee-uu-el-pais","status":"publish","type":"post","link":"https:\/\/losperiodistas.com.mx\/portal\/ruben-rocha-enrique-inzunza-cazarez-y-la-lista-completa-de-funcionarios-acusados-de-narcotrafico-por-ee-uu-el-pais\/","title":{"rendered":"Rub\u00e9n Rocha, Enrique Inzunza C\u00e1zarez y la lista completa de funcionarios acusados de narcotr\u00e1fico por EE UU | El Pa\u00eds"},"content":{"rendered":"\n<p>El Departamento de Justicia pone en la diana a 10 cargos y excargos del Estado norte\u00f1o por presuntos v\u00ednculos con el narcotr\u00e1fico<\/p>\n\n\n\n<figure class=\"wp-block-image size-large\"><img fetchpriority=\"high\" decoding=\"async\" width=\"1024\" height=\"575\" src=\"https:\/\/losperiodistas.com.mx\/portal\/wp-content\/uploads\/2026\/04\/FuncionariosAcusadosPorEUA-1024x575.png\" alt=\"\" class=\"wp-image-121361\" srcset=\"https:\/\/losperiodistas.com.mx\/portal\/wp-content\/uploads\/2026\/04\/FuncionariosAcusadosPorEUA-1024x575.png 1024w, https:\/\/losperiodistas.com.mx\/portal\/wp-content\/uploads\/2026\/04\/FuncionariosAcusadosPorEUA-300x169.png 300w, https:\/\/losperiodistas.com.mx\/portal\/wp-content\/uploads\/2026\/04\/FuncionariosAcusadosPorEUA-768x432.png 768w, https:\/\/losperiodistas.com.mx\/portal\/wp-content\/uploads\/2026\/04\/FuncionariosAcusadosPorEUA.png 1500w\" sizes=\"(max-width: 1024px) 100vw, 1024px\" \/><figcaption class=\"wp-element-caption\">Funcionarios acusados el gobierno de Estados UnidosGobierno de Sinaloa \/ CESP<\/figcaption><\/figure>\n\n\n\n<p class=\"has-vivid-red-color has-text-color has-link-color wp-elements-fbdf4b00200fe94ba13cec79089b3ec7\">Juan Carlos Espinosa \/ El Pa\u00eds<\/p>\n\n\n\n<p>Washington ha asestado este mi\u00e9rcoles un golpe in\u00e9dito en la siempre tensa relaci\u00f3n con M\u00e9xico. El Departamento de Estado ha acusado formalmente al gobernador morenista de Sinaloa, Rub\u00e9n Rocha Moya, de trabajar con el grupo de\u00a0Los Chapitos, los herederos de Joaqu\u00edn\u00a0<em>El Chapo<\/em>\u00a0Guzm\u00e1n, facilit\u00e1ndoles el env\u00edo de drogas a EE UU y dej\u00e1ndolos nombrar a altos cargos de su Gobierno despu\u00e9s de que estos le ayudaran a ganar su elecci\u00f3n en 2021. Pero Rocha Moya solo es el rostro m\u00e1s visible.<\/p>\n\n\n\n<p>El Fiscal Federal para el Distrito Sur de Nueva York tambi\u00e9n ha apuntado a otros nueve funcionarios y exfuncionarios del Estado norte\u00f1o por presuntamente\u00a0conspirar con l\u00edderes del Cartel de Sinaloa\u00a0para exportar grandes cantidades de narc\u00f3ticos al otro lado de la frontera a cambio de sobornos. La justicia norteamericana pide una sentencia categ\u00f3rica para todos los implicados: de 40 a\u00f1os a cadena perpetua.<\/p>\n\n\n\n<p>De acuerdo con el escrito de acusaci\u00f3n, Estados Unidos ha presentado al Gobierno sinaloense como una extensi\u00f3n operativa del grupo criminal liderado hist\u00f3ricamente por El Chapo y El Mayo Zambada, ambos en prisi\u00f3n en EE UU. Los seguidores de los dos criminales se encuentran en medio de una guerra fratricida sangrienta. Estos son los funcionarios y agentes acusados por Washington.<\/p>\n\n\n\n<h2 class=\"wp-block-heading\">Rub\u00e9n Rocha Moya, gobernador de Sinaloa<\/h2>\n\n\n\n<figure class=\"wp-block-image size-full\"><img decoding=\"async\" width=\"980\" height=\"654\" src=\"https:\/\/losperiodistas.com.mx\/portal\/wp-content\/uploads\/2026\/04\/imagen-146.png\" alt=\"\" class=\"wp-image-121362\" srcset=\"https:\/\/losperiodistas.com.mx\/portal\/wp-content\/uploads\/2026\/04\/imagen-146.png 980w, https:\/\/losperiodistas.com.mx\/portal\/wp-content\/uploads\/2026\/04\/imagen-146-300x200.png 300w, https:\/\/losperiodistas.com.mx\/portal\/wp-content\/uploads\/2026\/04\/imagen-146-768x513.png 768w\" sizes=\"(max-width: 980px) 100vw, 980px\" \/><figcaption class=\"wp-element-caption\">Rub\u00e9n Rocha Moya, en Sinaloa, el 18 de octubre de 2025.<br>Gobierno de Sinaloa<\/figcaption><\/figure>\n\n\n\n<p>El mandatario sali\u00f3 de las tripas de los movimientos de la izquierda democr\u00e1tica en los a\u00f1os ochenta. Fue tres veces candidato para gobernar su Estado hasta que logr\u00f3 el triunfo en 2021 de la mano de Morena, el partido creado por el expresidente Andr\u00e9s Manuel L\u00f3pez Obrador. Antes de asumir el puesto de gobernador, fue senador con la misma formaci\u00f3n.<\/p>\n\n\n\n<p>Estados Unidos lo acusa de\u00a0ganar la elecci\u00f3n con el apoyo de Los Chapitos. Para lograrlo, seg\u00fan el escrito del Departamento de Estado, los narcotraficantes secuestraron e intimidaron \u201ca los candidatos de la oposici\u00f3n\u201d. Este grupo del Cartel de Sinaloa, como recompensa, pudo operar con todas las facilidades del Gobierno estatal. Adem\u00e1s, Rocha Moya mantuvo m\u00faltiples reuniones con ellos como candidato y como gobernador.<\/p>\n\n\n\n<h2 class=\"wp-block-heading\">Enrique Inzunza C\u00e1zarez, senador con Morena<\/h2>\n\n\n\n<figure class=\"wp-block-image size-full\"><img decoding=\"async\" width=\"980\" height=\"653\" src=\"https:\/\/losperiodistas.com.mx\/portal\/wp-content\/uploads\/2026\/04\/imagen-147.png\" alt=\"\" class=\"wp-image-121363\" srcset=\"https:\/\/losperiodistas.com.mx\/portal\/wp-content\/uploads\/2026\/04\/imagen-147.png 980w, https:\/\/losperiodistas.com.mx\/portal\/wp-content\/uploads\/2026\/04\/imagen-147-300x200.png 300w, https:\/\/losperiodistas.com.mx\/portal\/wp-content\/uploads\/2026\/04\/imagen-147-768x512.png 768w\" sizes=\"(max-width: 980px) 100vw, 980px\" \/><figcaption class=\"wp-element-caption\">Enrique Inzulza C\u00e1zarez senador de Morena.<br>Senado de M\u00e9xico<\/figcaption><\/figure>\n\n\n\n<p>Es senador de la Rep\u00fablica de Morena por Sinaloa. Antes de eso tuvo una importante carrera en el poder judicial. Fue magistrado presidente del Tribunal de Justicia del Estado norte\u00f1o entre 2016 y 2021. Despu\u00e9s fue nombrado secretario de Gobierno de Rocha Moya. Tres a\u00f1os despu\u00e9s dio el salto a la C\u00e1mara Alta, en 2024.<\/p>\n\n\n\n<p>El Departamento de Justicia lo se\u00f1ala por presuntamente reunirse, al igual que su exjefe, con Los Chapitos \u201cy otros l\u00edderes del Cartel\u201d. Tambi\u00e9n asegura que acord\u00f3 \u201cplanes espec\u00edficos\u201d para que el Gobierno del morenista apoyara y protegiera a los criminales.<\/p>\n\n\n\n<h2 class=\"wp-block-heading\">Juan de Dios G\u00e1mez, alcalde de Culiac\u00e1n<\/h2>\n\n\n\n<figure class=\"wp-block-image size-full\"><img loading=\"lazy\" decoding=\"async\" width=\"980\" height=\"653\" src=\"https:\/\/losperiodistas.com.mx\/portal\/wp-content\/uploads\/2026\/04\/imagen-148.png\" alt=\"\" class=\"wp-image-121364\" srcset=\"https:\/\/losperiodistas.com.mx\/portal\/wp-content\/uploads\/2026\/04\/imagen-148.png 980w, https:\/\/losperiodistas.com.mx\/portal\/wp-content\/uploads\/2026\/04\/imagen-148-300x200.png 300w, https:\/\/losperiodistas.com.mx\/portal\/wp-content\/uploads\/2026\/04\/imagen-148-768x512.png 768w\" sizes=\"(max-width: 980px) 100vw, 980px\" \/><figcaption class=\"wp-element-caption\">Juan De Dios G\u00e1mez Mend\u00edvil en Culiac\u00e1n, el 25 de abril.<br>Gobierno de Culiac\u00e1n.<\/figcaption><\/figure>\n\n\n\n<p>Es imposible desconectar la carrera pol\u00edtica de Juan de Dios G\u00e1mez de la figura de su padrino, el gobernador Rocha Moya. Se inici\u00f3 como funcionario en distintos cargos menores dentro del aparato burocr\u00e1tico del Gobierno sinaloense en los 2000. Dio el salto a Ciudad de M\u00e9xico en 2018 para ser asesor del mandatario estatal cuando fue senador.<\/p>\n\n\n\n<p>El Congreso del Estado lo nombr\u00f3 alcalde de la capital y ciudad m\u00e1s poblada de Sinaloa en 2022 para sustituir a Jes\u00fas Estrada Ferreiro. Su antecesor, tambi\u00e9n de Morena, fue separado del cargo, salpicado por corrupci\u00f3n y declaraciones mis\u00f3ginas. El escrito de acusaci\u00f3n se\u00f1ala a G\u00e1mez por permitir al Cartel operar \u201csin interferencia del Gobierno\u201d y por dejar trabajar sin contratiempos a Los Chapitos dentro del municipio.<\/p>\n\n\n\n<h2 class=\"wp-block-heading\">Enrique D\u00edaz Vega, exsecretario de Finanzas de Sinaloa<\/h2>\n\n\n\n<figure class=\"wp-block-image size-full\"><img loading=\"lazy\" decoding=\"async\" width=\"980\" height=\"653\" src=\"https:\/\/losperiodistas.com.mx\/portal\/wp-content\/uploads\/2026\/04\/imagen-149.png\" alt=\"\" class=\"wp-image-121365\" srcset=\"https:\/\/losperiodistas.com.mx\/portal\/wp-content\/uploads\/2026\/04\/imagen-149.png 980w, https:\/\/losperiodistas.com.mx\/portal\/wp-content\/uploads\/2026\/04\/imagen-149-300x200.png 300w, https:\/\/losperiodistas.com.mx\/portal\/wp-content\/uploads\/2026\/04\/imagen-149-768x512.png 768w\" sizes=\"(max-width: 980px) 100vw, 980px\" \/><figcaption class=\"wp-element-caption\">Enrique D\u00edaz Vega en Sinaloa, en enero de 2024.<br>Gobierno de Sinaloa<\/figcaption><\/figure>\n\n\n\n<p>Fue secretario de Finanzas del gobernador de 2021 a 2024, cuando renunci\u00f3 por motivos personales. Antes de saltar a la pol\u00edtica, trabaj\u00f3 en el sector privado como un empresario ligado a los sectores inmobiliarios y de la construcci\u00f3n. La justicia norteamericana afirma que durante la campa\u00f1a a la gubernatura entreg\u00f3 a los narcotraficantes \u201clos nombres y direcciones de los oponentes\u201d de Rocha Moya para que los \u201cpudieran amenazar y obligar\u201d a retirarse de la elecci\u00f3n.<\/p>\n\n\n\n<h2 class=\"wp-block-heading\">D\u00e1maso Castro Zaavedra, vicefiscal de Sinaloa<\/h2>\n\n\n\n<figure class=\"wp-block-image size-full\"><img loading=\"lazy\" decoding=\"async\" width=\"980\" height=\"653\" src=\"https:\/\/losperiodistas.com.mx\/portal\/wp-content\/uploads\/2026\/04\/imagen-150.png\" alt=\"\" class=\"wp-image-121366\" srcset=\"https:\/\/losperiodistas.com.mx\/portal\/wp-content\/uploads\/2026\/04\/imagen-150.png 980w, https:\/\/losperiodistas.com.mx\/portal\/wp-content\/uploads\/2026\/04\/imagen-150-300x200.png 300w, https:\/\/losperiodistas.com.mx\/portal\/wp-content\/uploads\/2026\/04\/imagen-150-768x512.png 768w\" sizes=\"(max-width: 980px) 100vw, 980px\" \/><figcaption class=\"wp-element-caption\">D\u00e1maso Castro Zaavedra en Sinaloa, en diciembre de 2023.<br>Fiscal\u00eda de Sinaloa<\/figcaption><\/figure>\n\n\n\n<p>Castro Zaavedra ha trabajado a distintos niveles dentro de la Fiscal\u00eda en Sinaloa. Ha sido el n\u00famero dos de la instituci\u00f3n desde 2021. Los investigadores de Estados Unidos afirman que el abogado ha recibido sobornos mensuales de Los Chapitos por hasta 11.000 d\u00f3lares. Esos pagos se tradujeron en la protecci\u00f3n absoluta para los herederos de Guzm\u00e1n Loera dentro del grupo criminal. \u201c[El vicefiscal] les ha informado de las operaciones de las fuerzas del orden p\u00fablico planeadas con el respaldo de los Estados Unidos\u201d, seg\u00fan el documento hecho p\u00fablico este mi\u00e9rcoles.<\/p>\n\n\n\n<h2 class=\"wp-block-heading\">Marco Antonio Almanza, exjefe de la Polic\u00eda de Investigaci\u00f3n<\/h2>\n\n\n\n<figure class=\"wp-block-image size-full\"><img loading=\"lazy\" decoding=\"async\" width=\"980\" height=\"653\" src=\"https:\/\/losperiodistas.com.mx\/portal\/wp-content\/uploads\/2026\/04\/imagen-151.png\" alt=\"\" class=\"wp-image-121367\" srcset=\"https:\/\/losperiodistas.com.mx\/portal\/wp-content\/uploads\/2026\/04\/imagen-151.png 980w, https:\/\/losperiodistas.com.mx\/portal\/wp-content\/uploads\/2026\/04\/imagen-151-300x200.png 300w, https:\/\/losperiodistas.com.mx\/portal\/wp-content\/uploads\/2026\/04\/imagen-151-768x512.png 768w\" sizes=\"(max-width: 980px) 100vw, 980px\" \/><figcaption class=\"wp-element-caption\">Marco Antonio Almanza \u00c1viles en una imagen sin datar.<br>CGCESP<\/figcaption><\/figure>\n\n\n\n<p>Fue el jefe del brazo policial de la Fiscal\u00eda estatal desde 2017 hasta 2022. Almanza, al igual que muchos otros, siempre seg\u00fan el escrito acusatorio, recibi\u00f3 sobornos y trabaj\u00f3 para que sus agentes debilitaran a los rivales de los hijos del Chapo en la regi\u00f3n. \u201cLibr\u00f3 \u00f3rdenes de detenci\u00f3n contra los enemigos de Los Chapitos cuando estos se lo solicitaron y permiti\u00f3 que se transportaran, a trav\u00e9s de Sinaloa, cargamentos de productos qu\u00edmicos utilizados en la producci\u00f3n del fentanilo\u201d, afirma el documento del Departamento de Estado.<\/p>\n\n\n\n<p>El Fiscal Federal para el Distrito Sur de Nueva York pone el \u00edndice sobre el expolic\u00eda por varios delitos. Entre ellos est\u00e1 la posesi\u00f3n de ametralladoras y artefactos explosivos y la conspiraci\u00f3n para poseerlas. Adem\u00e1s de conspirar para exportar drogas a EE UU.<\/p>\n\n\n\n<h2 class=\"wp-block-heading\">Alberto Jorge Contreras, sucesor de Almanza en la Polic\u00eda de Investigaci\u00f3n<\/h2>\n\n\n\n<p>Conocido como El Cholo, sucedi\u00f3 a Almanza al frente de la Polic\u00eda de Investigaci\u00f3n a finales de 2022. Dej\u00f3 el cargo cuatro a\u00f1os m\u00e1s tarde. Su funci\u00f3n que le encomend\u00f3 la facci\u00f3n ligada a Joaqu\u00edn Guzm\u00e1n Loera fue distinta a la de su antecesor. Los estadounidenses\u00a0lo acusan de utilizar su cargo para dejar \u201cen libertad a los miembros de los Chapitos\u00a0que hab\u00edan sido detenidos por sus actividades de tr\u00e1fico de drogas\u201d.<\/p>\n\n\n\n<h2 class=\"wp-block-heading\">Gerardo M\u00e9rida S\u00e1nchez, exsecretario de Seguridad P\u00fablica de Sinaloa<\/h2>\n\n\n\n<figure class=\"wp-block-image size-full\"><img loading=\"lazy\" decoding=\"async\" width=\"980\" height=\"653\" src=\"https:\/\/losperiodistas.com.mx\/portal\/wp-content\/uploads\/2026\/04\/imagen-152.png\" alt=\"\" class=\"wp-image-121368\" srcset=\"https:\/\/losperiodistas.com.mx\/portal\/wp-content\/uploads\/2026\/04\/imagen-152.png 980w, https:\/\/losperiodistas.com.mx\/portal\/wp-content\/uploads\/2026\/04\/imagen-152-300x200.png 300w, https:\/\/losperiodistas.com.mx\/portal\/wp-content\/uploads\/2026\/04\/imagen-152-768x512.png 768w\" sizes=\"(max-width: 980px) 100vw, 980px\" \/><figcaption class=\"wp-element-caption\">Gerardo M\u00e9rida S\u00e1nchez exsecretario de Seguridad P\u00fablica.<br>Gobierno de Sinaloa<\/figcaption><\/figure>\n\n\n\n<p>Fue el primer polic\u00eda del Estado durante poco m\u00e1s de un a\u00f1o: entre septiembre de 2023 y su renuncia en diciembre de 2024, ahogado por la indignaci\u00f3n social ante la crisis de seguridad en Sinaloa. Como cabeza de la Secretar\u00eda, se encarg\u00f3 de supervisar los operativos de la polic\u00eda estatal y de nombrar a su director.<\/p>\n\n\n\n<p>En el escrito del Departamento de Justicia se asegura que M\u00e9rida notificaba a los criminales cada vez que los agentes iban a realizar redadas en los laboratorios de droga para que estos pudieran mover de lugar los narc\u00f3ticos y los equipos para su elaboraci\u00f3n.<\/p>\n\n\n\n<h2 class=\"wp-block-heading\">Jos\u00e9 Antonio Dionisio Hip\u00f3lito, exsubdirector de la polic\u00eda estatal<\/h2>\n\n\n\n<p>Es conocido con el sobrenombre de Tornado. Estuvo en el cargo como el segundo al mando de la Polic\u00eda Estatal, de 2017 a 2022. En dos ocasiones tambi\u00e9n fue comandante de ese cuerpo. La justicia norteamericana asegura que \u201cpermiti\u00f3 a Los Chapitos operar sin interferencias en su jurisdicci\u00f3n, coloc\u00f3 a otros agentes de polic\u00eda que estaban en la n\u00f3mina de Los Chapitos, o que de otro modo apoyaban a Los Chapitos, en puestos de poder dentro de la Polic\u00eda Estatal\u201d.<\/p>\n\n\n\n<h2 class=\"wp-block-heading\">Juan Valenzuela Mill\u00e1n, comandante de la polic\u00eda de Culiac\u00e1n<\/h2>\n\n\n\n<p>Fue comandante de la polic\u00eda de Culiac\u00e1n de 2018 a 2024. Estados Unidos asegura que Valenzuela \u201crecibi\u00f3 sobornos mensuales de Los Chapitos para s\u00ed mismo, sus comandantes y m\u00e1s de 40 agentes de la polic\u00eda municipal\u201d. A cambio, este le concedi\u00f3 a los criminales \u201cacceso ilimitado\u201d a la instituci\u00f3n y \u201clos recursos de dicha fuerza policial\u201d para ayudarlos a traficar droga.<\/p>\n\n\n\n<p>Fuente: <a href=\"https:\/\/elpais.com\/mexico\/2026-04-29\/el-gobernador-rocha-moya-el-alcalde-de-culiacan-y-un-senador-a-quienes-acusa-estados-unidos-en-sinaloa.html\" target=\"_blank\" rel=\"noreferrer noopener\">El Pa\u00eds<\/a><\/p>\n","protected":false},"excerpt":{"rendered":"<p>El Departamento de Justicia pone en la diana a 10 cargos y excargos del Estado norte\u00f1o por presuntos v\u00ednculos con el narcotr\u00e1fico <\/p>\n","protected":false},"author":1,"featured_media":121361,"comment_status":"open","ping_status":"open","sticky":false,"template":"","format":"standard","meta":{"site-sidebar-layout":"default","site-content-layout":"","ast-site-content-layout":"default","site-content-style":"default","site-sidebar-style":"default","ast-global-header-display":"","ast-banner-title-visibility":"","ast-main-header-display":"","ast-hfb-above-header-display":"","ast-hfb-below-header-display":"","ast-hfb-mobile-header-display":"","site-post-title":"","ast-breadcrumbs-content":"","ast-featured-img":"","footer-sml-layout":"","theme-transparent-header-meta":"","adv-header-id-meta":"","stick-header-meta":"","header-above-stick-meta":"","header-main-stick-meta":"","header-below-stick-meta":"","astra-migrate-meta-layouts":"default","ast-page-background-enabled":"default","ast-page-background-meta":{"desktop":{"background-color":"var(--ast-global-color-4)","background-image":"","background-repeat":"repeat","background-position":"center center","background-size":"auto","background-attachment":"scroll","background-type":"","background-media":"","overlay-type":"","overlay-color":"","overlay-opacity":"","overlay-gradient":""},"tablet":{"background-color":"","background-image":"","background-repeat":"repeat","background-position":"center center","background-size":"auto","background-attachment":"scroll","background-type":"","background-media":"","overlay-type":"","overlay-color":"","overlay-opacity":"","overlay-gradient":""},"mobile":{"background-color":"","background-image":"","background-repeat":"repeat","background-position":"center center","background-size":"auto","background-attachment":"scroll","background-type":"","background-media":"","overlay-type":"","overlay-color":"","overlay-opacity":"","overlay-gradient":""}},"ast-content-background-meta":{"desktop":{"background-color":"var(--ast-global-color-5)","background-image":"","background-repeat":"repeat","background-position":"center center","background-size":"auto","background-attachment":"scroll","background-type":"","background-media":"","overlay-type":"","overlay-color":"","overlay-opacity":"","overlay-gradient":""},"tablet":{"background-color":"var(--ast-global-color-5)","background-image":"","background-repeat":"repeat","background-position":"center center","background-size":"auto","background-attachment":"scroll","background-type":"","background-media":"","overlay-type":"","overlay-color":"","overlay-opacity":"","overlay-gradient":""},"mobile":{"background-color":"var(--ast-global-color-5)","background-image":"","background-repeat":"repeat","background-position":"center center","background-size":"auto","background-attachment":"scroll","background-type":"","background-media":"","overlay-type":"","overlay-color":"","overlay-opacity":"","overlay-gradient":""}},"footnotes":""},"categories":[8],"tags":[48689,48687,48686,48684,48690,48685,48688,29275],"class_list":["post-121360","post","type-post","status-publish","format-standard","has-post-thumbnail","hentry","category-noticias","tag-alberto-jorge-contreras","tag-damaso-castro-zaavedra","tag-enrique-diaz-vega","tag-enrique-inzunza-cazarez-2","tag-gerardo-merida-sanchez","tag-juan-de-dios-gamez","tag-marco-antonio-almanza","tag-ruben-rocha"],"_links":{"self":[{"href":"https:\/\/losperiodistas.com.mx\/portal\/wp-json\/wp\/v2\/posts\/121360","targetHints":{"allow":["GET"]}}],"collection":[{"href":"https:\/\/losperiodistas.com.mx\/portal\/wp-json\/wp\/v2\/posts"}],"about":[{"href":"https:\/\/losperiodistas.com.mx\/portal\/wp-json\/wp\/v2\/types\/post"}],"author":[{"embeddable":true,"href":"https:\/\/losperiodistas.com.mx\/portal\/wp-json\/wp\/v2\/users\/1"}],"replies":[{"embeddable":true,"href":"https:\/\/losperiodistas.com.mx\/portal\/wp-json\/wp\/v2\/comments?post=121360"}],"version-history":[{"count":1,"href":"https:\/\/losperiodistas.com.mx\/portal\/wp-json\/wp\/v2\/posts\/121360\/revisions"}],"predecessor-version":[{"id":121369,"href":"https:\/\/losperiodistas.com.mx\/portal\/wp-json\/wp\/v2\/posts\/121360\/revisions\/121369"}],"wp:featuredmedia":[{"embeddable":true,"href":"https:\/\/losperiodistas.com.mx\/portal\/wp-json\/wp\/v2\/media\/121361"}],"wp:attachment":[{"href":"https:\/\/losperiodistas.com.mx\/portal\/wp-json\/wp\/v2\/media?parent=121360"}],"wp:term":[{"taxonomy":"category","embeddable":true,"href":"https:\/\/losperiodistas.com.mx\/portal\/wp-json\/wp\/v2\/categories?post=121360"},{"taxonomy":"post_tag","embeddable":true,"href":"https:\/\/losperiodistas.com.mx\/portal\/wp-json\/wp\/v2\/tags?post=121360"}],"curies":[{"name":"wp","href":"https:\/\/api.w.org\/{rel}","templated":true}]}}