{"id":121340,"date":"2026-04-29T10:50:10","date_gmt":"2026-04-29T16:50:10","guid":{"rendered":"https:\/\/losperiodistas.com.mx\/portal\/?p=121340"},"modified":"2026-04-29T10:50:41","modified_gmt":"2026-04-29T16:50:41","slug":"trump-pone-en-un-aprieto-a-carlos-iii-en-plena-cena-de-estado-en-la-casa-blanca-chic","status":"publish","type":"post","link":"https:\/\/losperiodistas.com.mx\/portal\/trump-pone-en-un-aprieto-a-carlos-iii-en-plena-cena-de-estado-en-la-casa-blanca-chic\/","title":{"rendered":"Trump pone en un aprieto a Carlos III en plena cena de Estado en la Casa Blanca | CHIC"},"content":{"rendered":"\n<h2 class=\"wp-block-heading\">Buckingham reacciona tras atribuir Trump al rey apoyo sobre Ir\u00e1n, en una velada marcada por bromas, gestos diplom\u00e1ticos y tensi\u00f3n latente.<\/h2>\n\n\n\n<p><a href=\"https:\/\/www.libertaddigital.com\/autores\/luis-farreras-pascual\/\"><\/a><\/p>\n\n\n\n<figure class=\"wp-block-image size-full\"><img fetchpriority=\"high\" decoding=\"async\" width=\"697\" height=\"465\" src=\"https:\/\/losperiodistas.com.mx\/portal\/wp-content\/uploads\/2026\/04\/donald-trump-carlos-iii-290426.jpg.webp\" alt=\"\" class=\"wp-image-121341\" srcset=\"https:\/\/losperiodistas.com.mx\/portal\/wp-content\/uploads\/2026\/04\/donald-trump-carlos-iii-290426.jpg.webp 697w, https:\/\/losperiodistas.com.mx\/portal\/wp-content\/uploads\/2026\/04\/donald-trump-carlos-iii-290426.jpg-300x200.webp 300w\" sizes=\"(max-width: 697px) 100vw, 697px\" \/><figcaption class=\"wp-element-caption\">Donald Trump y la primera dama Melania Trump reciben al rey Carlos III y a la reina Camila. |\u00a0Cordon Press<\/figcaption><\/figure>\n\n\n\n<p class=\"has-medium-font-size\"><strong><a href=\"https:\/\/www.libertaddigital.com\/autores\/luis-farreras-pascual\/\">Luis Farreras<\/a> \/ CHIC \/ LD<\/strong><\/p>\n\n\n\n<p><a href=\"https:\/\/www.libertaddigital.com\/chic\/casas-reales\/2026-04-27\/carlos-iii-y-camilla-viajan-a-eeuu-entre-fuertes-medidas-de-seguridad-tras-el-atentado-contra-trump-1b-7395104\/\">La visita de Estado de Carlos III a Estados Unidos arranc\u00f3 en Washington con una escena tan reconocible como cargada de intenci\u00f3n<\/a>: el gran banquete oficial en la Casa Blanca. Entre uniformes de gala, vajillas impecables y vestidos de alta costura, la diplomacia volvi\u00f3 a exhibirse en p\u00fablico con todos sus c\u00f3digos,&nbsp;<strong>aunque no sin sobresaltos<\/strong>.<\/p>\n\n\n\n<p>La cena dej\u00f3 im\u00e1genes muy medidas. La reina&nbsp;<a href=\"https:\/\/www.libertaddigital.com\/personajes\/camilla-parker-bowles\/\">Camila<\/a>&nbsp;eligi\u00f3 un dise\u00f1o fucsia de Fiona Clare y rescat\u00f3 joyas con historia, vinculadas a la princesa Marina de Grecia y Dinamarca. Frente a ella,&nbsp;<a href=\"https:\/\/www.libertaddigital.com\/personajes\/melania-trump\/\">Melania Trump<\/a>&nbsp;opt\u00f3 por un vestido de Dior en tonos suaves. Dos elecciones pensadas para un escaparate global en el que cada gesto comunica.<\/p>\n\n\n\n<h3 class=\"wp-block-heading\">Un clima distendido con mensaje de fondo<\/h3>\n\n\n\n<p>El tono institucional se rebaj\u00f3 durante los discursos.<a href=\"https:\/\/www.libertaddigital.com\/personajes\/donald-trump\/\">&nbsp;Donald Trump<\/a>&nbsp;introdujo comentarios desenfadados que encontraron r\u00e9plica en la iron\u00eda del monarca.&nbsp;<strong>\u00abPues de no ser por nosotros usted hablar\u00eda franc\u00e9s\u00bb<\/strong>, dej\u00f3 caer Carlos III, evocando los or\u00edgenes coloniales de Estados Unidos. La reacci\u00f3n fue inmediata: risas generalizadas en una sala que, por unos minutos, se alej\u00f3 de la rigidez habitual.<\/p>\n\n\n\n<p>M\u00e1s all\u00e1 de ese intercambio, el rey aprovech\u00f3 la intervenci\u00f3n para insistir en su principal objetivo durante el viaje: reforzar el v\u00ednculo hist\u00f3rico entre Londres y Washington. Ese mensaje se vio reforzado con un regalo de car\u00e1cter simb\u00f3lico,&nbsp;<strong>la campana de un submarino brit\u00e1nico<\/strong>&nbsp;de la Segunda Guerra Mundial que llevaba el nombre de Trump. \u00abQue sirva como testimonio de la historia compartida de nuestras naciones y de su brillante futuro. Y si alguna vez necesitan ponerse en contacto con nosotros, simplemente ll\u00e1menos\u00bb, se\u00f1al\u00f3.<\/p>\n\n\n\n<p><a href=\"https:\/\/www.libertaddigital.com\/chic\/casas-reales\/2026-04-28\/los-fallos-de-protocolo-y-despistes-de-carlos-y-camilla-en-su-cita-con-los-trump-en-la-casa-blanca-1b-7395665\/\">Los fallos de protocolo y despistes de Carlos y Camilla en su cita con los Trump en la Casa BlancaA. Mateu<\/a><\/p>\n\n\n\n<h3 class=\"wp-block-heading\">Una declaraci\u00f3n que obliga a rectificar<\/h3>\n\n\n\n<p>El momento m\u00e1s inc\u00f3modo de la velada lleg\u00f3 poco despu\u00e9s. Trump afirm\u00f3 que Estados Unidos hab\u00eda<strong>&nbsp;\u00abderrotado militarmente\u00bb&nbsp;<\/strong>a Ir\u00e1n y a\u00f1adi\u00f3 una frase que desat\u00f3 la inquietud diplom\u00e1tica: \u00abNunca vamos a permitir que ese adversario, Carlos est\u00e1 de acuerdo conmigo, incluso m\u00e1s que yo, tenga un arma nuclear\u00bb.<\/p>\n\n\n\n<h2 class=\"wp-block-heading\">Relacionado<\/h2>\n\n\n\n<ul class=\"wp-block-list\">\n<li><a href=\"https:\/\/www.libertaddigital.com\/internacional\/estados-unidos\/2026-04-28\/kimmel-responde-a-la-peticion-de-despido-de-trump-tras-referirse-a-melania-como-futura-viuda-un-chiste-muy-suave-1b-7395602\/\">Kimmel considera \u00absuave\u00bb llamar \u00abviuda expectante\u00bb a Melania en su parodia de la cena donde intentaron matar a Trump<\/a><\/li>\n\n\n\n<li><a href=\"https:\/\/www.libertaddigital.com\/internacional\/estados-unidos\/2026-04-27\/melania-trump-exige-a-abc-medidas-contra-jimmy-kimmel-por-su-retorica-odiosa-y-corrosiva-1b-7395270\/\">Donald Trump y Melania exigen a ABC medidas contra Jimmy Kimmel por su ret\u00f3rica \u00abodiosa y corrosiva\u00bb<\/a><\/li>\n\n\n\n<li><a href=\"https:\/\/www.libertaddigital.com\/internacional\/estados-unidos\/2026-04-27\/es-trump-realmente-un-imperialista-el-dialogo-exclusivo-de-libertad-digital-que-explicara-las-claves-de-su-mandato-1b-7395250\/\">\u00bfEs Trump realmente un imperialista? El di\u00e1logo exclusivo de Libertad Digital que explicar\u00e1 las claves de su mandato<\/a><\/li>\n\n\n\n<li><a href=\"https:\/\/www.libertaddigital.com\/chic\/casas-reales\/2026-04-27\/carlos-iii-y-camilla-viajan-a-eeuu-entre-fuertes-medidas-de-seguridad-tras-el-atentado-contra-trump-1b-7395104\/\">Carlos III y Camilla viajan a EEUU entre fuertes medidas de seguridad tras el atentado contra Trump<\/a><\/li>\n<\/ul>\n\n\n\n<p>La alusi\u00f3n directa al monarca provoc\u00f3 una r\u00e1pida reacci\u00f3n del Palacio de Buckingham. Un portavoz, en declaraciones recogidas por la BBC, record\u00f3 que el rey conoce la posici\u00f3n tradicional de su Gobierno en materia de no proliferaci\u00f3n nuclear,&nbsp;<strong>subrayando as\u00ed su neutralidad<\/strong>. El matiz no es menor en un contexto en el que el Ejecutivo brit\u00e1nico encabezado por&nbsp;<a href=\"https:\/\/www.libertaddigital.com\/personajes\/keir-starmer\/\">Keir Starmer<\/a>&nbsp;mantiene una postura distinta a la de Washington respecto a Oriente Pr\u00f3ximo.<\/p>\n\n\n\n<h3 class=\"wp-block-heading\">Un gesto inoportuno en redes sociales<\/h3>\n\n\n\n<p>Antes incluso de que comenzara la cena, la Casa Blanca hab\u00eda contribuido a tensar el ambiente con un movimiento llamativo. La publicaci\u00f3n de una fotograf\u00eda de Trump junto a Carlos III bajo el lema&nbsp;<strong>\u00abDOS REYES\u00bb<\/strong>&nbsp;coincidi\u00f3 con un momento especialmente delicado en Estados Unidos, donde se han sucedido protestas contra la Administraci\u00f3n bajo consignas contrarias a cualquier simbolismo mon\u00e1rquico.<\/p>\n\n\n\n<p>El episodio a\u00f1adi\u00f3 incomodidad a una visita ya marcada por equilibrios complejos. Pese a todo, el monarca evit\u00f3 cualquier gesto que alimentara la pol\u00e9mica. Una actitud coherente con el papel institucional que desempe\u00f1a y con su intenci\u00f3n de preservar una relaci\u00f3n bilateral que atraviesa&nbsp;<strong>una fase de evidente frialdad<\/strong>. En Washington, entre gestos calculados y declaraciones inesperadas, Carlos III volvi\u00f3 a ejercer de garante de una alianza que, pese a todo, sigue siendo estrat\u00e9gica.<\/p>\n\n\n\n<p>Fuente: <a href=\"https:\/\/www.libertaddigital.com\/chic\/casas-reales\/2026-04-29\/trump-pone-en-un-aprieto-a-carlos-iii-en-plena-cena-de-estado-en-la-casa-blanca-1b-7396489\/\">https:\/\/www.libertaddigital.com\/chic\/casas-reales\/2026-04-29\/trump-pone-en-un-aprieto-a-carlos-iii-en-plena-cena-de-estado-en-la-casa-blanca-1b-7396489\/<\/a><\/p>\n","protected":false},"excerpt":{"rendered":"<p>Buckingham reacciona tras atribuir Trump al rey apoyo sobre Ir\u00e1n, en una velada marcada por bromas, gestos diplom\u00e1ticos y tensi\u00f3n [&hellip;]<\/p>\n","protected":false},"author":1,"featured_media":121341,"comment_status":"open","ping_status":"open","sticky":false,"template":"","format":"standard","meta":{"site-sidebar-layout":"default","site-content-layout":"","ast-site-content-layout":"default","site-content-style":"default","site-sidebar-style":"default","ast-global-header-display":"","ast-banner-title-visibility":"","ast-main-header-display":"","ast-hfb-above-header-display":"","ast-hfb-below-header-display":"","ast-hfb-mobile-header-display":"","site-post-title":"","ast-breadcrumbs-content":"","ast-featured-img":"","footer-sml-layout":"","theme-transparent-header-meta":"","adv-header-id-meta":"","stick-header-meta":"","header-above-stick-meta":"","header-main-stick-meta":"","header-below-stick-meta":"","astra-migrate-meta-layouts":"default","ast-page-background-enabled":"default","ast-page-background-meta":{"desktop":{"background-color":"var(--ast-global-color-4)","background-image":"","background-repeat":"repeat","background-position":"center center","background-size":"auto","background-attachment":"scroll","background-type":"","background-media":"","overlay-type":"","overlay-color":"","overlay-opacity":"","overlay-gradient":""},"tablet":{"background-color":"","background-image":"","background-repeat":"repeat","background-position":"center center","background-size":"auto","background-attachment":"scroll","background-type":"","background-media":"","overlay-type":"","overlay-color":"","overlay-opacity":"","overlay-gradient":""},"mobile":{"background-color":"","background-image":"","background-repeat":"repeat","background-position":"center center","background-size":"auto","background-attachment":"scroll","background-type":"","background-media":"","overlay-type":"","overlay-color":"","overlay-opacity":"","overlay-gradient":""}},"ast-content-background-meta":{"desktop":{"background-color":"var(--ast-global-color-5)","background-image":"","background-repeat":"repeat","background-position":"center center","background-size":"auto","background-attachment":"scroll","background-type":"","background-media":"","overlay-type":"","overlay-color":"","overlay-opacity":"","overlay-gradient":""},"tablet":{"background-color":"var(--ast-global-color-5)","background-image":"","background-repeat":"repeat","background-position":"center center","background-size":"auto","background-attachment":"scroll","background-type":"","background-media":"","overlay-type":"","overlay-color":"","overlay-opacity":"","overlay-gradient":""},"mobile":{"background-color":"var(--ast-global-color-5)","background-image":"","background-repeat":"repeat","background-position":"center center","background-size":"auto","background-attachment":"scroll","background-type":"","background-media":"","overlay-type":"","overlay-color":"","overlay-opacity":"","overlay-gradient":""}},"footnotes":""},"categories":[8],"tags":[48675,5257,39451,23257],"class_list":["post-121340","post","type-post","status-publish","format-standard","has-post-thumbnail","hentry","category-noticias","tag-dos-reyes","tag-donald-trump","tag-guerra-iran","tag-rey-carlos-iii-de-inglaterra"],"_links":{"self":[{"href":"https:\/\/losperiodistas.com.mx\/portal\/wp-json\/wp\/v2\/posts\/121340","targetHints":{"allow":["GET"]}}],"collection":[{"href":"https:\/\/losperiodistas.com.mx\/portal\/wp-json\/wp\/v2\/posts"}],"about":[{"href":"https:\/\/losperiodistas.com.mx\/portal\/wp-json\/wp\/v2\/types\/post"}],"author":[{"embeddable":true,"href":"https:\/\/losperiodistas.com.mx\/portal\/wp-json\/wp\/v2\/users\/1"}],"replies":[{"embeddable":true,"href":"https:\/\/losperiodistas.com.mx\/portal\/wp-json\/wp\/v2\/comments?post=121340"}],"version-history":[{"count":1,"href":"https:\/\/losperiodistas.com.mx\/portal\/wp-json\/wp\/v2\/posts\/121340\/revisions"}],"predecessor-version":[{"id":121342,"href":"https:\/\/losperiodistas.com.mx\/portal\/wp-json\/wp\/v2\/posts\/121340\/revisions\/121342"}],"wp:featuredmedia":[{"embeddable":true,"href":"https:\/\/losperiodistas.com.mx\/portal\/wp-json\/wp\/v2\/media\/121341"}],"wp:attachment":[{"href":"https:\/\/losperiodistas.com.mx\/portal\/wp-json\/wp\/v2\/media?parent=121340"}],"wp:term":[{"taxonomy":"category","embeddable":true,"href":"https:\/\/losperiodistas.com.mx\/portal\/wp-json\/wp\/v2\/categories?post=121340"},{"taxonomy":"post_tag","embeddable":true,"href":"https:\/\/losperiodistas.com.mx\/portal\/wp-json\/wp\/v2\/tags?post=121340"}],"curies":[{"name":"wp","href":"https:\/\/api.w.org\/{rel}","templated":true}]}}