{"id":121337,"date":"2026-04-29T10:31:09","date_gmt":"2026-04-29T16:31:09","guid":{"rendered":"https:\/\/losperiodistas.com.mx\/portal\/?p=121337"},"modified":"2026-04-29T10:45:11","modified_gmt":"2026-04-29T16:45:11","slug":"fernandez-prepara-un-decreto-de-cisma-ante-las-posibles-consagraciones-de-la-fsspx-en-julio-infovaticana","status":"publish","type":"post","link":"https:\/\/losperiodistas.com.mx\/portal\/fernandez-prepara-un-decreto-de-cisma-ante-las-posibles-consagraciones-de-la-fsspx-en-julio-infovaticana\/","title":{"rendered":"Fern\u00e1ndez prepara un decreto de cisma ante las posibles consagraciones de la FSSPX en julio | Infovaticana"},"content":{"rendered":"\n<figure class=\"wp-block-image\"><img decoding=\"async\" src=\"https:\/\/infovaticana.com\/wp-content\/uploads\/2026\/04\/INFOVATICANA_305-1067x600.jpeg\" alt=\"Fern\u00e1ndez prepara un decreto de cisma ante las posibles consagraciones de la FSSPX en julio\"\/><\/figure>\n\n\n\n<p class=\"has-vivid-red-color has-text-color has-link-color has-medium-font-size wp-elements-b089b45529391316d7c653315a9c832a\"><strong>Por INFOVATICANA\u00a0<\/strong><\/p>\n\n\n\n<p><\/p>\n\n\n\n<p>El Vaticano se prepara para declarar un cisma si la Fraternidad Sacerdotal San P\u00edo X (FSSPX) consagra nuevos obispos sin mandato pontificio el pr\u00f3ximo 1 de julio en \u00c9c\u00f4ne. El prefecto del Dicasterio para la Doctrina de la Fe (DDF), el cardenal V\u00edctor Manuel Fern\u00e1ndez, tiene ya listo un decreto para responder a ese escenario, mientras Roma organiza tambi\u00e9n una respuesta pastoral para acoger a quienes abandonen la Fraternidad.<\/p>\n\n\n\n<h2 class=\"wp-block-heading\">Rorate Caeli adelanta el plan de Roma<\/h2>\n\n\n\n<p>En los \u00faltimos d\u00edas se ha ido filtrando informaci\u00f3n sobre la posible respuesta del DDF sobre las consagraciones en \u00c9c\u00f4ne. La primera se\u00f1al lleg\u00f3 el 25 de abril. El portal Rorate Caeli, citando fuentes romanas, inform\u00f3 de que el papa Le\u00f3n XIV habr\u00eda decidido aplicar la llamada \u201cjurisprudencia de 1988\u201d en caso de que se produzcan las consagraciones.<\/p>\n\n\n\n<p>Seg\u00fan esa informaci\u00f3n, ya estar\u00eda preparado un decreto similar al promulgado entonces por el cardenal Bernardin Gantin tras las ordenaciones realizadas por Marcel Lefebvre. El documento que declar\u00f3 la excomuni\u00f3n autom\u00e1tica (<em>ipso facto<\/em>) de los obispos implicados y calific\u00f3 el acto como cism\u00e1tico, instando a los fieles a no adherirse.<\/p>\n\n\n\n<p>Rorate Caeli a\u00f1ad\u00eda adem\u00e1s que no estaba previsto un encuentro previo entre el Papa y el superior general de la FSSPX, el padre Davide Pagliarani, lo que apuntaba a un escenario sin mediaci\u00f3n inmediata.<\/p>\n\n\n\n<h2 class=\"wp-block-heading\">Spuntoni confirma que Roma ya contempla el cisma<\/h2>\n\n\n\n<p>Al d\u00eda siguiente \u2014domingo del Buen Pastor\u2014 el obispo Bernard Fellay, ex superior general de la Fraternidad, reconoci\u00f3 en la homil\u00eda que la excomuni\u00f3n es un escenario altamente probable.<\/p>\n\n\n\n<p><em>\u201cNo quiero ser profeta, pero estoy bastante seguro de que hay una enorme probabilidad de que todos ustedes, nosotros incluidos, seamos excomulgados, declarados en cisma\u201d,<\/em>&nbsp;afirm\u00f3 Fellay ante los fieles, se\u00f1alando que Roma ya ha expresado p\u00fablicamente su postura.<\/p>\n\n\n\n<p>El prelado interpret\u00f3 esta situaci\u00f3n en clave espiritual, afirmando que la Fraternidad est\u00e1 llamada a ser \u201cun signo de contradicci\u00f3n\u201d, identificando esa contradicci\u00f3n con la cruz y llamando a los fieles a asumir las consecuencias.<\/p>\n\n\n\n<h2 class=\"wp-block-heading\">Advertencias oficiales: Roma habla de \u201cruptura de la comuni\u00f3n\u201d<\/h2>\n\n\n\n<p>En paralelo, la Santa Sede ya hab\u00eda dejado clara su posici\u00f3n en t\u00e9rminos doctrinales. Tras la reuni\u00f3n entre el prefecto del Dicasterio para la Doctrina de la Fe y el superior general de la FSSPX, se advirti\u00f3 que la ordenaci\u00f3n de obispos sin mandato pontificio implicar\u00eda una \u201cruptura decisiva de la comuni\u00f3n eclesial (cisma)\u201d, con graves consecuencias para la Fraternidad.<\/p>\n\n\n\n<p><a href=\"https:\/\/infovaticana.com\/2026\/02\/12\/pagliarini-llega-al-santo-uffizio-expectacion-ante-la-reunion-que-puede-definir-el-rumbo-del-pontificado-de-leon-xiv\/\"><strong>Lea tambi\u00e9n: Tucho califica de cordial la reuni\u00f3n con la FSSPX pero advierte: \u00abS\u00f3lo continuar\u00e1 el di\u00e1logo si se suspenden las consagraciones\u00bb<\/strong><\/a><\/p>\n\n\n\n<h2 class=\"wp-block-heading\">Confirmaci\u00f3n del decreto: ya est\u00e1 preparado<\/h2>\n\n\n\n<p>El mismo domingo Nico Spuntoni, periodista de&nbsp;<em>Il Giornale<\/em>, confirm\u00f3 que el cardenal V\u00edctor Manuel Fern\u00e1ndez ya tiene preparado un decreto para declarar el cisma si se llevan a cabo las consagraciones. Asegura adem\u00e1s,&nbsp;que el Dicasterio para la Doctrina de la Fe \u201cest\u00e1 ya preparado para un escenario de cisma\u201d y que, aunque Roma ha sido \u201cflexible\u201d en las negociaciones, ahora se percibe una clara intenci\u00f3n de responder con firmeza.<\/p>\n\n\n\n<p>El periodista tambi\u00e9n subraya que no est\u00e1 claro el alcance de las sanciones. No ha podido confirmar si la eventual excomuni\u00f3n afectar\u00e1 \u00fanicamente a los obispos implicados o si podr\u00eda extenderse a otros miembros de la Fraternidad, por lo que evita confirmar los rumores sobre medidas generalizadas.<\/p>\n\n\n\n<h2 class=\"wp-block-heading\">Preparativos pastorales ante una posible fractura<\/h2>\n\n\n\n<p>A las voces que han informado sobre este hecho se suma la periodista Diane Montagna, quien agrega la dimensi\u00f3n pastoral al movimiento de la Santa Sede. Seg\u00fan las fuentes citadas, el Vaticano no solo prepara una respuesta disciplinaria, sino tambi\u00e9n mecanismos para acoger a los sacerdotes y fieles que no deseen permanecer en la Fraternidad tras una eventual ruptura.<\/p>\n\n\n\n<h2 class=\"wp-block-heading\">Un escenario cada vez m\u00e1s definido<\/h2>\n\n\n\n<p>Todo parece indicar que las consagraciones previstas para el 1 de julio son consideradas en Roma como un desenlace probable, hasta el punto de que el Dicasterio para la Doctrina de la Fe tiene ya preparada su respuesta y trabaja en paralelo en medidas pastorales para sus consecuencias.<\/p>\n\n\n\n<p>Si ese paso se materializa, la Santa Sede responder\u00e1 previsiblemente con una declaraci\u00f3n formal de cisma y sanciones can\u00f3nicas, siguiendo el precedente de 1988. La Iglesia se acerca a un nuevo punto de inflexi\u00f3n en la compleja relaci\u00f3n entre Roma y la Fraternidad fundada por Marcel Lefebvre.<\/p>\n\n\n\n<p>Fuente: <a href=\"https:\/\/infovaticana.com\/2026\/04\/29\/fernandez-prepara-un-decreto-de-cisma-ante-las-posibles-consagraciones-de-la-fsspx-en-julio\/\">https:\/\/infovaticana.com\/2026\/04\/29\/fernandez-prepara-un-decreto-de-cisma-ante-las-posibles-consagraciones-de-la-fsspx-en-julio\/<\/a><\/p>\n","protected":false},"excerpt":{"rendered":"<p>Por INFOVATICANA\u00a0 El Vaticano se prepara para declarar un cisma si la Fraternidad Sacerdotal San P\u00edo X (FSSPX) consagra nuevos [&hellip;]<\/p>\n","protected":false},"author":1,"featured_media":121338,"comment_status":"open","ping_status":"open","sticky":false,"template":"","format":"standard","meta":{"site-sidebar-layout":"default","site-content-layout":"","ast-site-content-layout":"default","site-content-style":"default","site-sidebar-style":"default","ast-global-header-display":"","ast-banner-title-visibility":"","ast-main-header-display":"","ast-hfb-above-header-display":"","ast-hfb-below-header-display":"","ast-hfb-mobile-header-display":"","site-post-title":"","ast-breadcrumbs-content":"","ast-featured-img":"","footer-sml-layout":"","theme-transparent-header-meta":"","adv-header-id-meta":"","stick-header-meta":"","header-above-stick-meta":"","header-main-stick-meta":"","header-below-stick-meta":"","astra-migrate-meta-layouts":"default","ast-page-background-enabled":"default","ast-page-background-meta":{"desktop":{"background-color":"var(--ast-global-color-4)","background-image":"","background-repeat":"repeat","background-position":"center center","background-size":"auto","background-attachment":"scroll","background-type":"","background-media":"","overlay-type":"","overlay-color":"","overlay-opacity":"","overlay-gradient":""},"tablet":{"background-color":"","background-image":"","background-repeat":"repeat","background-position":"center center","background-size":"auto","background-attachment":"scroll","background-type":"","background-media":"","overlay-type":"","overlay-color":"","overlay-opacity":"","overlay-gradient":""},"mobile":{"background-color":"","background-image":"","background-repeat":"repeat","background-position":"center center","background-size":"auto","background-attachment":"scroll","background-type":"","background-media":"","overlay-type":"","overlay-color":"","overlay-opacity":"","overlay-gradient":""}},"ast-content-background-meta":{"desktop":{"background-color":"var(--ast-global-color-5)","background-image":"","background-repeat":"repeat","background-position":"center center","background-size":"auto","background-attachment":"scroll","background-type":"","background-media":"","overlay-type":"","overlay-color":"","overlay-opacity":"","overlay-gradient":""},"tablet":{"background-color":"var(--ast-global-color-5)","background-image":"","background-repeat":"repeat","background-position":"center center","background-size":"auto","background-attachment":"scroll","background-type":"","background-media":"","overlay-type":"","overlay-color":"","overlay-opacity":"","overlay-gradient":""},"mobile":{"background-color":"var(--ast-global-color-5)","background-image":"","background-repeat":"repeat","background-position":"center center","background-size":"auto","background-attachment":"scroll","background-type":"","background-media":"","overlay-type":"","overlay-color":"","overlay-opacity":"","overlay-gradient":""}},"footnotes":""},"categories":[8],"tags":[21052,48672,48674,25102,48673],"class_list":["post-121337","post","type-post","status-publish","format-standard","has-post-thumbnail","hentry","category-noticias","tag-cardenal-victor-manuel-fernandez","tag-cisma-iglesia-2026","tag-consagraciones-de-fsspx","tag-dicasterio-para-la-doctrina-de-la-fe","tag-fraternidad-sacerdotal-san-pio"],"_links":{"self":[{"href":"https:\/\/losperiodistas.com.mx\/portal\/wp-json\/wp\/v2\/posts\/121337","targetHints":{"allow":["GET"]}}],"collection":[{"href":"https:\/\/losperiodistas.com.mx\/portal\/wp-json\/wp\/v2\/posts"}],"about":[{"href":"https:\/\/losperiodistas.com.mx\/portal\/wp-json\/wp\/v2\/types\/post"}],"author":[{"embeddable":true,"href":"https:\/\/losperiodistas.com.mx\/portal\/wp-json\/wp\/v2\/users\/1"}],"replies":[{"embeddable":true,"href":"https:\/\/losperiodistas.com.mx\/portal\/wp-json\/wp\/v2\/comments?post=121337"}],"version-history":[{"count":1,"href":"https:\/\/losperiodistas.com.mx\/portal\/wp-json\/wp\/v2\/posts\/121337\/revisions"}],"predecessor-version":[{"id":121339,"href":"https:\/\/losperiodistas.com.mx\/portal\/wp-json\/wp\/v2\/posts\/121337\/revisions\/121339"}],"wp:featuredmedia":[{"embeddable":true,"href":"https:\/\/losperiodistas.com.mx\/portal\/wp-json\/wp\/v2\/media\/121338"}],"wp:attachment":[{"href":"https:\/\/losperiodistas.com.mx\/portal\/wp-json\/wp\/v2\/media?parent=121337"}],"wp:term":[{"taxonomy":"category","embeddable":true,"href":"https:\/\/losperiodistas.com.mx\/portal\/wp-json\/wp\/v2\/categories?post=121337"},{"taxonomy":"post_tag","embeddable":true,"href":"https:\/\/losperiodistas.com.mx\/portal\/wp-json\/wp\/v2\/tags?post=121337"}],"curies":[{"name":"wp","href":"https:\/\/api.w.org\/{rel}","templated":true}]}}