{"id":121334,"date":"2026-04-29T10:23:35","date_gmt":"2026-04-29T16:23:35","guid":{"rendered":"https:\/\/losperiodistas.com.mx\/portal\/?p=121334"},"modified":"2026-04-29T10:23:37","modified_gmt":"2026-04-29T16:23:37","slug":"national-geographic-accede-a-la-zona-de-exclusion-de-chernobil-asi-vivieron-el-accidente-las-personas-involucradas-historia-ng","status":"publish","type":"post","link":"https:\/\/losperiodistas.com.mx\/portal\/national-geographic-accede-a-la-zona-de-exclusion-de-chernobil-asi-vivieron-el-accidente-las-personas-involucradas-historia-ng\/","title":{"rendered":"National Geographic accede a la zona de exclusi\u00f3n de Chern\u00f3bil: As\u00ed vivieron el accidente las personas involucradas | Historia NG"},"content":{"rendered":"\n<h2 class=\"wp-block-heading\">La nueva docuserie de National Geographic, &#8216;Chern\u00f3bil: en el coraz\u00f3n del desastre&#8217;, se adentra en la zona de exclusi\u00f3n con un acceso in\u00e9dito para reconstruir lo ocurrido junto a quienes lo vivieron.<\/h2>\n\n\n\n<figure class=\"wp-block-image size-large\"><img fetchpriority=\"high\" decoding=\"async\" width=\"1024\" height=\"576\" src=\"https:\/\/losperiodistas.com.mx\/portal\/wp-content\/uploads\/2026\/04\/chatgpt-image-28-abr-2026-15-57-04_4a342538_260428155844_1280x720-1024x576.jpeg\" alt=\"\" class=\"wp-image-121335\" srcset=\"https:\/\/losperiodistas.com.mx\/portal\/wp-content\/uploads\/2026\/04\/chatgpt-image-28-abr-2026-15-57-04_4a342538_260428155844_1280x720-1024x576.jpeg 1024w, https:\/\/losperiodistas.com.mx\/portal\/wp-content\/uploads\/2026\/04\/chatgpt-image-28-abr-2026-15-57-04_4a342538_260428155844_1280x720-300x169.jpeg 300w, https:\/\/losperiodistas.com.mx\/portal\/wp-content\/uploads\/2026\/04\/chatgpt-image-28-abr-2026-15-57-04_4a342538_260428155844_1280x720-768x432.jpeg 768w, https:\/\/losperiodistas.com.mx\/portal\/wp-content\/uploads\/2026\/04\/chatgpt-image-28-abr-2026-15-57-04_4a342538_260428155844_1280x720.jpeg 1280w\" sizes=\"(max-width: 1024px) 100vw, 1024px\" \/><figcaption class=\"wp-element-caption\">Sala de control abandonada de Chern\u00f3bil.<br>\u00a9 Windfalls Films &#8211; National Geographic<\/figcaption><\/figure>\n\n\n\n<p class=\"has-medium-font-size\"><strong><a href=\"https:\/\/historia.nationalgeographic.com.es\/autores\/elsa-salom_1273\">Elsa Salom<\/a> \/ Historia National Geographic<\/strong><\/p>\n\n\n\n<p class=\"has-small-font-size\">Periodista especializada en cultura<\/p>\n\n\n\n<p>Despu\u00e9s de las bombas nucleares de&nbsp;<strong><a href=\"https:\/\/historia.nationalgeographic.com.es\/edicion-impresa\/articulos\/hiroshima-y-nagasaki_23890\" target=\"_blank\" rel=\"noreferrer noopener\">Hiroshima y Nagasaki<\/a><\/strong>, el mundo pens\u00f3 que nada podr\u00eda ya superar aquel horror. Sin embargo, cuatro d\u00e9cadas despu\u00e9s, en plena paz, una nueva fecha quedar\u00eda marcada para siempre:&nbsp;<strong>el 26 de abril de 1986<\/strong>.Esa madrugada se recuerda con tristeza y terror por el&nbsp;<strong>incendio en la central&nbsp;<\/strong>situada en el&nbsp;<strong>norte de Ucrania<\/strong>, entonces bajo control de la Uni\u00f3n Sovi\u00e9tica. La cat\u00e1strofe se convertir\u00eda en el<strong>&nbsp;mayor desastre nuclear de la historia<\/strong>. Hoy, convertida en una&nbsp;<strong>ciudad fantasma<\/strong>,&nbsp;<strong>Chern\u00f3bil<\/strong>&nbsp;dej\u00f3&nbsp;<a href=\"https:\/\/historia.nationalgeographic.com.es\/a\/consecuencias-desastre-nuclear-chernobil_10304\" target=\"_blank\" rel=\"noreferrer noopener\">consecuencias irreparables<\/a>. En 2026 se cumplen<strong>&nbsp;40 a\u00f1os&nbsp;<\/strong>de aquella explosi\u00f3n que abri\u00f3 una herida que, aunque pasen los a\u00f1os, todav\u00eda escuece.<\/p>\n\n\n\n<p>Ahora, a trav\u00e9s de las c\u00e1maras de&nbsp;<a href=\"https:\/\/www.natgeotv.com\/es\/especial\/chernobil-en-el-corazon-del-desastre\" target=\"_blank\" rel=\"noreferrer noopener\"><strong>National Geographic<\/strong><\/a>, una nueva investigaci\u00f3n sin precedentes en la&nbsp;<strong>zona de exclusi\u00f3n<\/strong>&nbsp;se convierte en el eje de esta miniserie, condensada en cuatro cap\u00edtulos, que se estrena esta semana en la plataforma&nbsp;<a href=\"https:\/\/www.disneyplus.com\/es-es\/browse\/entity-c998daeb-b737-40e4-9e7f-3454bb83645b\" target=\"_blank\" rel=\"noreferrer noopener\"><strong>Disney+ Espa\u00f1a<\/strong><\/a>&nbsp;y revive en pantalla aquel terror\u00edfico suceso.<\/p>\n\n\n\n<h3 class=\"wp-block-heading\">LA MADRUGADA QUE LO CAMBI\u00d3 TODO<\/h3>\n\n\n\n<p>Esa noche, concretamente a la 01:23, durante una prueba de seguridad en el&nbsp;<strong>reactor n\u00famero 4&nbsp;<\/strong>de la central nuclear de Chern\u00f3bil, un conjunto de errores humanos y fallos de dise\u00f1o caus\u00f3 una&nbsp;<strong>subida incontrolada de potencia<\/strong>. El resultado: una<strong>&nbsp;explosi\u00f3n qu\u00edmica<\/strong>&nbsp;que hizo saltar la cubierta del reactor y liber\u00f3 inmensas cantidades de material radiactivo al exterior.<\/p>\n\n\n\n<figure class=\"wp-block-image\"><img decoding=\"async\" src=\"https:\/\/content-historia.nationalgeographic.com.es\/medio\/2026\/04\/28\/windfalls-films-national-geographic-jpg_39dd0590_260428182405_800x450.webp\" alt=\"Windfalls Films National Geographic jpg\"\/><figcaption class=\"wp-element-caption\">Fotograma de la docuserie.\u00a9 Windfalls Films\/National Geographic<\/figcaption><\/figure>\n\n\n\n<p>Las consecuencias fueron inmediatas y devastadoras: se calcula que se propagaron alrededor de&nbsp;<strong>520 radionucleidos nocivos<\/strong>, contaminando amplias zonas de Ucrania, Bielorrusia y Rusia.&nbsp;Seg\u00fan los informes oficiales,<strong>&nbsp;31 personas murieron&nbsp;<\/strong>en el momento, mientras que unas 600.000 participaron en las tareas de limpieza, expuestas a altos niveles de radiaci\u00f3n.<\/p>\n\n\n\n<p>La&nbsp;<strong>cercana ciudad de Pr\u00edpiat&nbsp;<\/strong>fue evacuada r\u00e1pidamente, dejando atr\u00e1s vidas enteras que algunos intentaron recuperar de forma ilegal: los llamados&nbsp;<strong><em>samosely<\/em><\/strong>. En total,&nbsp;<strong>casi 8,4 millones<\/strong>&nbsp;de personas en tres pa\u00edses estuvieron expuestas a la radiaci\u00f3n, seg\u00fan datos de las Naciones Unidas.<\/p>\n\n\n\n<p>Art\u00edculo recomendado<a href=\"https:\/\/historia.nationalgeographic.com.es\/a\/consecuencias-desastre-nuclear-chernobil_10304\">Chern\u00f3bil: M\u00e1s de 30 a\u00f1os despu\u00e9s del accidente nuclearLeer art\u00edculo<\/a><\/p>\n\n\n\n<h3 class=\"wp-block-heading\">CHERN\u00d3BIL, DESDE DENTRO<\/h3>\n\n\n\n<p>La&nbsp;<a href=\"https:\/\/www.natgeotv.com\/es\/especial\/chernobil-en-el-corazon-del-desastre\" target=\"_blank\" rel=\"noreferrer noopener\">nueva producci\u00f3n de National Geographic<\/a>&nbsp;se adentra, como sugiere su t\u00edtulo, en el coraz\u00f3n de Chern\u00f3bil: la zona de exclusi\u00f3n. Y lo hace con un enfoque in\u00e9dito:&nbsp;<strong>acceso a \u00e1reas restringidas&nbsp;<\/strong>y&nbsp;testimonios de cient\u00edficos y trabajadores que sufrieron las consecuencias en primera persona. A todo ello se suma el uso de&nbsp;<strong>tecnolog\u00eda puntera<\/strong>&nbsp;para monitorizar la radiaci\u00f3n actual del entorno.<\/p>\n\n\n\n<p>A lo largo de&nbsp;<strong>cuatro episodios<\/strong>&nbsp;\u2014<em>Infierno<\/em>,&nbsp;<em>Encubrimiento<\/em>,&nbsp;<em>Sacrificio<\/em>&nbsp;y&nbsp;<em>Secuelas<\/em>\u2014, que reconstruyen cronol\u00f3gicamente los hechos, la serie vuelve a situar Chern\u00f3bil en el foco global y analiza qu\u00e9 queda hoy de aquel desastre.<\/p>\n\n\n\n<figure class=\"wp-block-image\"><img decoding=\"async\" src=\"https:\/\/content-historia.nationalgeographic.com.es\/medio\/2026\/04\/28\/windfalls-films-national-geographic_b92753a5_260428175740_800x450.webp\" alt=\"Windfalls Films National Geographic\"\/><figcaption class=\"wp-element-caption\">Fotograma de la docuserie.\u00a9 Windfalls Films\/National Geographic<\/figcaption><\/figure>\n\n\n\n<p>Con todo, el documental no solo mira al pasado, sino que plantea preguntas clave para el presente: \u00bfes segura hoy la energ\u00eda nuclear? \u00bfQu\u00e9 riesgos perduran en Chern\u00f3bil? \u00bfC\u00f3mo conviven la naturaleza, y la radiaci\u00f3n d\u00e9cadas despu\u00e9s? Y quiza lo m\u00e1s importante, \u00bfc\u00f3mo han seguido adelante las v\u00edctimas?<\/p>\n\n\n\n<p>Este inter\u00e9s por revisitar la tragedia desde diferentes perspectivas se suma a otras producciones recientes y confirma que el episodio de Chern\u00f3bil es uno de los relatos m\u00e1s impactantes de la historia contempor\u00e1nea. Entre los t\u00edtulos m\u00e1s destacados, se encuentra&nbsp;<em><a href=\"https:\/\/www.hbomax.com\/es\/es\/shows\/chernobyl\/396999a6-3fff-4af3-802b-10c46d10deff\" target=\"_blank\" rel=\"noreferrer noopener\"><strong>Chernobyl<\/strong><\/a>&nbsp;<\/em>(<strong>HBO, 2019<\/strong>), que reaviv\u00f3 el debate social e impuls\u00f3 el turismo en la zona, junto a&nbsp;<strong><em><a href=\"https:\/\/www.movistarplus.es\/documentales\/chernobil-desclasificado\/lluvia-radioactiva\/ficha?tipo=E&amp;id=2056611\" target=\"_blank\" rel=\"noreferrer noopener\">Chern\u00f3bil: desclasificado<\/a><\/em><\/strong>&nbsp;(<strong>Movistar+, 2022<\/strong>), basada en documentos in\u00e9ditos.<\/p>\n\n\n\n<h3 class=\"wp-block-heading\">CHERN\u00d3BIL SIGUE LATIENDO<\/h3>\n\n\n\n<p>Cuatro d\u00e9cadas despu\u00e9s, m\u00e1s all\u00e1 de las ruinas, Chern\u00f3bil se ha convertido en un s\u00edmbolo que sigue evolucionando. La&nbsp;<strong>radiaci\u00f3n permanece<\/strong>&nbsp;en el entorno, y tanto los efectos en la salud como en el medioambiente contin\u00faan bajo estudio.&nbsp;En 2016, la Asamblea General de las Naciones Unidas design\u00f3 oficialmente el 26 de abril como el&nbsp;<strong>D\u00eda Internacional de Recordaci\u00f3n del Desastre de Chern\u00f3bil<\/strong>, consolidando as\u00ed su relevancia global. Porque Chern\u00f3bil no se qued\u00f3 en el pasado: sigue abriendo debates y investigaciones y nos obliga a establecer los&nbsp;<strong>l\u00edmites de la tecnolog\u00eda humana<\/strong>.<\/p>\n\n\n\n<p>Fuente: <a href=\"https:\/\/historia.nationalgeographic.com.es\/actualidad\/chernobil-sigue-latiendo-asi-se-vivio-mayor-tragedia-nuclear-historia_25942\">https:\/\/historia.nationalgeographic.com.es\/actualidad\/chernobil-sigue-latiendo-asi-se-vivio-mayor-tragedia-nuclear-historia_25942<\/a><\/p>\n","protected":false},"excerpt":{"rendered":"<p>La nueva docuserie de National Geographic, &#8216;Chern\u00f3bil: en el coraz\u00f3n del desastre&#8217;, se adentra en la zona de exclusi\u00f3n con [&hellip;]<\/p>\n","protected":false},"author":1,"featured_media":121335,"comment_status":"open","ping_status":"open","sticky":false,"template":"","format":"standard","meta":{"site-sidebar-layout":"default","site-content-layout":"","ast-site-content-layout":"default","site-content-style":"default","site-sidebar-style":"default","ast-global-header-display":"","ast-banner-title-visibility":"","ast-main-header-display":"","ast-hfb-above-header-display":"","ast-hfb-below-header-display":"","ast-hfb-mobile-header-display":"","site-post-title":"","ast-breadcrumbs-content":"","ast-featured-img":"","footer-sml-layout":"","theme-transparent-header-meta":"","adv-header-id-meta":"","stick-header-meta":"","header-above-stick-meta":"","header-main-stick-meta":"","header-below-stick-meta":"","astra-migrate-meta-layouts":"default","ast-page-background-enabled":"default","ast-page-background-meta":{"desktop":{"background-color":"var(--ast-global-color-4)","background-image":"","background-repeat":"repeat","background-position":"center center","background-size":"auto","background-attachment":"scroll","background-type":"","background-media":"","overlay-type":"","overlay-color":"","overlay-opacity":"","overlay-gradient":""},"tablet":{"background-color":"","background-image":"","background-repeat":"repeat","background-position":"center center","background-size":"auto","background-attachment":"scroll","background-type":"","background-media":"","overlay-type":"","overlay-color":"","overlay-opacity":"","overlay-gradient":""},"mobile":{"background-color":"","background-image":"","background-repeat":"repeat","background-position":"center center","background-size":"auto","background-attachment":"scroll","background-type":"","background-media":"","overlay-type":"","overlay-color":"","overlay-opacity":"","overlay-gradient":""}},"ast-content-background-meta":{"desktop":{"background-color":"var(--ast-global-color-5)","background-image":"","background-repeat":"repeat","background-position":"center center","background-size":"auto","background-attachment":"scroll","background-type":"","background-media":"","overlay-type":"","overlay-color":"","overlay-opacity":"","overlay-gradient":""},"tablet":{"background-color":"var(--ast-global-color-5)","background-image":"","background-repeat":"repeat","background-position":"center center","background-size":"auto","background-attachment":"scroll","background-type":"","background-media":"","overlay-type":"","overlay-color":"","overlay-opacity":"","overlay-gradient":""},"mobile":{"background-color":"var(--ast-global-color-5)","background-image":"","background-repeat":"repeat","background-position":"center center","background-size":"auto","background-attachment":"scroll","background-type":"","background-media":"","overlay-type":"","overlay-color":"","overlay-opacity":"","overlay-gradient":""}},"footnotes":""},"categories":[8],"tags":[48671,48668,48669,48670],"class_list":["post-121334","post","type-post","status-publish","format-standard","has-post-thumbnail","hentry","category-noticias","tag-dia-internacional-de-recordacion-del-desastre-de-chernobil","tag-docuserie-chernobil","tag-series-national-geographic","tag-tecnbologia-humana"],"_links":{"self":[{"href":"https:\/\/losperiodistas.com.mx\/portal\/wp-json\/wp\/v2\/posts\/121334","targetHints":{"allow":["GET"]}}],"collection":[{"href":"https:\/\/losperiodistas.com.mx\/portal\/wp-json\/wp\/v2\/posts"}],"about":[{"href":"https:\/\/losperiodistas.com.mx\/portal\/wp-json\/wp\/v2\/types\/post"}],"author":[{"embeddable":true,"href":"https:\/\/losperiodistas.com.mx\/portal\/wp-json\/wp\/v2\/users\/1"}],"replies":[{"embeddable":true,"href":"https:\/\/losperiodistas.com.mx\/portal\/wp-json\/wp\/v2\/comments?post=121334"}],"version-history":[{"count":1,"href":"https:\/\/losperiodistas.com.mx\/portal\/wp-json\/wp\/v2\/posts\/121334\/revisions"}],"predecessor-version":[{"id":121336,"href":"https:\/\/losperiodistas.com.mx\/portal\/wp-json\/wp\/v2\/posts\/121334\/revisions\/121336"}],"wp:featuredmedia":[{"embeddable":true,"href":"https:\/\/losperiodistas.com.mx\/portal\/wp-json\/wp\/v2\/media\/121335"}],"wp:attachment":[{"href":"https:\/\/losperiodistas.com.mx\/portal\/wp-json\/wp\/v2\/media?parent=121334"}],"wp:term":[{"taxonomy":"category","embeddable":true,"href":"https:\/\/losperiodistas.com.mx\/portal\/wp-json\/wp\/v2\/categories?post=121334"},{"taxonomy":"post_tag","embeddable":true,"href":"https:\/\/losperiodistas.com.mx\/portal\/wp-json\/wp\/v2\/tags?post=121334"}],"curies":[{"name":"wp","href":"https:\/\/api.w.org\/{rel}","templated":true}]}}