{"id":121332,"date":"2026-04-29T09:46:43","date_gmt":"2026-04-29T15:46:43","guid":{"rendered":"https:\/\/losperiodistas.com.mx\/portal\/?p=121332"},"modified":"2026-04-29T09:47:11","modified_gmt":"2026-04-29T15:47:11","slug":"opinion-la-derecha-es-el-odio","status":"publish","type":"post","link":"https:\/\/losperiodistas.com.mx\/portal\/opinion-la-derecha-es-el-odio\/","title":{"rendered":"Opini\u00f3n | \u00bfLa derecha es el odio?"},"content":{"rendered":"\n<figure class=\"wp-block-image size-full\"><img fetchpriority=\"high\" decoding=\"async\" width=\"750\" height=\"292\" src=\"https:\/\/losperiodistas.com.mx\/portal\/wp-content\/uploads\/2026\/04\/Captura-de-Pantalla-2021-07-20-a-las-18.51.06.jpg\" alt=\"\" class=\"wp-image-119918\" srcset=\"https:\/\/losperiodistas.com.mx\/portal\/wp-content\/uploads\/2026\/04\/Captura-de-Pantalla-2021-07-20-a-las-18.51.06.jpg 750w, https:\/\/losperiodistas.com.mx\/portal\/wp-content\/uploads\/2026\/04\/Captura-de-Pantalla-2021-07-20-a-las-18.51.06-300x117.jpg 300w\" sizes=\"(max-width: 750px) 100vw, 750px\" \/><\/figure>\n\n\n\n<p class=\"has-vivid-red-color has-text-color has-link-color has-medium-font-size wp-elements-94814ee3825bcb8ea6c19b42b3bfe90a\"><strong><em>Por Humberto Aguilar Coronado<\/em><\/strong><\/p>\n\n\n\n<p>Dice la presidenta Claudia Sheinbaum que la derecha es el odio, el clasismo, el racismo y la represi\u00f3n, que supuestamente hablan de libertad, pero solo de unos cuantos.<\/p>\n\n\n\n<p>Afirm\u00f3 que del otro lado (supongo que se refiere al espectro ideol\u00f3gico en el que ella milita y promueve) est\u00e1 el amor, la solidaridad, la fraternidad, la inclusi\u00f3n, la prosperidad compartida y la libertad con bienestar.<\/p>\n\n\n\n<p>Si alguna persona que no conozca la situaci\u00f3n que atraviesa nuestro pa\u00eds la escucha, seguramente satanizar\u00eda a la derecha y amar\u00eda a qui\u00e9n est\u00e1 gobernando.<\/p>\n\n\n\n<p>Pero en nuestro pa\u00eds, las cosas no son as\u00ed y la presidente deber\u00eda preocuparse porque nadie, desde el gobierno, promueva el odio, el clasismo, el racismo y la represi\u00f3n.<\/p>\n\n\n\n<p>Desafortunadamente es ella misma la que lanza esas expresiones, que vienen a dar seguimiento, al discurso del pasado reciente.<\/p>\n\n\n\n<p>Porque hay que recordar que, durante todo el sexenio anterior, desde la palestra presidencial, todos los d\u00edas el presidente promovi\u00f3 eso que se\u00f1al\u00f3 la presidenta y que se lo adjudic\u00f3 a la derecha.<\/p>\n\n\n\n<p>La promoci\u00f3n del odio y culpa al pasado pol\u00edtico, fueron la constante cuando se abordaba cualquier tema social o de gobierno durante las diarias ma\u00f1aneras.<\/p>\n\n\n\n<p>El clasismo fue instaurado desde el momento mismo que el presidente, siendo candidato, encajon\u00f3 a los que no pensaban de la misma manera que \u00e9l, de \u201cfif\u00eds\u201d, a lo que la sociedad reaccion\u00f3 calificando a sus seguidores de \u201cchairos\u201d, instaur\u00e1ndose una polarizaci\u00f3n que en nada ha ayudado a la unidad de los mexicanos.<\/p>\n\n\n\n<p>Si hablamos de racismo, basta mencionar la terca exigencia del presidente L\u00f3pez Obrador de la disculpa p\u00fablica, a la corona espa\u00f1ola y al papa, por los supuestos excesos cometidos durante la conquista, contra los pueblos originarios, fomentando una innecesaria polarizaci\u00f3n entre los mexicanos.<\/p>\n\n\n\n<p>En cuanto a la represi\u00f3n, solo basta ver las im\u00e1genes de las \u00faltimas marchas para conmemorar el d\u00eda internacional de la mujer o la manifestaci\u00f3n pac\u00edfica de hace unos meses, cuando la sociedad exigi\u00f3 justicia por el asesinato del alcalde Carlos Manzo.<\/p>\n\n\n\n<p>Por otra parte, desde el gobierno y la posici\u00f3n que representa la presidente, ciertamente no se ve la proyecci\u00f3n de amor que se se\u00f1ala; no se ve la solidaridad, por ejemplo, con las organizaciones de la sociedad civil o con las madres buscadoras; no se ve esa fraternidad e inclusi\u00f3n con periodistas, influencers y miembros de partidos pol\u00edticos o ciudadanos en general, que no piensan como ella.<\/p>\n\n\n\n<p>No se entiende bien que quiso decir al se\u00f1alar lo que ella entiende por libertad con bienestar.<\/p>\n\n\n\n<p>En una cosa coincido con ella, cuando afirma que, si no hay libertad de expresi\u00f3n o de reuni\u00f3n, no se puede hablar de libertad.<\/p>\n\n\n\n<p>Esperemos que no solo se respete, sino que se promueva desde el gobierno, la libertad de expresi\u00f3n y de reuni\u00f3n, porque es un hecho que en M\u00e9xico se ha pasado de la confrontaci\u00f3n tem\u00e1tica a la confrontaci\u00f3n ideol\u00f3gica, etiquet\u00e1ndose las posiciones en derecha y populismo.<\/p>\n\n\n\n<p>*Es polit\u00f3logo<\/p>\n\n\n\n<hr class=\"wp-block-separator has-alpha-channel-opacity\"\/>\n\n\n\n<p><strong>+ OPINI\u00d3N : Las opiniones expresadas son responsabilidad del autor<\/strong><\/p>\n","protected":false},"excerpt":{"rendered":"<p>Por Humberto Aguilar Coronado Dice la presidenta Claudia Sheinbaum que la derecha es el odio, el clasismo, el racismo y [&hellip;]<\/p>\n","protected":false},"author":1,"featured_media":119918,"comment_status":"open","ping_status":"open","sticky":false,"template":"","format":"standard","meta":{"site-sidebar-layout":"default","site-content-layout":"","ast-site-content-layout":"default","site-content-style":"default","site-sidebar-style":"default","ast-global-header-display":"","ast-banner-title-visibility":"","ast-main-header-display":"","ast-hfb-above-header-display":"","ast-hfb-below-header-display":"","ast-hfb-mobile-header-display":"","site-post-title":"","ast-breadcrumbs-content":"","ast-featured-img":"","footer-sml-layout":"","theme-transparent-header-meta":"","adv-header-id-meta":"","stick-header-meta":"","header-above-stick-meta":"","header-main-stick-meta":"","header-below-stick-meta":"","astra-migrate-meta-layouts":"default","ast-page-background-enabled":"default","ast-page-background-meta":{"desktop":{"background-color":"var(--ast-global-color-4)","background-image":"","background-repeat":"repeat","background-position":"center center","background-size":"auto","background-attachment":"scroll","background-type":"","background-media":"","overlay-type":"","overlay-color":"","overlay-opacity":"","overlay-gradient":""},"tablet":{"background-color":"","background-image":"","background-repeat":"repeat","background-position":"center center","background-size":"auto","background-attachment":"scroll","background-type":"","background-media":"","overlay-type":"","overlay-color":"","overlay-opacity":"","overlay-gradient":""},"mobile":{"background-color":"","background-image":"","background-repeat":"repeat","background-position":"center center","background-size":"auto","background-attachment":"scroll","background-type":"","background-media":"","overlay-type":"","overlay-color":"","overlay-opacity":"","overlay-gradient":""}},"ast-content-background-meta":{"desktop":{"background-color":"var(--ast-global-color-5)","background-image":"","background-repeat":"repeat","background-position":"center center","background-size":"auto","background-attachment":"scroll","background-type":"","background-media":"","overlay-type":"","overlay-color":"","overlay-opacity":"","overlay-gradient":""},"tablet":{"background-color":"var(--ast-global-color-5)","background-image":"","background-repeat":"repeat","background-position":"center center","background-size":"auto","background-attachment":"scroll","background-type":"","background-media":"","overlay-type":"","overlay-color":"","overlay-opacity":"","overlay-gradient":""},"mobile":{"background-color":"var(--ast-global-color-5)","background-image":"","background-repeat":"repeat","background-position":"center center","background-size":"auto","background-attachment":"scroll","background-type":"","background-media":"","overlay-type":"","overlay-color":"","overlay-opacity":"","overlay-gradient":""}},"footnotes":""},"categories":[8,18],"tags":[20408,4200],"class_list":["post-121332","post","type-post","status-publish","format-standard","has-post-thumbnail","hentry","category-noticias","category-palabra-de-tigre","tag-la-derecha-en-mexico","tag-racismo"],"_links":{"self":[{"href":"https:\/\/losperiodistas.com.mx\/portal\/wp-json\/wp\/v2\/posts\/121332","targetHints":{"allow":["GET"]}}],"collection":[{"href":"https:\/\/losperiodistas.com.mx\/portal\/wp-json\/wp\/v2\/posts"}],"about":[{"href":"https:\/\/losperiodistas.com.mx\/portal\/wp-json\/wp\/v2\/types\/post"}],"author":[{"embeddable":true,"href":"https:\/\/losperiodistas.com.mx\/portal\/wp-json\/wp\/v2\/users\/1"}],"replies":[{"embeddable":true,"href":"https:\/\/losperiodistas.com.mx\/portal\/wp-json\/wp\/v2\/comments?post=121332"}],"version-history":[{"count":1,"href":"https:\/\/losperiodistas.com.mx\/portal\/wp-json\/wp\/v2\/posts\/121332\/revisions"}],"predecessor-version":[{"id":121333,"href":"https:\/\/losperiodistas.com.mx\/portal\/wp-json\/wp\/v2\/posts\/121332\/revisions\/121333"}],"wp:featuredmedia":[{"embeddable":true,"href":"https:\/\/losperiodistas.com.mx\/portal\/wp-json\/wp\/v2\/media\/119918"}],"wp:attachment":[{"href":"https:\/\/losperiodistas.com.mx\/portal\/wp-json\/wp\/v2\/media?parent=121332"}],"wp:term":[{"taxonomy":"category","embeddable":true,"href":"https:\/\/losperiodistas.com.mx\/portal\/wp-json\/wp\/v2\/categories?post=121332"},{"taxonomy":"post_tag","embeddable":true,"href":"https:\/\/losperiodistas.com.mx\/portal\/wp-json\/wp\/v2\/tags?post=121332"}],"curies":[{"name":"wp","href":"https:\/\/api.w.org\/{rel}","templated":true}]}}