{"id":121329,"date":"2026-04-29T09:43:06","date_gmt":"2026-04-29T15:43:06","guid":{"rendered":"https:\/\/losperiodistas.com.mx\/portal\/?p=121329"},"modified":"2026-04-29T09:43:07","modified_gmt":"2026-04-29T15:43:07","slug":"patti-smith-premio-princesa-de-asturias-de-las-artes-2026-n3","status":"publish","type":"post","link":"https:\/\/losperiodistas.com.mx\/portal\/patti-smith-premio-princesa-de-asturias-de-las-artes-2026-n3\/","title":{"rendered":"Patti Smith, Premio Princesa de Asturias de las Artes 2026 | N3"},"content":{"rendered":"\n<p class=\"has-pale-cyan-blue-background-color has-background has-medium-font-size\">La cantante y escritora estadounidense Patti Smith ha sido galardonada con el Premio Princesa de Asturias de las Artes 2026<\/p>\n\n\n\n<figure class=\"wp-block-image size-large\"><img fetchpriority=\"high\" decoding=\"async\" width=\"1024\" height=\"576\" src=\"https:\/\/losperiodistas.com.mx\/portal\/wp-content\/uploads\/2026\/04\/cantante-patti-smith_96-1024x576.jpeg\" alt=\"\" class=\"wp-image-121330\" srcset=\"https:\/\/losperiodistas.com.mx\/portal\/wp-content\/uploads\/2026\/04\/cantante-patti-smith_96-1024x576.jpeg 1024w, https:\/\/losperiodistas.com.mx\/portal\/wp-content\/uploads\/2026\/04\/cantante-patti-smith_96-300x169.jpeg 300w, https:\/\/losperiodistas.com.mx\/portal\/wp-content\/uploads\/2026\/04\/cantante-patti-smith_96-768x432.jpeg 768w, https:\/\/losperiodistas.com.mx\/portal\/wp-content\/uploads\/2026\/04\/cantante-patti-smith_96.jpeg 1200w\" sizes=\"(max-width: 1024px) 100vw, 1024px\" \/><figcaption class=\"wp-element-caption\">Patti Smith, Premio Princesa de Asturias de las Artes 2026 |\u00a0Europa Press<\/figcaption><\/figure>\n\n\n\n<p class=\"has-vivid-red-color has-text-color has-link-color has-medium-font-size wp-elements-dbb2dd6bd77aa74794064dceb0e27669\"><strong>Anna Mart\u00edn \/ N3<\/strong><\/p>\n\n\n\n<p>La &#8216;<strong>madrina del punk<\/strong>&#8216; recibe otro importante<strong>&nbsp;reconocimiento a sus 79 a\u00f1os<\/strong>. La Fundaci\u00f3n Princesa de Asturias ha hecho p\u00fablico este mi\u00e9rcoles que su jurado ha concedido a&nbsp;<strong>Patti Smith<\/strong>, cantante, compositora y poeta estadounidense, el&nbsp;<strong>Premio Princesa de Asturias de las Artes 2026<\/strong>.<\/p>\n\n\n\n<p>La artista, calificada como \u00ab<strong>referente cultural<\/strong>\u00bb por la Fundaci\u00f3n, ha firmado a lo largo de sus m\u00e1s de cinco d\u00e9cadas de trayectoria profesional t\u00edtulos tan conocidos como &#8216;Because the night&#8217;, coescrito con Bruce Springsteen, o &#8216;People have the power&#8217;. Su trayectoria ha traspasado, seg\u00fan apunta el comunicado de la concesi\u00f3n, \u00ablos l\u00edmites de lo estrictamente musical para convertirse en una<strong>&nbsp;comunicadora multidisciplinar e iconoclasta<\/strong>&nbsp;a trav\u00e9s de distintas manifestaciones art\u00edsticas\u00bb.<\/p>\n\n\n\n<h2 class=\"wp-block-heading\">\u00abIcono de la m\u00fasica popular\u00bb<\/h2>\n\n\n\n<p>El jurado, presidido por la core\u00f3grafa Mar\u00eda Pag\u00e9s y la ensayista Estrella de Diego como secretaria, ha decidido que merece este reconocimiento por \u00absu impetuosa&nbsp;<strong>creatividad que conecta el rock, la poes\u00eda simbolista y el esp\u00edritu de la cultura<\/strong>&nbsp;con una gran potencia expresiva\u00bb.<\/p>\n\n\n\n<p>&#8216;Patty&#8217;, admiradora del simbolismo po\u00e9tico de Rimbaud y Bob Dylan y apasionada de Lorca, ha triunfado a lo largo de su laureada carrera con&nbsp;<strong>numerosos \u00e9xitos<\/strong>&nbsp;interpretados con una voz rota y una m\u00fasica con la&nbsp;<strong>energ\u00eda de las bandas&nbsp;<em>garage<\/em>&nbsp;de rock&nbsp;<\/strong>de finales de los 70.<\/p>\n\n\n\n<figure class=\"wp-block-embed is-type-rich is-provider-twitter wp-block-embed-twitter\"><div class=\"wp-block-embed__wrapper\">\n<blockquote class=\"twitter-tweet\" data-width=\"500\" data-dnt=\"true\"><p lang=\"es\" dir=\"ltr\"><a href=\"https:\/\/twitter.com\/hashtag\/%C3%9ALTIMAHORA?src=hash&amp;ref_src=twsrc%5Etfw\">#\u00daLTIMAHORA<\/a>: Patti Smith ha sido galardonada con el Premio Princesa de Asturias de las Artes 2026. <a href=\"https:\/\/t.co\/rsSt44nmUf\">pic.twitter.com\/rsSt44nmUf<\/a><\/p>&mdash; Fundaci\u00f3n Princesa de Asturias (@fpa) <a href=\"https:\/\/twitter.com\/fpa\/status\/2049429797776859408?ref_src=twsrc%5Etfw\">April 29, 2026<\/a><\/blockquote><script async src=\"https:\/\/platform.twitter.com\/widgets.js\" charset=\"utf-8\"><\/script>\n<\/div><\/figure>\n\n\n\n<p>Hoy, 50 a\u00f1os despu\u00e9s de la aparici\u00f3n de su disco &#8216;Horses&#8217;, que es uno de los que&nbsp;<strong>ha marcado la historia de la m\u00fasica&nbsp;<\/strong>y con el que salt\u00f3 a la fama, ha sido reconocida como una \u00abint\u00e9rprete de estilo vigoroso, que ha plasmado la&nbsp;<strong>rebeld\u00eda del individuo<\/strong>&nbsp;en la sociedad en canciones palpitantes, alguna de las cuales ya son&nbsp;<strong>iconos de la m\u00fasica popular<\/strong>&nbsp;de nuestro tiempo\u00bb.<\/p>\n\n\n\n<h2 class=\"wp-block-heading\">Primer premio de la edici\u00f3n de 2026<\/h2>\n\n\n\n<p><strong>Patti Smith&nbsp;<\/strong>cuenta ya, entre otros galardones internacionales, con otro concedido en nuestro pa\u00eds: la&nbsp;<strong>Medalla de Oro al M\u00e9rito en las Bellas Artes de Espa\u00f1a<\/strong>&nbsp;en 2019. Ahora es el turno de los Premios Princesa de Asturias de las Artes que, seg\u00fan su reglamento, premian \u00abla labor de&nbsp;<strong>creaci\u00f3n, cultivo y perfeccionamiento<\/strong>&nbsp;de la arquitectura, la cinematograf\u00eda, la danza, la escultura, la fotograf\u00eda, la m\u00fasica, la pintura, el teatro y otras manifestaciones art\u00edsticas\u00bb.<\/p>\n\n\n\n<p>A este galard\u00f3n, el primero anunciado de la edici\u00f3n,&nbsp;<strong>optaban 55 candidaturas de 30 nacionalidades<\/strong>, finalmente ser\u00e1 Patty Smith quien<strong>&nbsp;se har\u00e1 con \u00e9l en el acto de entrega<\/strong>&nbsp;de los Premios Princesa de Asturias que se celebra&nbsp;<strong>tradicionalmente en el mes de octubre<\/strong>&nbsp;en una solemne ceremonia presidida por Sus Majestades los&nbsp;<strong>Reyes de Espa\u00f1a<\/strong>, acompa\u00f1ados por Sus Altezas Reales la&nbsp;<strong>Princesa de Asturias<\/strong>&nbsp;y la&nbsp;<strong>Infanta do\u00f1a Sof\u00eda<\/strong>.<\/p>\n\n\n\n<p>Fuente: <a href=\"https:\/\/www.antena3.com\/noticias\/cultura\/patti-smith-premio-princesa-asturias-artes-2026_2026042969f1e79e1ba3656059a26645.html\">https:\/\/www.antena3.com\/noticias\/cultura\/patti-smith-premio-princesa-asturias-artes-2026_2026042969f1e79e1ba3656059a26645.html<\/a><\/p>\n","protected":false},"excerpt":{"rendered":"<p>La cantante y escritora estadounidense Patti Smith ha sido galardonada con el Premio Princesa de Asturias de las Artes 2026 [&hellip;]<\/p>\n","protected":false},"author":1,"featured_media":121330,"comment_status":"open","ping_status":"open","sticky":false,"template":"","format":"standard","meta":{"site-sidebar-layout":"default","site-content-layout":"","ast-site-content-layout":"default","site-content-style":"default","site-sidebar-style":"default","ast-global-header-display":"","ast-banner-title-visibility":"","ast-main-header-display":"","ast-hfb-above-header-display":"","ast-hfb-below-header-display":"","ast-hfb-mobile-header-display":"","site-post-title":"","ast-breadcrumbs-content":"","ast-featured-img":"","footer-sml-layout":"","theme-transparent-header-meta":"","adv-header-id-meta":"","stick-header-meta":"","header-above-stick-meta":"","header-main-stick-meta":"","header-below-stick-meta":"","astra-migrate-meta-layouts":"default","ast-page-background-enabled":"default","ast-page-background-meta":{"desktop":{"background-color":"var(--ast-global-color-4)","background-image":"","background-repeat":"repeat","background-position":"center center","background-size":"auto","background-attachment":"scroll","background-type":"","background-media":"","overlay-type":"","overlay-color":"","overlay-opacity":"","overlay-gradient":""},"tablet":{"background-color":"","background-image":"","background-repeat":"repeat","background-position":"center center","background-size":"auto","background-attachment":"scroll","background-type":"","background-media":"","overlay-type":"","overlay-color":"","overlay-opacity":"","overlay-gradient":""},"mobile":{"background-color":"","background-image":"","background-repeat":"repeat","background-position":"center center","background-size":"auto","background-attachment":"scroll","background-type":"","background-media":"","overlay-type":"","overlay-color":"","overlay-opacity":"","overlay-gradient":""}},"ast-content-background-meta":{"desktop":{"background-color":"var(--ast-global-color-5)","background-image":"","background-repeat":"repeat","background-position":"center center","background-size":"auto","background-attachment":"scroll","background-type":"","background-media":"","overlay-type":"","overlay-color":"","overlay-opacity":"","overlay-gradient":""},"tablet":{"background-color":"var(--ast-global-color-5)","background-image":"","background-repeat":"repeat","background-position":"center center","background-size":"auto","background-attachment":"scroll","background-type":"","background-media":"","overlay-type":"","overlay-color":"","overlay-opacity":"","overlay-gradient":""},"mobile":{"background-color":"var(--ast-global-color-5)","background-image":"","background-repeat":"repeat","background-position":"center center","background-size":"auto","background-attachment":"scroll","background-type":"","background-media":"","overlay-type":"","overlay-color":"","overlay-opacity":"","overlay-gradient":""}},"footnotes":""},"categories":[8],"tags":[48665,48666,48667],"class_list":["post-121329","post","type-post","status-publish","format-standard","has-post-thumbnail","hentry","category-noticias","tag-la-madrina-del-punk","tag-patti-smith","tag-premio-princesa-de-asturias-de-las-artes-2026"],"_links":{"self":[{"href":"https:\/\/losperiodistas.com.mx\/portal\/wp-json\/wp\/v2\/posts\/121329","targetHints":{"allow":["GET"]}}],"collection":[{"href":"https:\/\/losperiodistas.com.mx\/portal\/wp-json\/wp\/v2\/posts"}],"about":[{"href":"https:\/\/losperiodistas.com.mx\/portal\/wp-json\/wp\/v2\/types\/post"}],"author":[{"embeddable":true,"href":"https:\/\/losperiodistas.com.mx\/portal\/wp-json\/wp\/v2\/users\/1"}],"replies":[{"embeddable":true,"href":"https:\/\/losperiodistas.com.mx\/portal\/wp-json\/wp\/v2\/comments?post=121329"}],"version-history":[{"count":1,"href":"https:\/\/losperiodistas.com.mx\/portal\/wp-json\/wp\/v2\/posts\/121329\/revisions"}],"predecessor-version":[{"id":121331,"href":"https:\/\/losperiodistas.com.mx\/portal\/wp-json\/wp\/v2\/posts\/121329\/revisions\/121331"}],"wp:featuredmedia":[{"embeddable":true,"href":"https:\/\/losperiodistas.com.mx\/portal\/wp-json\/wp\/v2\/media\/121330"}],"wp:attachment":[{"href":"https:\/\/losperiodistas.com.mx\/portal\/wp-json\/wp\/v2\/media?parent=121329"}],"wp:term":[{"taxonomy":"category","embeddable":true,"href":"https:\/\/losperiodistas.com.mx\/portal\/wp-json\/wp\/v2\/categories?post=121329"},{"taxonomy":"post_tag","embeddable":true,"href":"https:\/\/losperiodistas.com.mx\/portal\/wp-json\/wp\/v2\/tags?post=121329"}],"curies":[{"name":"wp","href":"https:\/\/api.w.org\/{rel}","templated":true}]}}