{"id":121323,"date":"2026-04-29T09:10:04","date_gmt":"2026-04-29T15:10:04","guid":{"rendered":"https:\/\/losperiodistas.com.mx\/portal\/?p=121323"},"modified":"2026-04-29T09:10:05","modified_gmt":"2026-04-29T15:10:05","slug":"mexico-reconoce-ayuda-de-inteligencia-de-eeuu-en-la-captura-de-el-jardinero-presunto-jefe-del-cjng-infobae","status":"publish","type":"post","link":"https:\/\/losperiodistas.com.mx\/portal\/mexico-reconoce-ayuda-de-inteligencia-de-eeuu-en-la-captura-de-el-jardinero-presunto-jefe-del-cjng-infobae\/","title":{"rendered":"M\u00e9xico reconoce ayuda de inteligencia de EEUU en la captura de \u201cEl Jardinero\u201d, presunto jefe del CJNG | Infobae"},"content":{"rendered":"\n<h2 class=\"wp-block-heading\">Paralelamente al operativo contra Audias Flores Silva, se llev\u00f3 a cabo la detenci\u00f3n de El G\u00fcero Conta, operador financiero<\/h2>\n\n\n\n<figure class=\"wp-block-image size-full\"><img fetchpriority=\"high\" decoding=\"async\" width=\"992\" height=\"558\" src=\"https:\/\/losperiodistas.com.mx\/portal\/wp-content\/uploads\/2026\/04\/SD4FDYXRNZDPLDZNJJKP4WUW7Q.jpg\" alt=\"\" class=\"wp-image-121324\" srcset=\"https:\/\/losperiodistas.com.mx\/portal\/wp-content\/uploads\/2026\/04\/SD4FDYXRNZDPLDZNJJKP4WUW7Q.jpg 992w, https:\/\/losperiodistas.com.mx\/portal\/wp-content\/uploads\/2026\/04\/SD4FDYXRNZDPLDZNJJKP4WUW7Q-300x169.jpg 300w, https:\/\/losperiodistas.com.mx\/portal\/wp-content\/uploads\/2026\/04\/SD4FDYXRNZDPLDZNJJKP4WUW7Q-768x432.jpg 768w\" sizes=\"(max-width: 992px) 100vw, 992px\" \/><figcaption class=\"wp-element-caption\">Audias Flores siendo trasladado por elementos de la Secretar\u00eda de Marina. Cr\u00e9dito: FGR<\/figcaption><\/figure>\n\n\n\n<p class=\"has-medium-font-size\"><strong>Por <a href=\"https:\/\/www.infobae.com\/autor\/anayeli-tapia-sandoval\/\">Anayeli Tapia Sandoval<\/a> \/ infobae<\/strong><\/p>\n\n\n\n<p>La captura de&nbsp;<strong>Audias Flores Silva<\/strong>, alias El Jardinero, presunto alto mando del C\u00e1rtel Jalisco Nueva Generaci\u00f3n (CJNG), fue posible gracias a un intercambio de informaci\u00f3n con agencias estadounidenses, seg\u00fan confirmaron este martes autoridades mexicanas.<\/p>\n\n\n\n<p><a href=\"https:\/\/www.infobae.com\/mexico\/2026\/04\/27\/operativo-en-durango-era-para-detener-a-ivan-archivaldo-y-no-contra-el-guano-afirma-jesus-lemus\/\" target=\"_blank\" rel=\"noreferrer noopener\"><\/a><\/p>\n\n\n\n<figure class=\"wp-block-image\"><a class=\"recommended-card recommended-card--infobae recommended-card--first\" href=\"https:\/\/www.infobae.com\/mexico\/2026\/04\/27\/operativo-en-durango-era-para-detener-a-ivan-archivaldo-y-no-contra-el-guano-afirma-jesus-lemus\/\" target=\"_blank\" rel=\"noreferrer noopener\"><img decoding=\"async\" src=\"https:\/\/www.infobae.com\/resizer\/v2\/DWTLHGG7R5AVHOCKK3EW4NQW34.png?auth=1bbd18c84d1d45ddb705f13a496ccbe8b4aa5c64fe625ff890975218f584e1f2&amp;smart=true&amp;width=256&amp;height=140&amp;quality=85\" alt=\"Operativo en Durango era para detener a Iv\u00e1n Archivaldo y no contra \u201cEl Guano\u201d, afirma Jes\u00fas Lemus\"\/><\/a><\/figure>\n\n\n\n<p><a href=\"https:\/\/www.infobae.com\/mexico\/2026\/04\/27\/operativo-en-durango-era-para-detener-a-ivan-archivaldo-y-no-contra-el-guano-afirma-jesus-lemus\/\" target=\"_blank\" rel=\"noreferrer noopener\">Te puede interesar:<strong>Operativo en Durango era para detener a Iv\u00e1n Archivaldo y no contra \u201cEl Guano\u201d, afirma Jes\u00fas Lemus<\/strong><\/a><a href=\"https:\/\/www.infobae.com\/mexico\/2026\/04\/27\/operativo-en-durango-era-para-detener-a-ivan-archivaldo-y-no-contra-el-guano-afirma-jesus-lemus\/\" target=\"_blank\" rel=\"noreferrer noopener\"><\/a><\/p>\n\n\n\n<p>El caso, que ha puesto en primer plano la cooperaci\u00f3n bilateral en seguridad, ocurre mientras la administraci\u00f3n de Donald Trump mantiene la presi\u00f3n sobre M\u00e9xico para intensificar la lucha contra el narcotr\u00e1fico.<\/p>\n\n\n\n<h2 class=\"wp-block-heading\" id=\"intercambio-de-informacion-no-agentes-en-el-terreno\">Intercambio de informaci\u00f3n, no agentes en el terreno<\/h2>\n\n\n\n<p>El secretario de Defensa,&nbsp;<strong>Ricardo Trevilla Trejo<\/strong>, dej\u00f3 claro en conferencia de prensa que la participaci\u00f3n de Estados Unidos se limit\u00f3 al suministro de datos y an\u00e1lisis de inteligencia, sin presencia de personal extranjero durante la operaci\u00f3n en territorio mexicano.<\/p>\n\n\n\n<p><a href=\"https:\/\/www.infobae.com\/mexico\/2026\/04\/28\/quien-entrego-a-el-jardinero-la-pista-que-refuerza-la-hipotesis-de-traicion-del-cjng-segun-especialista\/\" target=\"_blank\" rel=\"noreferrer noopener\"><\/a><\/p>\n\n\n\n<figure class=\"wp-block-image\"><a class=\"recommended-card recommended-card--infobae recommended-card--first\" href=\"https:\/\/www.infobae.com\/mexico\/2026\/04\/28\/quien-entrego-a-el-jardinero-la-pista-que-refuerza-la-hipotesis-de-traicion-del-cjng-segun-especialista\/\" target=\"_blank\" rel=\"noreferrer noopener\"><img decoding=\"async\" src=\"https:\/\/www.infobae.com\/resizer\/v2\/36W6TMYMGVD7LCY7VFBFQMD2RY.jpg?auth=42b3be952d3e2774eb3ac86979b105f7d892e2b0e90d5a14c0f7b747913775e6&amp;smart=true&amp;width=256&amp;height=140&amp;quality=85\" alt=\"\u00bfQui\u00e9n entreg\u00f3 a El Jardinero? La pista que refuerza la hip\u00f3tesis de traici\u00f3n del CJNG, seg\u00fan especialista\"\/><\/a><\/figure>\n\n\n\n<p><a href=\"https:\/\/www.infobae.com\/mexico\/2026\/04\/28\/quien-entrego-a-el-jardinero-la-pista-que-refuerza-la-hipotesis-de-traicion-del-cjng-segun-especialista\/\" target=\"_blank\" rel=\"noreferrer noopener\">Te puede interesar:<strong>\u00bfQui\u00e9n entreg\u00f3 a El Jardinero? La pista que refuerza la hip\u00f3tesis de traici\u00f3n del CJNG, seg\u00fan especialista<\/strong><\/a><a href=\"https:\/\/www.infobae.com\/mexico\/2026\/04\/28\/quien-entrego-a-el-jardinero-la-pista-que-refuerza-la-hipotesis-de-traicion-del-cjng-segun-especialista\/\" target=\"_blank\" rel=\"noreferrer noopener\"><\/a><img decoding=\"async\" alt=\"El Jardinero siendo trasladado por elementos federales. Cr\u00e9dito: FGR\" height=\"1080\" width=\"1920\" src=\"https:\/\/www.infobae.com\/resizer\/v2\/F3KGN5O2ZVB2HL7JD7D7HZEOIU.jpg?auth=2c490bed3ed0b120854e068ef39c10b56ccdbf7e19056496d3f99957a412ca7b&amp;smart=true&amp;width=350&amp;height=197&amp;quality=85\">El Jardinero siendo trasladado por elementos federales. Cr\u00e9dito: FGR<\/p>\n\n\n\n<p>\u201cM\u00e1s que una participaci\u00f3n de Estados Unidos, se trat\u00f3 de un intercambio de informaci\u00f3n\u201d, puntualiz\u00f3 Trevilla. \u201cEs muy diferente tener un intercambio de informaci\u00f3n, como lo permite la ley, que tener agentes en el terreno\u201d.<\/p>\n\n\n\n<p>La distinci\u00f3n fue subrayada tras una reciente redada antidroga en&nbsp;<strong>Chihuahua&nbsp;<\/strong>que deriv\u00f3 en un accidente automovil\u00edstico con saldo de dos agentes de la CIA fallecidos, lo que desat\u00f3 tensiones diplom\u00e1ticas y reclamos de la presidenta&nbsp;<strong>Claudia Sheinbaum<\/strong>&nbsp;por la falta de notificaci\u00f3n a las autoridades locales sobre la presencia de funcionarios estadounidenses en M\u00e9xico.<\/p>\n\n\n\n<p><a href=\"https:\/\/www.infobae.com\/mexico\/2026\/04\/28\/de-ser-considerado-sucesor-de-el-mencho-a-ser-capturado-en-un-drenaje-la-caida-de-el-jardinero\/\" target=\"_blank\" rel=\"noreferrer noopener\"><\/a><\/p>\n\n\n\n<figure class=\"wp-block-image\"><a class=\"recommended-card recommended-card--infobae recommended-card--first\" href=\"https:\/\/www.infobae.com\/mexico\/2026\/04\/28\/de-ser-considerado-sucesor-de-el-mencho-a-ser-capturado-en-un-drenaje-la-caida-de-el-jardinero\/\" target=\"_blank\" rel=\"noreferrer noopener\"><img decoding=\"async\" src=\"https:\/\/www.infobae.com\/resizer\/v2\/HDJKGBSOYFHIRL5WJWW25D5ZNQ.jpg?auth=67e95d9bc2dfb05a5eac300cbcdf7713d5e228e387b903aaef05534ba2967112&amp;smart=true&amp;width=258&amp;height=140&amp;quality=85\" alt=\"De ser considerado sucesor de El Mencho a ser capturado en un drenaje, la ca\u00edda de El Jardinero\"\/><\/a><\/figure>\n\n\n\n<p><a href=\"https:\/\/www.infobae.com\/mexico\/2026\/04\/28\/de-ser-considerado-sucesor-de-el-mencho-a-ser-capturado-en-un-drenaje-la-caida-de-el-jardinero\/\" target=\"_blank\" rel=\"noreferrer noopener\">Te puede interesar:<strong>De ser considerado sucesor de El Mencho a ser capturado en un drenaje, la ca\u00edda de El Jardinero<\/strong><\/a><a href=\"https:\/\/www.infobae.com\/mexico\/2026\/04\/28\/de-ser-considerado-sucesor-de-el-mencho-a-ser-capturado-en-un-drenaje-la-caida-de-el-jardinero\/\" target=\"_blank\" rel=\"noreferrer noopener\"><\/a><\/p>\n\n\n\n<h2 class=\"wp-block-heading\" id=\"un-caso-de-cooperacion-bajo-presion-internacional\">Un caso de cooperaci\u00f3n bajo presi\u00f3n internacional<\/h2>\n\n\n\n<p>La operaci\u00f3n contra Flores Silva pone de manifiesto los \u201ccontinuos esfuerzos\u201d de ambos gobiernos por mantener la colaboraci\u00f3n en materia de seguridad, con EEUUU ofreciendo una recompensa de<strong>&nbsp;cinco millones de d\u00f3lares&nbsp;<\/strong>por el capo mexicano. La presi\u00f3n de la administraci\u00f3n Trump, que ha exigido resultados concretos en el combate a los c\u00e1rteles, se mantiene como tel\u00f3n de fondo en la relaci\u00f3n bilateral.<\/p>\n\n\n\n<p>Flores Silva era buscado no solo por delitos de tr\u00e1fico de drogas, sino tambi\u00e9n por liderar, seg\u00fan autoridades estadounidenses, un esquema de&nbsp;<strong>fraude&nbsp;<\/strong>que afect\u00f3 a ciudadanos estadounidenses de edad avanzada, despoj\u00e1ndolos de sus ahorros.<\/p>\n\n\n\n<h2 class=\"wp-block-heading\" id=\"golpe-a-la-estructura-financiera-del-cjng\">Golpe a la estructura financiera del CJNG<\/h2>\n\n\n\n<p>Durante el operativo, tambi\u00e9n fue capturado&nbsp;<strong>C\u00e9sar \u201cN\u201d<\/strong>, conocido como El G\u00fcero Conta, considerado mano derecha de Flores Silva. El ministro de Seguridad,&nbsp;<strong>Omar Garc\u00eda Harfuch<\/strong>, se\u00f1al\u00f3 que El G\u00fcero Conta estaba a cargo de la compra de aeronaves, la operaci\u00f3n de una red de extorsi\u00f3n y la inversi\u00f3n en productoras de tequila para el c\u00e1rtel. La ca\u00edda de ambos jefes fue calificada como un duro golpe a la estructura financiera y log\u00edstica del CJNG.<\/p>\n\n\n\n<p>PUBLICIDAD<img decoding=\"async\" alt=\"Identificado como operador financiero clave, C\u00e9sar Alejandro \u201cN\u201d fue arrestado tras meses de vigilancia, en un operativo sin violencia que coincide con otros eventos recientes que han impactado al CJNG. (SSPC)\" height=\"1080\" width=\"1920\" src=\"https:\/\/www.infobae.com\/resizer\/v2\/C4SLXZ2UT5HBLHBQU7IZ4V5FBY.jpg?auth=90fbb62694b9a3611d0ee45487e3992d3508268c3535eff2217f4a7dfba91fa7&amp;smart=true&amp;width=350&amp;height=197&amp;quality=85\">Identificado como operador financiero clave, C\u00e9sar Alejandro \u201cN\u201d fue arrestado tras meses de vigilancia, en un operativo sin violencia que coincide con otros eventos recientes que han impactado al CJNG. (SSPC)<\/p>\n\n\n\n<p>En la misma regi\u00f3n donde operaba Flores Silva, autoridades detuvieron a principios de a\u00f1o al alcalde de Tequila, Jalisco, acusado de participar en una trama de extorsi\u00f3n y fraude contra&nbsp;<strong>Becle<\/strong>, el productor de tequila m\u00e1s antiguo del pa\u00eds, en colaboraci\u00f3n con el c\u00e1rtel.<\/p>\n\n\n\n<p>A diferencia de otras ocasiones, el secretario Trevilla destac\u00f3 que la detenci\u00f3n de Flores Silva y sus colaboradores&nbsp;<strong>no desencaden\u00f3 bloqueos carreteros ni actos violentos,<\/strong>&nbsp;una reacci\u00f3n com\u00fan de los grupos criminales en protesta por la ca\u00edda de sus l\u00edderes. Ning\u00fan agente result\u00f3 herido durante la operaci\u00f3n.<\/p>\n\n\n\n<p>PUBLICIDAD<\/p>\n\n\n\n<p>La captura de El Jardinero, producto de un trabajo conjunto de inteligencia, marca un hito en la cooperaci\u00f3n M\u00e9xico-Estados Unidos y en el combate a una de las organizaciones criminales m\u00e1s poderosas del continente.<\/p>\n\n\n\n<p>Fuente: <a href=\"https:\/\/www.infobae.com\/mexico\/2026\/04\/29\/mexico-reconoce-ayuda-de-inteligencia-de-eeuu-en-la-captura-de-el-jardinero-presunto-jefe-del-cjng\/\">https:\/\/www.infobae.com\/mexico\/2026\/04\/29\/mexico-reconoce-ayuda-de-inteligencia-de-eeuu-en-la-captura-de-el-jardinero-presunto-jefe-del-cjng\/<\/a><\/p>\n\n\n\n<p><\/p>\n","protected":false},"excerpt":{"rendered":"<p>Paralelamente al operativo contra Audias Flores Silva, se llev\u00f3 a cabo la detenci\u00f3n de El G\u00fcero Conta, operador financiero Por [&hellip;]<\/p>\n","protected":false},"author":1,"featured_media":121324,"comment_status":"open","ping_status":"open","sticky":false,"template":"","format":"standard","meta":{"site-sidebar-layout":"default","site-content-layout":"","ast-site-content-layout":"default","site-content-style":"default","site-sidebar-style":"default","ast-global-header-display":"","ast-banner-title-visibility":"","ast-main-header-display":"","ast-hfb-above-header-display":"","ast-hfb-below-header-display":"","ast-hfb-mobile-header-display":"","site-post-title":"","ast-breadcrumbs-content":"","ast-featured-img":"","footer-sml-layout":"","theme-transparent-header-meta":"","adv-header-id-meta":"","stick-header-meta":"","header-above-stick-meta":"","header-main-stick-meta":"","header-below-stick-meta":"","astra-migrate-meta-layouts":"default","ast-page-background-enabled":"default","ast-page-background-meta":{"desktop":{"background-color":"var(--ast-global-color-4)","background-image":"","background-repeat":"repeat","background-position":"center center","background-size":"auto","background-attachment":"scroll","background-type":"","background-media":"","overlay-type":"","overlay-color":"","overlay-opacity":"","overlay-gradient":""},"tablet":{"background-color":"","background-image":"","background-repeat":"repeat","background-position":"center center","background-size":"auto","background-attachment":"scroll","background-type":"","background-media":"","overlay-type":"","overlay-color":"","overlay-opacity":"","overlay-gradient":""},"mobile":{"background-color":"","background-image":"","background-repeat":"repeat","background-position":"center center","background-size":"auto","background-attachment":"scroll","background-type":"","background-media":"","overlay-type":"","overlay-color":"","overlay-opacity":"","overlay-gradient":""}},"ast-content-background-meta":{"desktop":{"background-color":"var(--ast-global-color-5)","background-image":"","background-repeat":"repeat","background-position":"center center","background-size":"auto","background-attachment":"scroll","background-type":"","background-media":"","overlay-type":"","overlay-color":"","overlay-opacity":"","overlay-gradient":""},"tablet":{"background-color":"var(--ast-global-color-5)","background-image":"","background-repeat":"repeat","background-position":"center center","background-size":"auto","background-attachment":"scroll","background-type":"","background-media":"","overlay-type":"","overlay-color":"","overlay-opacity":"","overlay-gradient":""},"mobile":{"background-color":"var(--ast-global-color-5)","background-image":"","background-repeat":"repeat","background-position":"center center","background-size":"auto","background-attachment":"scroll","background-type":"","background-media":"","overlay-type":"","overlay-color":"","overlay-opacity":"","overlay-gradient":""}},"footnotes":""},"categories":[8],"tags":[48659,48660,48662,48620],"class_list":["post-121323","post","type-post","status-publish","format-standard","has-post-thumbnail","hentry","category-noticias","tag-audias-flores-silva","tag-cartel-jalisco-nueva-generacion-cjng","tag-el-guero-conta","tag-el-jardinero"],"_links":{"self":[{"href":"https:\/\/losperiodistas.com.mx\/portal\/wp-json\/wp\/v2\/posts\/121323","targetHints":{"allow":["GET"]}}],"collection":[{"href":"https:\/\/losperiodistas.com.mx\/portal\/wp-json\/wp\/v2\/posts"}],"about":[{"href":"https:\/\/losperiodistas.com.mx\/portal\/wp-json\/wp\/v2\/types\/post"}],"author":[{"embeddable":true,"href":"https:\/\/losperiodistas.com.mx\/portal\/wp-json\/wp\/v2\/users\/1"}],"replies":[{"embeddable":true,"href":"https:\/\/losperiodistas.com.mx\/portal\/wp-json\/wp\/v2\/comments?post=121323"}],"version-history":[{"count":1,"href":"https:\/\/losperiodistas.com.mx\/portal\/wp-json\/wp\/v2\/posts\/121323\/revisions"}],"predecessor-version":[{"id":121325,"href":"https:\/\/losperiodistas.com.mx\/portal\/wp-json\/wp\/v2\/posts\/121323\/revisions\/121325"}],"wp:featuredmedia":[{"embeddable":true,"href":"https:\/\/losperiodistas.com.mx\/portal\/wp-json\/wp\/v2\/media\/121324"}],"wp:attachment":[{"href":"https:\/\/losperiodistas.com.mx\/portal\/wp-json\/wp\/v2\/media?parent=121323"}],"wp:term":[{"taxonomy":"category","embeddable":true,"href":"https:\/\/losperiodistas.com.mx\/portal\/wp-json\/wp\/v2\/categories?post=121323"},{"taxonomy":"post_tag","embeddable":true,"href":"https:\/\/losperiodistas.com.mx\/portal\/wp-json\/wp\/v2\/tags?post=121323"}],"curies":[{"name":"wp","href":"https:\/\/api.w.org\/{rel}","templated":true}]}}