{"id":121314,"date":"2026-04-28T23:36:02","date_gmt":"2026-04-29T05:36:02","guid":{"rendered":"https:\/\/losperiodistas.com.mx\/portal\/?p=121314"},"modified":"2026-04-28T23:36:03","modified_gmt":"2026-04-29T05:36:03","slug":"el-sedif-abre-stand-de-mascotas-para-adopcion-responsable-en-la-feria-de-puebla-telediario","status":"publish","type":"post","link":"https:\/\/losperiodistas.com.mx\/portal\/el-sedif-abre-stand-de-mascotas-para-adopcion-responsable-en-la-feria-de-puebla-telediario\/","title":{"rendered":"El SEDIF abre stand de mascotas para adopci\u00f3n responsable en la Feria de Puebla | Telediario"},"content":{"rendered":"\n<p>La Feria de Puebla abre un espacio de amor y responsabilidad. A trav\u00e9s del SEDIF, los visitantes pueden iniciar procesos de adopci\u00f3n, registrar a sus mascotas en el padr\u00f3n estatal y contribuir con donaciones.<\/p>\n\n\n\n<figure class=\"wp-block-image size-large\"><img fetchpriority=\"high\" decoding=\"async\" width=\"1024\" height=\"576\" src=\"https:\/\/losperiodistas.com.mx\/portal\/wp-content\/uploads\/2026\/04\/sedif-brinda-asesoria-completa-1024x576.png\" alt=\"\" class=\"wp-image-121315\" srcset=\"https:\/\/losperiodistas.com.mx\/portal\/wp-content\/uploads\/2026\/04\/sedif-brinda-asesoria-completa-1024x576.png 1024w, https:\/\/losperiodistas.com.mx\/portal\/wp-content\/uploads\/2026\/04\/sedif-brinda-asesoria-completa-300x169.png 300w, https:\/\/losperiodistas.com.mx\/portal\/wp-content\/uploads\/2026\/04\/sedif-brinda-asesoria-completa-768x432.png 768w, https:\/\/losperiodistas.com.mx\/portal\/wp-content\/uploads\/2026\/04\/sedif-brinda-asesoria-completa.png 1291w\" sizes=\"(max-width: 1024px) 100vw, 1024px\" \/><figcaption class=\"wp-element-caption\">Personal del SEDIF brinda asesor\u00eda completa sobre el proceso de adopci\u00f3n responsable como parte de la adopci\u00f3n | Gemini<\/figcaption><\/figure>\n\n\n\n<p class=\"has-vivid-red-color has-text-color has-link-color wp-elements-9563d51a1a85acc0ff2f9c6206418ed7\">Redacci\u00f3n \/ Telediario<\/p>\n\n\n\n<p><strong>\u00bfPlaneas adoptar una mascota?<\/strong> Ahora puedes hacerlo en la Feria de Puebla, el evento que ha reunido a miles de personas poblanas y turistas, para poder apreciar su <strong>oferta gastron\u00f3mica, su agenda musical y los distintos atractivos que ofrece<\/strong> al alcance de la comunidad.<\/p>\n\n\n\n<p>Esta iniciativa la promueve el <strong>Sistema para el Desarrollo Integral de la Familia del Estado de Puebla<\/strong>, a partir de la apertura de un stand de mascotas con perros y gatos donde puedan enamorarse de un lomito.<\/p>\n\n\n\n<p>Por medio del servicio que proporciona el <strong>SEDIF de Puebla en el local 106 del \u00c1rea de Gobierno<\/strong>, este organismo busca que las personas cobijen a un perro o gato dentro de una lista correspondiente, como parte de su familia, con responsabilidad para garantizar su bienestar.<\/p>\n\n\n\n<h3 class=\"wp-block-heading\">\u00bfC\u00f3mo puedes registrar a tu perro o gato en el Padr\u00f3n Estatal de la Feria de Puebla?<\/h3>\n\n\n\n<p>Adem\u00e1s, puedes aprovechar para registrar a tu mascota en el Padr\u00f3n Estatal de Perros y Gatos del Estado de Puebla, con una selfi de tu peque\u00f1o amigo peludo, ya que no se pueden ingresar mascotas por el momento a la Feria de Puebla.<\/p>\n\n\n\n<figure class=\"wp-block-embed is-type-rich is-provider-twitter wp-block-embed-twitter\"><div class=\"wp-block-embed__wrapper\">\n<blockquote class=\"twitter-tweet\" data-width=\"500\" data-dnt=\"true\"><p lang=\"es\" dir=\"ltr\">\ud83c\udfa1\u2728 \u00a1Vive una experiencia con causa en la Feria de Puebla 2026! Te esperamos en el Local 6 (\u00c1rea de Gobierno):<br><br>\ud83d\udc3eConoce seres en adopci\u00f3n \ud83e\udeaa Registra a tu mascota \ud83c\udf81Dona alimento y recibe un obsequio<br><br>\u00a1Tu visita deja huella!\u2764\ufe0f\ud83d\udc36\ud83d\udc31<a href=\"https:\/\/twitter.com\/hashtag\/PorAmorAPuebla?src=hash&amp;ref_src=twsrc%5Etfw\">#PorAmorAPuebla<\/a> <a href=\"https:\/\/twitter.com\/hashtag\/PensarEnGrande?src=hash&amp;ref_src=twsrc%5Etfw\">#PensarEnGrande<\/a> <a href=\"https:\/\/twitter.com\/hashtag\/FeriaDePuebla?src=hash&amp;ref_src=twsrc%5Etfw\">#FeriaDePuebla<\/a> <a href=\"https:\/\/t.co\/ITLuIHX2l1\">pic.twitter.com\/ITLuIHX2l1<\/a><\/p>&mdash; Sistema Estatal DIF (@DIFGobPue) <a href=\"https:\/\/twitter.com\/DIFGobPue\/status\/2047692123625951370?ref_src=twsrc%5Etfw\">April 24, 2026<\/a><\/blockquote><script async src=\"https:\/\/platform.twitter.com\/widgets.js\" charset=\"utf-8\"><\/script>\n<\/div><\/figure>\n\n\n\n<p>Como parte de este registro, cumplir\u00e1s con el censo de mascotas, el cual garantiza que sea mucho <strong>m\u00e1s f\u00e1cil identificar a tu lomito en dado caso de que se pudiera extraviar<\/strong> o alguna persona quisiera tomar propiedad sobre \u00e9l.<\/p>\n\n\n\n<p>Incluso, ya que estas por ah\u00ed, puedes contribuir con la donaci\u00f3n de alimento para aquellos animales que no tienen refugio o familia y, por ello, se encuentran desamparados. En esa situaci\u00f3n, te brindar\u00e1n un reconocimiento por tu aportaci\u00f3n a la causa animal.<\/p>\n\n\n\n<p>Asimismo, te invitamos a revisar la cartelera de conciertos de Puebla, para que planees tu visita y no te pierdas a tus artistas favoritos, asegurando que despu\u00e9s de disfrutar del espect\u00e1culo.<\/p>\n\n\n\n<p>As\u00ed como otros servicios para que tu estancia en la Feria de Puebla sea mucho m\u00e1s c\u00f3moda, desde los estacionamientos, hasta la ampliaci\u00f3n del servicio del Ruta y otras unidades de transporte para garantizar tu regreso seguro a casa.<\/p>\n\n\n\n<p>Esta iniciativa reafirma que la Feria de Puebla no es solo un punto de encuentro para la diversi\u00f3n, sino tambi\u00e9n una plataforma de conciencia social. Al integrar la protecci\u00f3n animal en su oferta, el evento invita a los poblanos a construir una sociedad m\u00e1s humana y responsable.<\/p>\n\n\n\n<p>Fuente: <a href=\"https:\/\/www.telediario.mx\/comunidad\/adopcion-de-mascotas-en-la-feria-de-puebla-2026-registro-y-donaciones\" target=\"_blank\" rel=\"noreferrer noopener\">Telediario<\/a><\/p>\n","protected":false},"excerpt":{"rendered":"<p>La Feria de Puebla abre un espacio de amor y responsabilidad. A trav\u00e9s del SEDIF, los visitantes pueden iniciar procesos de adopci\u00f3n, registrar a sus mascotas en el padr\u00f3n estatal y contribuir con donaciones.<\/p>\n","protected":false},"author":1,"featured_media":121315,"comment_status":"open","ping_status":"open","sticky":false,"template":"","format":"standard","meta":{"site-sidebar-layout":"default","site-content-layout":"","ast-site-content-layout":"default","site-content-style":"default","site-sidebar-style":"default","ast-global-header-display":"","ast-banner-title-visibility":"","ast-main-header-display":"","ast-hfb-above-header-display":"","ast-hfb-below-header-display":"","ast-hfb-mobile-header-display":"","site-post-title":"","ast-breadcrumbs-content":"","ast-featured-img":"","footer-sml-layout":"","theme-transparent-header-meta":"","adv-header-id-meta":"","stick-header-meta":"","header-above-stick-meta":"","header-main-stick-meta":"","header-below-stick-meta":"","astra-migrate-meta-layouts":"default","ast-page-background-enabled":"default","ast-page-background-meta":{"desktop":{"background-color":"var(--ast-global-color-4)","background-image":"","background-repeat":"repeat","background-position":"center center","background-size":"auto","background-attachment":"scroll","background-type":"","background-media":"","overlay-type":"","overlay-color":"","overlay-opacity":"","overlay-gradient":""},"tablet":{"background-color":"","background-image":"","background-repeat":"repeat","background-position":"center center","background-size":"auto","background-attachment":"scroll","background-type":"","background-media":"","overlay-type":"","overlay-color":"","overlay-opacity":"","overlay-gradient":""},"mobile":{"background-color":"","background-image":"","background-repeat":"repeat","background-position":"center center","background-size":"auto","background-attachment":"scroll","background-type":"","background-media":"","overlay-type":"","overlay-color":"","overlay-opacity":"","overlay-gradient":""}},"ast-content-background-meta":{"desktop":{"background-color":"var(--ast-global-color-5)","background-image":"","background-repeat":"repeat","background-position":"center center","background-size":"auto","background-attachment":"scroll","background-type":"","background-media":"","overlay-type":"","overlay-color":"","overlay-opacity":"","overlay-gradient":""},"tablet":{"background-color":"var(--ast-global-color-5)","background-image":"","background-repeat":"repeat","background-position":"center center","background-size":"auto","background-attachment":"scroll","background-type":"","background-media":"","overlay-type":"","overlay-color":"","overlay-opacity":"","overlay-gradient":""},"mobile":{"background-color":"var(--ast-global-color-5)","background-image":"","background-repeat":"repeat","background-position":"center center","background-size":"auto","background-attachment":"scroll","background-type":"","background-media":"","overlay-type":"","overlay-color":"","overlay-opacity":"","overlay-gradient":""}},"footnotes":""},"categories":[8],"tags":[46480,17372,9917,48658,4746,48657],"class_list":["post-121314","post","type-post","status-publish","format-standard","has-post-thumbnail","hentry","category-noticias","tag-adopcion-responsable","tag-amor","tag-feria-de-puebla","tag-responsabilidad","tag-sedif","tag-stand-de-mascotas"],"_links":{"self":[{"href":"https:\/\/losperiodistas.com.mx\/portal\/wp-json\/wp\/v2\/posts\/121314","targetHints":{"allow":["GET"]}}],"collection":[{"href":"https:\/\/losperiodistas.com.mx\/portal\/wp-json\/wp\/v2\/posts"}],"about":[{"href":"https:\/\/losperiodistas.com.mx\/portal\/wp-json\/wp\/v2\/types\/post"}],"author":[{"embeddable":true,"href":"https:\/\/losperiodistas.com.mx\/portal\/wp-json\/wp\/v2\/users\/1"}],"replies":[{"embeddable":true,"href":"https:\/\/losperiodistas.com.mx\/portal\/wp-json\/wp\/v2\/comments?post=121314"}],"version-history":[{"count":1,"href":"https:\/\/losperiodistas.com.mx\/portal\/wp-json\/wp\/v2\/posts\/121314\/revisions"}],"predecessor-version":[{"id":121316,"href":"https:\/\/losperiodistas.com.mx\/portal\/wp-json\/wp\/v2\/posts\/121314\/revisions\/121316"}],"wp:featuredmedia":[{"embeddable":true,"href":"https:\/\/losperiodistas.com.mx\/portal\/wp-json\/wp\/v2\/media\/121315"}],"wp:attachment":[{"href":"https:\/\/losperiodistas.com.mx\/portal\/wp-json\/wp\/v2\/media?parent=121314"}],"wp:term":[{"taxonomy":"category","embeddable":true,"href":"https:\/\/losperiodistas.com.mx\/portal\/wp-json\/wp\/v2\/categories?post=121314"},{"taxonomy":"post_tag","embeddable":true,"href":"https:\/\/losperiodistas.com.mx\/portal\/wp-json\/wp\/v2\/tags?post=121314"}],"curies":[{"name":"wp","href":"https:\/\/api.w.org\/{rel}","templated":true}]}}