{"id":121300,"date":"2026-04-28T18:17:23","date_gmt":"2026-04-29T00:17:23","guid":{"rendered":"https:\/\/losperiodistas.com.mx\/portal\/?p=121300"},"modified":"2026-04-28T18:17:25","modified_gmt":"2026-04-29T00:17:25","slug":"bajan-delitos-y-percepcion-de-inseguridad-en-puebla-capital-inegi","status":"publish","type":"post","link":"https:\/\/losperiodistas.com.mx\/portal\/bajan-delitos-y-percepcion-de-inseguridad-en-puebla-capital-inegi\/","title":{"rendered":"Bajan delitos y percepci\u00f3n de inseguridad en Puebla capital: INEGI"},"content":{"rendered":"\n<p>En el primer trimestre de 2026 disminuy\u00f3 tres puntos<\/p>\n\n\n\n<figure class=\"wp-block-image size-large\"><img fetchpriority=\"high\" decoding=\"async\" width=\"1024\" height=\"576\" src=\"https:\/\/losperiodistas.com.mx\/portal\/wp-content\/uploads\/2026\/04\/IncidenciaDelictiva13erTrimestre2026-1024x576.png\" alt=\"\" class=\"wp-image-121301\" srcset=\"https:\/\/losperiodistas.com.mx\/portal\/wp-content\/uploads\/2026\/04\/IncidenciaDelictiva13erTrimestre2026-1024x576.png 1024w, https:\/\/losperiodistas.com.mx\/portal\/wp-content\/uploads\/2026\/04\/IncidenciaDelictiva13erTrimestre2026-300x169.png 300w, https:\/\/losperiodistas.com.mx\/portal\/wp-content\/uploads\/2026\/04\/IncidenciaDelictiva13erTrimestre2026-768x432.png 768w, https:\/\/losperiodistas.com.mx\/portal\/wp-content\/uploads\/2026\/04\/IncidenciaDelictiva13erTrimestre2026-1536x863.png 1536w, https:\/\/losperiodistas.com.mx\/portal\/wp-content\/uploads\/2026\/04\/IncidenciaDelictiva13erTrimestre2026.png 1562w\" sizes=\"(max-width: 1024px) 100vw, 1024px\" \/><figcaption class=\"wp-element-caption\">Delitos a la baja<\/figcaption><\/figure>\n\n\n\n<p class=\"has-vivid-red-color has-text-color has-link-color wp-elements-a68145776bc3cf29c14bbaf960d87555\">Redacci\u00f3n \/ El Valle<\/p>\n\n\n\n<p>En el primer trimestre del 2026, la percepci\u00f3n de inseguridad disminuy\u00f3 al pasar de 84.5 a 81.5, en la capital poblana.<\/p>\n\n\n\n<p>Datos de la Encuesta de Seguridad P\u00fablica Urbana (Ensu), del Inegi reflejan que esta percepci\u00f3n tiene una disminuci\u00f3n de tres por ciento en comparaci\u00f3n del \u00faltimo trimestre del 2025.<\/p>\n\n\n\n<p>Mientras, datos oficiales de la FGE precisan varios delitos a la baja, como homicidos, robo a veh\u00edculo, entre otros.<\/p>\n\n\n\n<h3 class=\"wp-block-heading\">DATOS RELEVANTES<\/h3>\n\n\n\n<p>La ENSU publicada el 24 de abril de 2026 reporta que la percepci\u00f3n sobre inseguridad p\u00fablica en el \u00e1rea urbana de Puebla disminuy\u00f3, pasando de 84.5 a 81.5 por ciento, en el periodo comprendido de diciembre de 2025 a marzo de 2026.<\/p>\n\n\n\n<p>El estudio muestra que, mientras la media nacional de percepci\u00f3n de inseguridad registr\u00f3 una disminuci\u00f3n de 2.3% durante el primer trimestre de 2026, en Puebla la reducci\u00f3n fue de 3%.<\/p>\n\n\n\n<p>Esa variaci\u00f3n est\u00e1 por encima del promedio nacional, se\u00f1al de que se avanza a un ritmo superior al promedio del pa\u00eds, resultado del enfoque que le ha dado el Gobierno de Puebla, presidido por Alejandro Armenta Mier, a trav\u00e9s de una pol\u00edtica p\u00fablica que fortalece la coordinaci\u00f3n con el Gobierno de la Rep\u00fablica y coloca a las personas en el centro de la acci\u00f3n del Estado.<\/p>\n\n\n\n<h3 class=\"wp-block-heading\">La ENSU recoge lo que siente la gente.<\/h3>\n\n\n\n<p>Y cuando la percepci\u00f3n mejora, lo que est\u00e1 diciendo la ciudadan\u00eda es que percibe orden, presencia y respuesta de un Estado que act\u00faa unido.<\/p>\n\n\n\n<p>La disminuci\u00f3n en delitos y la mejora en la percepci\u00f3n de inseguridad en Puebla tienen una explicaci\u00f3n: hay gobierno, hay estrategia, hay presencia territorial y hay coordinaci\u00f3n real entre las fuerzas de los \u00f3rdenes de gobierno que combaten el crimen sin colusi\u00f3n.<\/p>\n\n\n\n<p>En Puebla, la inseguridad se combate con estrategia, inteligencia, trabajo territorial y en coordinaci\u00f3n con el Gobierno de M\u00e9xico, las Fuerzas Armadas, la Guardia Nacional, las Fiscal\u00edas y las autoridades estatales y locales, porque la paz no se construye de forma aislada, sino con acciones certeras y eficaces.<\/p>\n\n\n\n<p>Con apego a la Estrategia Nacional de Seguridad marcada por la Presidenta de M\u00e9xico, Claudia Sheinbaum, en Puebla, la seguridad de las familias est\u00e1 por encima de cualquier asunto. El Gobierno del Estado, encabezado por Alejandro Armenta Mier, act\u00faa con m\u00e1s coordinaci\u00f3n, m\u00e1s presencia y contundencia para proteger a la ciudadan\u00eda y recuperar la tranquilidad en cada regi\u00f3n del estado.<\/p>\n\n\n\n<p>Las detenciones relevantes y las acciones operativas recientes son parte de una misma se\u00f1al: en Puebla se est\u00e1 actuando para debilitar estructuras criminales, para cortar m\u00e1rgenes de impunidad y para dejar claro que quien atente contra la paz de las familias va a enfrentar la fuerza leg\u00edtima del Estado.<\/p>\n\n\n\n<p>Muestra de ello han sido las capturas exitosas en Puebla de objetivos prioritarios y generadores de violencia como: \u201cEl Bukanas\u201d y presuntos integrantes de grupos de la delincuencia organizada como de \u201cLa Barredora\u201d y del C\u00e1rtel Jalisco Nueva Generaci\u00f3n (CJNG), entre otros.<\/p>\n\n\n\n<p>De acuerdo con estad\u00edsticas de la Fiscal\u00eda General del Estado (FGE) y del Secretariado Ejecutivo del Sistema Nacional de Seguridad P\u00fablica (SESNSP), durante el primer trimestre de 2026, en comparaci\u00f3n con el mismo periodo del a\u00f1o pasado, los \u00edndices delictivos totales tuvieron una disminuci\u00f3n del 4.6 % y 20 delitos de impacto social tuvieron una reducci\u00f3n importante, trat\u00e1ndose de delitos como feminicidio, homicidio doloso, robos de veh\u00edculos, a transportistas, a casa habitaci\u00f3n, a negocios, a transe\u00fantes, entre otros.<\/p>\n\n\n\n<p>En Puebla no se va a permitir que la delincuencia marque el ritmo de la vida cotidiana, el Gobierno est\u00e1 decidido a recuperar espacios, a fortalecer la presencia de la autoridad y a garantizar que la ley est\u00e9 por encima de quienes pretendan imponer miedo o violencia.<\/p>\n\n\n\n<p>Hoy Puebla trabaja en la direcci\u00f3n correcta: contener, corregir y avanzar hacia una reducci\u00f3n sostenida que devuelva confianza a las familias.<\/p>\n\n\n\n<p>Cuando la percepci\u00f3n de inseguridad empieza a bajar, tambi\u00e9n empieza a cambiar algo profundo en una sociedad: baja la tensi\u00f3n, se recupera confianza y se vuelve a abrir la posibilidad de que la calle, el trayecto, el trabajo y la convivencia cotidiana se vivan con mayor tranquilidad.<\/p>\n\n\n\n<p>La paz social no se decreta, se construye. Y se construye todos los d\u00edas con presencia en el territorio, con capacidad de reacci\u00f3n, con investigaci\u00f3n, con detenciones, con coordinaci\u00f3n y con una autoridad que no cede frente a quienes quieren imponer la violencia como forma de control.<\/p>\n\n\n\n<p>En Puebla existe una voluntad contundente para cambiar el rumbo. No se normaliza la inseguridad, no se administra el problema, ni se est\u00e1 volteando hacia otro lado.<\/p>\n\n\n\n<p>Se est\u00e1 enfrentando con decisi\u00f3n y con la convicci\u00f3n de que proteger al pueblo es la primera obligaci\u00f3n del gobierno.<\/p>\n\n\n\n<p>Fuente: <a href=\"https:\/\/elvalle.com.mx\/2026\/04\/27\/bajan-delitos-y-percepcion-de-inseguridad-en-puebla-capital-inegi-2\/\" target=\"_blank\" rel=\"noreferrer noopener\">elvalle<\/a><\/p>\n","protected":false},"excerpt":{"rendered":"<p>En el primer trimestre de 2026 disminuy\u00f3 tres puntos<\/p>\n","protected":false},"author":1,"featured_media":121301,"comment_status":"open","ping_status":"open","sticky":false,"template":"","format":"standard","meta":{"site-sidebar-layout":"default","site-content-layout":"","ast-site-content-layout":"default","site-content-style":"default","site-sidebar-style":"default","ast-global-header-display":"","ast-banner-title-visibility":"","ast-main-header-display":"","ast-hfb-above-header-display":"","ast-hfb-below-header-display":"","ast-hfb-mobile-header-display":"","site-post-title":"","ast-breadcrumbs-content":"","ast-featured-img":"","footer-sml-layout":"","theme-transparent-header-meta":"","adv-header-id-meta":"","stick-header-meta":"","header-above-stick-meta":"","header-main-stick-meta":"","header-below-stick-meta":"","astra-migrate-meta-layouts":"default","ast-page-background-enabled":"default","ast-page-background-meta":{"desktop":{"background-color":"var(--ast-global-color-4)","background-image":"","background-repeat":"repeat","background-position":"center center","background-size":"auto","background-attachment":"scroll","background-type":"","background-media":"","overlay-type":"","overlay-color":"","overlay-opacity":"","overlay-gradient":""},"tablet":{"background-color":"","background-image":"","background-repeat":"repeat","background-position":"center center","background-size":"auto","background-attachment":"scroll","background-type":"","background-media":"","overlay-type":"","overlay-color":"","overlay-opacity":"","overlay-gradient":""},"mobile":{"background-color":"","background-image":"","background-repeat":"repeat","background-position":"center center","background-size":"auto","background-attachment":"scroll","background-type":"","background-media":"","overlay-type":"","overlay-color":"","overlay-opacity":"","overlay-gradient":""}},"ast-content-background-meta":{"desktop":{"background-color":"var(--ast-global-color-5)","background-image":"","background-repeat":"repeat","background-position":"center center","background-size":"auto","background-attachment":"scroll","background-type":"","background-media":"","overlay-type":"","overlay-color":"","overlay-opacity":"","overlay-gradient":""},"tablet":{"background-color":"var(--ast-global-color-5)","background-image":"","background-repeat":"repeat","background-position":"center center","background-size":"auto","background-attachment":"scroll","background-type":"","background-media":"","overlay-type":"","overlay-color":"","overlay-opacity":"","overlay-gradient":""},"mobile":{"background-color":"var(--ast-global-color-5)","background-image":"","background-repeat":"repeat","background-position":"center center","background-size":"auto","background-attachment":"scroll","background-type":"","background-media":"","overlay-type":"","overlay-color":"","overlay-opacity":"","overlay-gradient":""}},"footnotes":""},"categories":[8],"tags":[48652,4892,7627,653],"class_list":["post-121300","post","type-post","status-publish","format-standard","has-post-thumbnail","hentry","category-noticias","tag-delitos-a-la-baja","tag-ensu","tag-incidencia-delictiva","tag-inegi"],"_links":{"self":[{"href":"https:\/\/losperiodistas.com.mx\/portal\/wp-json\/wp\/v2\/posts\/121300","targetHints":{"allow":["GET"]}}],"collection":[{"href":"https:\/\/losperiodistas.com.mx\/portal\/wp-json\/wp\/v2\/posts"}],"about":[{"href":"https:\/\/losperiodistas.com.mx\/portal\/wp-json\/wp\/v2\/types\/post"}],"author":[{"embeddable":true,"href":"https:\/\/losperiodistas.com.mx\/portal\/wp-json\/wp\/v2\/users\/1"}],"replies":[{"embeddable":true,"href":"https:\/\/losperiodistas.com.mx\/portal\/wp-json\/wp\/v2\/comments?post=121300"}],"version-history":[{"count":1,"href":"https:\/\/losperiodistas.com.mx\/portal\/wp-json\/wp\/v2\/posts\/121300\/revisions"}],"predecessor-version":[{"id":121302,"href":"https:\/\/losperiodistas.com.mx\/portal\/wp-json\/wp\/v2\/posts\/121300\/revisions\/121302"}],"wp:featuredmedia":[{"embeddable":true,"href":"https:\/\/losperiodistas.com.mx\/portal\/wp-json\/wp\/v2\/media\/121301"}],"wp:attachment":[{"href":"https:\/\/losperiodistas.com.mx\/portal\/wp-json\/wp\/v2\/media?parent=121300"}],"wp:term":[{"taxonomy":"category","embeddable":true,"href":"https:\/\/losperiodistas.com.mx\/portal\/wp-json\/wp\/v2\/categories?post=121300"},{"taxonomy":"post_tag","embeddable":true,"href":"https:\/\/losperiodistas.com.mx\/portal\/wp-json\/wp\/v2\/tags?post=121300"}],"curies":[{"name":"wp","href":"https:\/\/api.w.org\/{rel}","templated":true}]}}