{"id":121296,"date":"2026-04-28T07:45:39","date_gmt":"2026-04-28T13:45:39","guid":{"rendered":"https:\/\/losperiodistas.com.mx\/portal\/?p=121296"},"modified":"2026-04-28T07:45:40","modified_gmt":"2026-04-28T13:45:40","slug":"opinion-mexico-duda-si-prohibe-o-regula-redes-entre-la-ninez","status":"publish","type":"post","link":"https:\/\/losperiodistas.com.mx\/portal\/opinion-mexico-duda-si-prohibe-o-regula-redes-entre-la-ninez\/","title":{"rendered":"Opini\u00f3n | M\u00e9xico duda si proh\u00edbe o regula redes entre la ni\u00f1ez"},"content":{"rendered":"\n<p class=\"has-medium-font-size\">*Opiniones de todos colores y sabores de especialistas en el Congreso<\/p>\n\n\n\n<figure class=\"wp-block-image size-full\"><img fetchpriority=\"high\" decoding=\"async\" width=\"992\" height=\"558\" src=\"https:\/\/losperiodistas.com.mx\/portal\/wp-content\/uploads\/2026\/04\/PROHIBICION-DE-REDES-A-NINOS.avif\" alt=\"\" class=\"wp-image-121297\" srcset=\"https:\/\/losperiodistas.com.mx\/portal\/wp-content\/uploads\/2026\/04\/PROHIBICION-DE-REDES-A-NINOS.avif 992w, https:\/\/losperiodistas.com.mx\/portal\/wp-content\/uploads\/2026\/04\/PROHIBICION-DE-REDES-A-NINOS-300x169.avif 300w, https:\/\/losperiodistas.com.mx\/portal\/wp-content\/uploads\/2026\/04\/PROHIBICION-DE-REDES-A-NINOS-768x432.avif 768w\" sizes=\"(max-width: 992px) 100vw, 992px\" \/><\/figure>\n\n\n\n<p class=\"has-vivid-red-color has-text-color has-link-color has-medium-font-size wp-elements-4865f9003ac6cfcf5a7f44570e7f0aa1\"><strong><em>Por Ra\u00fal Torres Salmer\u00f3n \/ Sin L\u00edmites<\/em><\/strong><\/p>\n\n\n\n<p>Mientras Australia ya prohibi\u00f3 el uso de redes sociales entre ni\u00f1os y adolescentes menores de 15 o 16 a\u00f1os y otros pa\u00edses como Francia, Dinamarca, Alemania, Grecia, Indonesia, Malasia, Eslovenia, Espa\u00f1a y Reino Unido ya tienen planes para hacerlo, M\u00e9xico y la C\u00e1mara de Diputados analizan si se proh\u00edben o se regulan.<\/p>\n\n\n\n<p>Existe un creciente sentimiento contra el uso de tel\u00e9fonos inteligentes por parte de los adolescentes, al que algunos cr\u00edticos atribuyen el deterioro de la salud mental y una epidemia de adicci\u00f3n a las pantallas. Se quiere implementar l\u00edmites al acceso de los ni\u00f1os a aplicaciones como TikTok, Instagram y YouTube.<\/p>\n\n\n\n<p>El pasado 16 de abril, la Diputada Federal Mariana Ben\u00edtez Tiburcio de Morena, Secretaria de la Comisi\u00f3n de Justicia, inaugur\u00f3 el foro Infancias Digitales \u00bfProhibir o regular? y se gener\u00f3 un di\u00e1logo sobre la prohibici\u00f3n del acceso a redes sociales en menores, su viabilidad tecnol\u00f3gica y el enfoque de derecho.<\/p>\n\n\n\n<p>La legisladora se\u00f1al\u00f3 que las redes sociales representan hoy uno de los mayores riesgos para los ni\u00f1os y adolescentes en M\u00e9xico y en el mundo, por la violencia digital, sexual, comercial, extorsi\u00f3n y afectaciones severas a la salud mental.<\/p>\n\n\n\n<p>Agreg\u00f3 que legislar desde la urgencia tiene sus propios riesgos. Una norma aprobada sin suficiente an\u00e1lisis puede volverse simb\u00f3lica, inaplicable o regresiva, puede generar vigilancia masiva sobre los propios ni\u00f1os que se busca proteger, reproducir desigualdades, criminalizar conductas que pueden abordarse desde la educaci\u00f3n, o puede simular protecci\u00f3n sin producirla.<\/p>\n\n\n\n<p>Por ello, subray\u00f3 que el foro no busca construir un consenso artificial, sino una agenda legislativa responsable, identificar qu\u00e9 funciona y podr\u00eda ser mejor; se pretende explorar alternativas, el dise\u00f1o seguro de plataformas, la responsabilidad de las empresas tecnol\u00f3gicas, la educaci\u00f3n digital como pol\u00edtica p\u00fablica y mecanismos de denuncia accesible.<\/p>\n\n\n\n<p>Adem\u00e1s, es un espacio donde los legisladores \u201cpodemos nutrir nuestra opini\u00f3n y criterio al ser un tema tan desafiante que tiene muchas vertientes de an\u00e1lisis\u201d, por lo que \u201cno es f\u00e1cil tomar una decisi\u00f3n, pero de aqu\u00ed debemos salir con mayor claridad sobre c\u00f3mo proteger a nuestras infancias\u201d.<\/p>\n\n\n\n<p>El Diputado V\u00edctor Hubo Lobo Rom\u00e1n de Morena, Presidente de la Comisi\u00f3n de Reforma Pol\u00edtica-Electoral, subray\u00f3 que solo participando en la soluci\u00f3n de la vida de M\u00e9xico, se podr\u00e1 construir el modelo que se requiere y ser\u00e1 eficaz si se lleva a cabo de manera conjunta y con un di\u00e1logo \u00e1gil, como en este foro.<\/p>\n\n\n\n<p><strong>OPINAN PARTICIPANTES<\/strong><\/p>\n\n\n\n<p>Edgar Iv\u00e1n Colina Ram\u00edrez, Profesor de Derecho Penal de la Universidad de Sevilla, indic\u00f3 v\u00eda Zoom que ante un nuevo problema inmediatamente se quieren establecer reglas penales pensando que con esa medida se acabar\u00e1, de ah\u00ed que resulta dif\u00edcil establecer como delito utilizar las redes sociales a los menores de edad.<\/p>\n\n\n\n<p>La Maestra Adriana Labardini Inzunza, Coordinadora de Pol\u00edtica P\u00fablica para Am\u00e9rica Latina de Rhizom\u00e1tica, coment\u00f3 que la protecci\u00f3n a la infancia no puede partir de la violaci\u00f3n de los propios derechos de la ni\u00f1ez, por lo que el problema no es solo de las plataformas sociales, sino que muchas veces est\u00e1 dentro del mismo hogar o la escuela. Entonces, se quieren prohibir las redes digitales cuando el agresor vive con la v\u00edctima o la educa.<\/p>\n\n\n\n<p>Desde Italia, el Doctor Nicola Mar\u00eda Maiello, Profesor en Derecho Penal de la Universidad de Bolonia, asever\u00f3 que ante un problema tan delicado deben prevalecer las instancias culturales y pedag\u00f3gicas, para evitar que el derecho penal se convierta en el instrumento todo poderoso para todos los males. Prohibir penalmente el acceso al internet contribuir\u00e1 a formar generaciones de personas tecnol\u00f3gicamente ignorantes, en un mundo que avanza cada vez m\u00e1s r\u00e1pido en el progreso inform\u00e1tico.<\/p>\n\n\n\n<p>El Maestro Marcos Zavala, Asesor Jur\u00eddico del Programa de Fortalecimiento del Estado de Derecho en GIZ (Agencia de Cooperaci\u00f3n Alemana), coment\u00f3 que cerrar el acceso a internet a los adolescentes es el \u00faltimo recurso que tendr\u00eda el Estado para tratar de controlar el uso de redes, antes de agotar otras medidas que tiendan a corregir el consumo de plataformas.<\/p>\n\n\n\n<p>A su vez, el Doctor Pedro Salazar Ugarte, ex Director del Instituto de Investigaciones Jur\u00eddicas de la UNAM, asever\u00f3 que la v\u00eda penal no es \u00fatil para obtener el resultado que se desea en materia de regular el uso del internet. Lo que se debe poner en el centro son a las personas que se quiere proteger y en este caso son a las ni\u00f1as, ni\u00f1os y adolescentes, quienes est\u00e1n en una edad transitoria.<\/p>\n\n\n\n<p>En la segunda mesa, titulada \u00bfEs Tecnol\u00f3gicamente Viable Prohibir? se abord\u00f3 el eje tem\u00e1tico relativo a la Capacidad Real del Estado y de las Plataformas, donde ponentes expusieron las ventajas y riesgos en la limitaci\u00f3n de acceso a estos espacios digitales.<\/p>\n\n\n\n<p>Lina Ornelas N\u00fa\u00f1ez, Jefa de Pol\u00edticas P\u00fablicas y Relaciones con Gobierno para M\u00e9xico, Centroam\u00e9rica y El Caribe en Google, destac\u00f3 la importancia de que haya una edad m\u00ednima para el uso de redes sociales, ya que diversos informes demuestran que generan fen\u00f3menos nocivos en la salud f\u00edsica y mental de ni\u00f1as, ni\u00f1os y adolescentes, como la adicci\u00f3n tecnol\u00f3gica y des\u00f3rdenes alimentarios, entre ellos la bulimia y anorexia, adem\u00e1s de problemas de inseguridad y suicidio.<\/p>\n\n\n\n<p>Laura M\u00e1rquez-Mart\u00ednez, Consultora y co creadora de soluciones multidisciplinarias y de innovaci\u00f3n en materia de acceso a la justicia, opin\u00f3 que los espacios digitales representan una parte indispensable de la identidad de los menores, adem\u00e1s el aprendizaje y pertenencia que corren ah\u00ed pueden limitarse, pero no restringirse. Asegur\u00f3 que una prohibici\u00f3n pura impide el desarrollo de estas competencias y genera desigualdades.<\/p>\n\n\n\n<p>Del Instituto de Investigaciones Jur\u00eddicas UNAM, Pablo Pruneda expuso que la regulaci\u00f3n de redes sociales y herramientas digitales no debe centrarse en la prohibici\u00f3n, ya que es una medida ineficiente. Subray\u00f3 la importancia de construir una regulaci\u00f3n colaborativa entre industria, sociedad civil y usuarios, incorporando deberes de cuidado en las plataformas y promoviendo la educaci\u00f3n digital para madres, padres y personas usuarias.<\/p>\n\n\n\n<p>Cecilia Azuara Arai, socia fundadora de Videre, enfatiz\u00f3 que no existe a\u00fan una tecnolog\u00eda capaz de impedir de forma efectiva y respetuosa que los menores accedan a las redes sociales. Adem\u00e1s, en caso de prohib\u00edrselos encontrar\u00edan la manera de evadirlo para continuar sin supervisi\u00f3n ni los cuidados necesarios. Apunt\u00f3 que se requiere de una ley federal que no sea prohibitiva, sino una regulaci\u00f3n que vaya sobre patrones de acci\u00f3n, alfabetizaci\u00f3n digital y con control parental.<\/p>\n\n\n\n<p>Finalmente, la Maestra en Administraci\u00f3n de Negocios, Miriam Padilla Espinosa, consider\u00f3 importante escuchar a las infancias y evitar enfoques prohibicionistas, apostando por una regulaci\u00f3n que obligue a las plataformas a asumir su responsabilidad.<\/p>\n\n\n\n<p>Resalt\u00f3 la necesidad de fortalecer la alfabetizaci\u00f3n, as\u00ed como establecer medidas como el tratamiento adecuado de datos, reglas para el perfilado, supervisi\u00f3n, y protecciones desde el dise\u00f1o, con un enfoque de responsabilidad proactiva que garantice su protecci\u00f3n sin restringir sus derechos.<\/p>\n\n\n\n<p>A fin de cuentas, no lograr\u00e1n uniformidad. Lo importante es cuidar a las nuevas generaciones.<\/p>\n\n\n\n<p>En fin, como escribi\u00f3 Luis G. Urbina (M\u00e9xico, 1864-1934), en su poema \u00a1ave Cesat!<\/p>\n\n\n\n<p>Yo entr\u00e9 a la lid intr\u00e9pido y gozoso.<\/p>\n\n\n\n<p>Los muertos te saludan, dije al mundo.<\/p>\n\n\n\n<p>Mir\u00e9 a las fieras; me sent\u00ed coloso:<\/p>\n\n\n\n<p>luch\u00e9; me hiri\u00f3 la duda en lo profundo,<\/p>\n\n\n\n<p>y entre el polvo del carro victorioso,<\/p>\n\n\n\n<p>ya ruedo por la arena, moribundo.<\/p>\n\n\n\n<p>raultorress@hotmail.com<\/p>\n\n\n\n<hr class=\"wp-block-separator has-alpha-channel-opacity\"\/>\n\n\n\n<p><strong>+ OPINI\u00d3N : Las opiniones expresadas son responsabilidad del autor<\/strong><\/p>\n","protected":false},"excerpt":{"rendered":"<p>*Opiniones de todos colores y sabores de especialistas en el Congreso Por Ra\u00fal Torres Salmer\u00f3n \/ Sin L\u00edmites Mientras Australia [&hellip;]<\/p>\n","protected":false},"author":1,"featured_media":121297,"comment_status":"open","ping_status":"open","sticky":false,"template":"","format":"standard","meta":{"site-sidebar-layout":"default","site-content-layout":"","ast-site-content-layout":"default","site-content-style":"default","site-sidebar-style":"default","ast-global-header-display":"","ast-banner-title-visibility":"","ast-main-header-display":"","ast-hfb-above-header-display":"","ast-hfb-below-header-display":"","ast-hfb-mobile-header-display":"","site-post-title":"","ast-breadcrumbs-content":"","ast-featured-img":"","footer-sml-layout":"","theme-transparent-header-meta":"","adv-header-id-meta":"","stick-header-meta":"","header-above-stick-meta":"","header-main-stick-meta":"","header-below-stick-meta":"","astra-migrate-meta-layouts":"default","ast-page-background-enabled":"default","ast-page-background-meta":{"desktop":{"background-color":"var(--ast-global-color-4)","background-image":"","background-repeat":"repeat","background-position":"center center","background-size":"auto","background-attachment":"scroll","background-type":"","background-media":"","overlay-type":"","overlay-color":"","overlay-opacity":"","overlay-gradient":""},"tablet":{"background-color":"","background-image":"","background-repeat":"repeat","background-position":"center center","background-size":"auto","background-attachment":"scroll","background-type":"","background-media":"","overlay-type":"","overlay-color":"","overlay-opacity":"","overlay-gradient":""},"mobile":{"background-color":"","background-image":"","background-repeat":"repeat","background-position":"center center","background-size":"auto","background-attachment":"scroll","background-type":"","background-media":"","overlay-type":"","overlay-color":"","overlay-opacity":"","overlay-gradient":""}},"ast-content-background-meta":{"desktop":{"background-color":"var(--ast-global-color-5)","background-image":"","background-repeat":"repeat","background-position":"center center","background-size":"auto","background-attachment":"scroll","background-type":"","background-media":"","overlay-type":"","overlay-color":"","overlay-opacity":"","overlay-gradient":""},"tablet":{"background-color":"var(--ast-global-color-5)","background-image":"","background-repeat":"repeat","background-position":"center center","background-size":"auto","background-attachment":"scroll","background-type":"","background-media":"","overlay-type":"","overlay-color":"","overlay-opacity":"","overlay-gradient":""},"mobile":{"background-color":"var(--ast-global-color-5)","background-image":"","background-repeat":"repeat","background-position":"center center","background-size":"auto","background-attachment":"scroll","background-type":"","background-media":"","overlay-type":"","overlay-color":"","overlay-opacity":"","overlay-gradient":""}},"footnotes":""},"categories":[8,19],"tags":[48651],"class_list":["post-121296","post","type-post","status-publish","format-standard","has-post-thumbnail","hentry","category-noticias","category-sin-limites-2","tag-regular-redes-sociales-en-mexico"],"_links":{"self":[{"href":"https:\/\/losperiodistas.com.mx\/portal\/wp-json\/wp\/v2\/posts\/121296","targetHints":{"allow":["GET"]}}],"collection":[{"href":"https:\/\/losperiodistas.com.mx\/portal\/wp-json\/wp\/v2\/posts"}],"about":[{"href":"https:\/\/losperiodistas.com.mx\/portal\/wp-json\/wp\/v2\/types\/post"}],"author":[{"embeddable":true,"href":"https:\/\/losperiodistas.com.mx\/portal\/wp-json\/wp\/v2\/users\/1"}],"replies":[{"embeddable":true,"href":"https:\/\/losperiodistas.com.mx\/portal\/wp-json\/wp\/v2\/comments?post=121296"}],"version-history":[{"count":1,"href":"https:\/\/losperiodistas.com.mx\/portal\/wp-json\/wp\/v2\/posts\/121296\/revisions"}],"predecessor-version":[{"id":121298,"href":"https:\/\/losperiodistas.com.mx\/portal\/wp-json\/wp\/v2\/posts\/121296\/revisions\/121298"}],"wp:featuredmedia":[{"embeddable":true,"href":"https:\/\/losperiodistas.com.mx\/portal\/wp-json\/wp\/v2\/media\/121297"}],"wp:attachment":[{"href":"https:\/\/losperiodistas.com.mx\/portal\/wp-json\/wp\/v2\/media?parent=121296"}],"wp:term":[{"taxonomy":"category","embeddable":true,"href":"https:\/\/losperiodistas.com.mx\/portal\/wp-json\/wp\/v2\/categories?post=121296"},{"taxonomy":"post_tag","embeddable":true,"href":"https:\/\/losperiodistas.com.mx\/portal\/wp-json\/wp\/v2\/tags?post=121296"}],"curies":[{"name":"wp","href":"https:\/\/api.w.org\/{rel}","templated":true}]}}