{"id":12129,"date":"2021-08-25T08:54:13","date_gmt":"2021-08-25T13:54:13","guid":{"rendered":"http:\/\/losperiodistas.com.mx\/portal\/?p=12129"},"modified":"2021-08-25T08:54:14","modified_gmt":"2021-08-25T13:54:14","slug":"amlo-responde-a-reto-de-anaya-es-un-chueco-e-hipocrita-el-financiero","status":"publish","type":"post","link":"https:\/\/losperiodistas.com.mx\/portal\/amlo-responde-a-reto-de-anaya-es-un-chueco-e-hipocrita-el-financiero\/","title":{"rendered":"AMLO responde a reto de Anaya: \u2018Es un chueco e hip\u00f3crita\u2019 | El Financiero"},"content":{"rendered":"\n<p><em>El panista sostuvo que va declarar si lo acompa\u00f1an los hermanos del presidente, P\u00edo y Mart\u00edn L\u00f3pez Obrador.<\/em><\/p>\n\n\n\n<p><\/p>\n\n\n\n<figure class=\"wp-block-image size-large\"><img fetchpriority=\"high\" decoding=\"async\" width=\"1024\" height=\"711\" src=\"https:\/\/losperiodistas.com.mx\/portal\/wp-content\/uploads\/2021\/08\/Captura-de-Pantalla-2021-08-25-a-las-8.50.25-1024x711.jpg\" alt=\"\" class=\"wp-image-12132\" srcset=\"https:\/\/losperiodistas.com.mx\/portal\/wp-content\/uploads\/2021\/08\/Captura-de-Pantalla-2021-08-25-a-las-8.50.25-1024x711.jpg 1024w, https:\/\/losperiodistas.com.mx\/portal\/wp-content\/uploads\/2021\/08\/Captura-de-Pantalla-2021-08-25-a-las-8.50.25-300x208.jpg 300w, https:\/\/losperiodistas.com.mx\/portal\/wp-content\/uploads\/2021\/08\/Captura-de-Pantalla-2021-08-25-a-las-8.50.25-768x533.jpg 768w, https:\/\/losperiodistas.com.mx\/portal\/wp-content\/uploads\/2021\/08\/Captura-de-Pantalla-2021-08-25-a-las-8.50.25-1536x1066.jpg 1536w, https:\/\/losperiodistas.com.mx\/portal\/wp-content\/uploads\/2021\/08\/Captura-de-Pantalla-2021-08-25-a-las-8.50.25.jpg 1830w\" sizes=\"(max-width: 1024px) 100vw, 1024px\" \/><figcaption>&#8216;Que asuma su responsabilidad&#8217;, dijo el presidente.\u00a0(Cuartoscuro)<\/figcaption><\/figure>\n\n\n\n<p class=\"has-vivid-cyan-blue-color has-text-color has-medium-font-size\">REDACCI\u00d3N EL FINANCIERO<\/p>\n\n\n\n<p>El presidente<strong>&nbsp;Andr\u00e9s Manuel L\u00f3pez Obrador&nbsp;<\/strong>respondi\u00f3 este mi\u00e9rcoles al reto lanzado por&nbsp;<strong>Ricardo Anaya&nbsp;<\/strong>en el que pide que los hermanos del mandatario,&nbsp;<strong>P\u00edo y Mart\u00edn<\/strong>&nbsp;L\u00f3pez Obrador, tengan el mismo tratamiento para que declaren ante un juez.<\/p>\n\n\n\n<p>\u201cQue asuma su responsabilidad. En el caso de mis hermanos,\u00a0<strong>que la autoridad competente act\u00fae<\/strong>. Yo no tengo que ver con la fiscal\u00eda, ya no es el tiempo de antes, en donde el presidente le ordenaba al procurador\u201d, dijo en la \u2018ma\u00f1anera\u2019.<\/p>\n\n\n\n<p>Adem\u00e1s, el titular del Ejecutivo remarc\u00f3 que el panista es \u201c<strong>chueco e hip\u00f3crita<\/strong>\u201d y calific\u00f3 su deseo de irse al exilio, que el excandidato calific\u00f3 como \u201cpersecuci\u00f3n pol\u00edtica\u201d, como una marruller\u00eda.<\/p>\n\n\n\n<p><a href=\"https:\/\/www.elfinanciero.com.mx\/nacional\/2021\/08\/25\/ricardo-anaya-reta-a-amlo-me-presento-a-declarar-si-voy-acompanado-de-tus-hermanos\/\"><\/a><a href=\"https:\/\/www.elfinanciero.com.mx\/nacional\/2021\/08\/25\/ricardo-anaya-reta-a-amlo-me-presento-a-declarar-si-voy-acompanado-de-tus-hermanos\/\">Ricardo Anaya reta a AMLO: Me presento a declarar si me acompa\u00f1an tus hermanos<\/a><\/p>\n\n\n\n<hr class=\"wp-block-separator\"\/>\n\n\n\n<figure class=\"wp-block-embed is-type-rich is-provider-twitter wp-block-embed-twitter\"><div class=\"wp-block-embed__wrapper\">\n<blockquote class=\"twitter-tweet\" data-width=\"500\" data-dnt=\"true\"><p lang=\"es\" dir=\"ltr\">Tras el mensaje que envi\u00f3 <a href=\"https:\/\/twitter.com\/RicardoAnayaC?ref_src=twsrc%5Etfw\">@RicardoAnayaC<\/a> a <a href=\"https:\/\/twitter.com\/lopezobrador_?ref_src=twsrc%5Etfw\">@lopezobrador_<\/a> sobre presentarse a declarar con la condici\u00f3n de que P\u00edo y Mart\u00edn L\u00f3pez Obrador tambi\u00e9n lo hagan, el presidente calific\u00f3 al excandidato panista como &quot;chueco&quot; e &quot;hip\u00f3crita&quot;, &quot;sabe muy bien que yo no persigo a nadie&quot;. <a href=\"https:\/\/t.co\/912mhNO8fO\">pic.twitter.com\/912mhNO8fO<\/a><\/p>&mdash; El Financiero TV (@ElFinancieroTv) <a href=\"https:\/\/twitter.com\/ElFinancieroTv\/status\/1430518169521643525?ref_src=twsrc%5Etfw\">August 25, 2021<\/a><\/blockquote><script async src=\"https:\/\/platform.twitter.com\/widgets.js\" charset=\"utf-8\"><\/script>\n<\/div><\/figure>\n\n\n\n<p>\u201c\u00bfQui\u00e9n lo manda a agarrar dinero? Que sirva esto de experiencia para los j\u00f3venes\u201d, cuestion\u00f3.<\/p>\n\n\n\n<p>En un video publicado este mi\u00e9rcoles, Anaya apunt\u00f3 que se presentar\u00e1 a declarar \u201cpero que sea el mismo d\u00eda, a la misma hora, ante el mismo juez que tus dos hermanos, P\u00edo y Mart\u00edn L\u00f3pez Obrador, y&nbsp;<strong>que nos den el mismo trato<\/strong>\u201d.<\/p>\n\n\n\n<p>Los dos hermanos del presidente&nbsp;<strong>fueron exhibidos en videos<\/strong>&nbsp;recibiendo dinero en efectivo de David Le\u00f3n, quien fuera titular de la Coordinaci\u00f3n Nacional de Protecci\u00f3n Civil.<\/p>\n\n\n\n<p>Anaya apunt\u00f3 que no existen investigaciones o acusaciones contra P\u00edo y Mart\u00edn por el destino de esos recursos.<\/p>\n\n\n\n<p>\u201cCon toda confianza, dinos: \u00bfNo ser\u00e1 que no puedes proceder en contra de tus dos hermanos porque el dinero que recibieron en esos videos en realidad era para ti?\u201d, afirm\u00f3.<\/p>\n\n\n\n<p>El lunes, el excandidato a la Presidencia asegur\u00f3 que hab\u00eda recibido un citatorio por parte de la Fiscal\u00eda General de la Rep\u00fablica para presentarse a declarar ante un juez el pr\u00f3ximo jueves en el Reclusorio Norte.<\/p>\n\n\n\n<p>Fuente: https:\/\/www.elfinanciero.com.mx\/nacional\/2021\/08\/25\/amlo-responde-a-reto-de-anaya-es-un-chueco-e-hipocrita\/<\/p>\n","protected":false},"excerpt":{"rendered":"<p>El panista sostuvo que va declarar si lo acompa\u00f1an los hermanos del presidente, P\u00edo y Mart\u00edn L\u00f3pez Obrador. REDACCI\u00d3N EL [&hellip;]<\/p>\n","protected":false},"author":1,"featured_media":12132,"comment_status":"open","ping_status":"open","sticky":false,"template":"","format":"standard","meta":{"site-sidebar-layout":"default","site-content-layout":"","ast-site-content-layout":"default","site-content-style":"default","site-sidebar-style":"default","ast-global-header-display":"","ast-banner-title-visibility":"","ast-main-header-display":"","ast-hfb-above-header-display":"","ast-hfb-below-header-display":"","ast-hfb-mobile-header-display":"","site-post-title":"","ast-breadcrumbs-content":"","ast-featured-img":"","footer-sml-layout":"","theme-transparent-header-meta":"","adv-header-id-meta":"","stick-header-meta":"","header-above-stick-meta":"","header-main-stick-meta":"","header-below-stick-meta":"","astra-migrate-meta-layouts":"default","ast-page-background-enabled":"default","ast-page-background-meta":{"desktop":{"background-color":"var(--ast-global-color-4)","background-image":"","background-repeat":"repeat","background-position":"center center","background-size":"auto","background-attachment":"scroll","background-type":"","background-media":"","overlay-type":"","overlay-color":"","overlay-opacity":"","overlay-gradient":""},"tablet":{"background-color":"","background-image":"","background-repeat":"repeat","background-position":"center center","background-size":"auto","background-attachment":"scroll","background-type":"","background-media":"","overlay-type":"","overlay-color":"","overlay-opacity":"","overlay-gradient":""},"mobile":{"background-color":"","background-image":"","background-repeat":"repeat","background-position":"center center","background-size":"auto","background-attachment":"scroll","background-type":"","background-media":"","overlay-type":"","overlay-color":"","overlay-opacity":"","overlay-gradient":""}},"ast-content-background-meta":{"desktop":{"background-color":"var(--ast-global-color-5)","background-image":"","background-repeat":"repeat","background-position":"center center","background-size":"auto","background-attachment":"scroll","background-type":"","background-media":"","overlay-type":"","overlay-color":"","overlay-opacity":"","overlay-gradient":""},"tablet":{"background-color":"var(--ast-global-color-5)","background-image":"","background-repeat":"repeat","background-position":"center center","background-size":"auto","background-attachment":"scroll","background-type":"","background-media":"","overlay-type":"","overlay-color":"","overlay-opacity":"","overlay-gradient":""},"mobile":{"background-color":"var(--ast-global-color-5)","background-image":"","background-repeat":"repeat","background-position":"center center","background-size":"auto","background-attachment":"scroll","background-type":"","background-media":"","overlay-type":"","overlay-color":"","overlay-opacity":"","overlay-gradient":""}},"footnotes":""},"categories":[8],"tags":[199,3561,3560,3404],"class_list":["post-12129","post","type-post","status-publish","format-standard","has-post-thumbnail","hentry","category-noticias","tag-amlo","tag-martin-lopez-obrador","tag-pio-lopez-obrador","tag-ricardo-anaya"],"_links":{"self":[{"href":"https:\/\/losperiodistas.com.mx\/portal\/wp-json\/wp\/v2\/posts\/12129","targetHints":{"allow":["GET"]}}],"collection":[{"href":"https:\/\/losperiodistas.com.mx\/portal\/wp-json\/wp\/v2\/posts"}],"about":[{"href":"https:\/\/losperiodistas.com.mx\/portal\/wp-json\/wp\/v2\/types\/post"}],"author":[{"embeddable":true,"href":"https:\/\/losperiodistas.com.mx\/portal\/wp-json\/wp\/v2\/users\/1"}],"replies":[{"embeddable":true,"href":"https:\/\/losperiodistas.com.mx\/portal\/wp-json\/wp\/v2\/comments?post=12129"}],"version-history":[{"count":1,"href":"https:\/\/losperiodistas.com.mx\/portal\/wp-json\/wp\/v2\/posts\/12129\/revisions"}],"predecessor-version":[{"id":12133,"href":"https:\/\/losperiodistas.com.mx\/portal\/wp-json\/wp\/v2\/posts\/12129\/revisions\/12133"}],"wp:featuredmedia":[{"embeddable":true,"href":"https:\/\/losperiodistas.com.mx\/portal\/wp-json\/wp\/v2\/media\/12132"}],"wp:attachment":[{"href":"https:\/\/losperiodistas.com.mx\/portal\/wp-json\/wp\/v2\/media?parent=12129"}],"wp:term":[{"taxonomy":"category","embeddable":true,"href":"https:\/\/losperiodistas.com.mx\/portal\/wp-json\/wp\/v2\/categories?post=12129"},{"taxonomy":"post_tag","embeddable":true,"href":"https:\/\/losperiodistas.com.mx\/portal\/wp-json\/wp\/v2\/tags?post=12129"}],"curies":[{"name":"wp","href":"https:\/\/api.w.org\/{rel}","templated":true}]}}