{"id":121275,"date":"2026-04-28T07:27:47","date_gmt":"2026-04-28T13:27:47","guid":{"rendered":"https:\/\/losperiodistas.com.mx\/portal\/?p=121275"},"modified":"2026-04-28T07:27:49","modified_gmt":"2026-04-28T13:27:49","slug":"la-operacion-mas-secreta-detras-del-papa-leon-xiv-es-un-maestro-del-ajedrez-cuando-un-peon-se-mueve-el-ya-tiene-calculado-el-jaque-mate-el-mundo","status":"publish","type":"post","link":"https:\/\/losperiodistas.com.mx\/portal\/la-operacion-mas-secreta-detras-del-papa-leon-xiv-es-un-maestro-del-ajedrez-cuando-un-peon-se-mueve-el-ya-tiene-calculado-el-jaque-mate-el-mundo\/","title":{"rendered":"La operaci\u00f3n m\u00e1s secreta detr\u00e1s del papa Le\u00f3n XIV: \u00abEs un maestro del ajedrez. Cuando un pe\u00f3n se mueve, \u00e9l ya tiene calculado el jaque mate\u00bb | El Mundo"},"content":{"rendered":"\n<p class=\"has-medium-font-size\">Vicens Lozano el \u00fanico vaticanista que antes de cerrarse las puertas de la Capilla Sixtina acert\u00f3 con el nombre del futuro papa. En su nuevo libro cuenta las guerras intestinas entre conservadores y renovadores durante el \u00faltimo c\u00f3nclave<\/p>\n\n\n\n<figure class=\"wp-block-image size-large\"><img fetchpriority=\"high\" decoding=\"async\" width=\"1024\" height=\"683\" src=\"https:\/\/losperiodistas.com.mx\/portal\/wp-content\/uploads\/2026\/04\/17772870280010-1024x683.jpeg\" alt=\"\" class=\"wp-image-121276\" srcset=\"https:\/\/losperiodistas.com.mx\/portal\/wp-content\/uploads\/2026\/04\/17772870280010-1024x683.jpeg 1024w, https:\/\/losperiodistas.com.mx\/portal\/wp-content\/uploads\/2026\/04\/17772870280010-300x200.jpeg 300w, https:\/\/losperiodistas.com.mx\/portal\/wp-content\/uploads\/2026\/04\/17772870280010-768x512.jpeg 768w, https:\/\/losperiodistas.com.mx\/portal\/wp-content\/uploads\/2026\/04\/17772870280010.jpeg 1200w\" sizes=\"(max-width: 1024px) 100vw, 1024px\" \/><figcaption class=\"wp-element-caption\">Vicens Lozano, autor de Le\u00f3n XIV. Sombras bajo la c\u00fapula. GORKA LOINAZARABA PRESS<\/figcaption><\/figure>\n\n\n\n<p class=\"has-vivid-red-color has-text-color has-link-color has-medium-font-size wp-elements-bafe13ae70e922f12a0a1d5b0e9cfa8d\"><strong>Esther Mucientes \/ El MUndo<\/strong><br>Madrid<\/p>\n\n\n\n<p>Dos d\u00edas y cuatro votaciones fueron las que los 133 cardenales menores de 80 a\u00f1os necesitaron para elegir al cardenal<strong>&nbsp;Robert Francis Prevost<\/strong>&nbsp;como el nuevo papa,&nbsp;<strong>Le\u00f3n XIV<\/strong>. Fue una sorpresa la rapidez con la que se alcanz\u00f3 un candidato de consenso y fue una sorpresa el elegido, pues no era ninguno de los papables -aquellos que ten\u00edan m\u00e1s papeletas para ser papa-.&nbsp;<strong>Entre la prensa especializada Prevost ni sonaba<\/strong>. Solo hubo un periodista, el que horas antes de que se cerrasen las puertas de la Capilla Sixtina, dio al cardenal estadounidense como el gran favorito. Fue&nbsp;<strong>Vicens Lozano<\/strong>, periodista e historiador, especialista en Italia y en el Vaticano, el farolillo rojo. Dos d\u00edas despu\u00e9s, su teor\u00eda se confirm\u00f3.&nbsp;<strong>\u00bfC\u00f3mo era posible que solo \u00e9l lo supiese?<\/strong>&nbsp;Porque detr\u00e1s de aquel titular hab\u00eda una larga investigaci\u00f3n que no solo desmont\u00f3 las quinielas del resto, sino que desmonta todas las ideas de que fue una elecci\u00f3n f\u00e1cil.<\/p>\n\n\n\n<p>Detr\u00e1s de la elecci\u00f3n de<strong>\u00a0Robert Francis Prevost<\/strong>\u00a0se esconde una de las operaciones m\u00e1s secretas vividas dentro de los muros del Vaticano y que\u00a0<strong>Vicens Lozano<\/strong>\u00a0cuenta ahora en su libro<strong><em>\u00a0Le\u00f3n XIV. Sombras bajo la c\u00fapula<\/em><\/strong>\u00a0(Ed. Rocaeditorial). Un relato contado como un aut\u00e9ntico\u00a0<em>thriller<\/em>\u00a0en el que autor descubre no solo una operaci\u00f3n secreta propia de los servicios de inteligencia de las mayores potencias mundiales o de los servicios de espionaje dignos del mism\u00edsimo James Bond sino tambi\u00e9n los peligros de un pontificado que, \u00abcomo todos\u00bb, ha arrancado en la cuerda floja.Reformistas Vaticano, Conservadores Vaticano,<\/p>\n\n\n\n<p>Dos protagonistas,<strong>&nbsp;Il Dottore y Monse\u00f1or C.<\/strong>, las dos versiones de la divisi\u00f3n que vive la Iglesia Cat\u00f3lica actualmente:&nbsp;<strong>los reformistas y los conservadores<\/strong>. Cada uno de ellos representa en el relato de Lozano a las dos facciones que tras la operaci\u00f3n secreta en cuesti\u00f3n consiguieron un papa de consenso. \u00abSon ellos los protagonistas de este libro,&nbsp;<strong>ellos fueron los que me fueron llevando para escribir este libro<\/strong>\u00ab, nos asegura el periodista en una larga conversaci\u00f3n en la que poco a poco va desgranando c\u00f3mo fue posible que Prevost sea hoy el sucesor del papa Francisco. \u00abSufr\u00ed much\u00edsimo\u00bb, contin\u00faa, \u00abporque&nbsp;<strong>tuve un boicot muy potente de los dos sectores y para m\u00ed realmente fue una batalla, una batalla d\u00eda a d\u00eda<\/strong>. Lozano estuvo a punto de tirar la toalla en varios momentos, pero para \u00e9l era necesario \u00absacar a la luz lo bueno y lo malo de la instituci\u00f3n\u00bb. Como bien dice \u00e9l,&nbsp;<strong>\u00abla realidad del Vaticano supera en mucho la ficci\u00f3n\u00bb<\/strong>.<\/p>\n\n\n\n<p>Un a\u00f1o despu\u00e9s de la elecci\u00f3n de&nbsp;<strong>Le\u00f3n XIV<\/strong>&nbsp;-la fumata blanca fue el 8 de mayo pasadas las seis de la tarde-, los secretos mejor guardados del c\u00f3nclave de 2025 salen a la luz.&nbsp;<strong>Vicens Lozano reconstruye, a partir de fuentes directas e informaci\u00f3n in\u00e9dita, la operaci\u00f3n interna que condujo a la elecci\u00f3n de Robert Francis Prevost<\/strong>, un papa casi desconocido llamado a dar continuidad al legado de Francisco.<\/p>\n\n\n\n<p>Intrigas, alianzas y equilibrios de poder marcaron cada movimiento:&nbsp;<strong>una estrategia calculada al detalle por el sector reformista para forjar un papado en la sombra<\/strong>. Una trama que trasciende los muros de la Ciudad Santa y muestra c\u00f3mo se tejen las redes de poder en el Vaticano.<\/p>\n\n\n\n<p><strong>\u00abSi se quiere reformar la Iglesia hay que conocer la realidad por m\u00e1s dura y dif\u00edcil que sea\u00bb<\/strong><\/p>\n\n\n\n<p><strong>PREGUNTA: Comienza el libro con una frase de&nbsp;<em>El Pr\u00edncipe,&nbsp;<\/em>de Maquiavelo: \u00abTodos ven aquello que pareces; pocos perciben aquello que eres\u00bb. \u00bfQu\u00e9 parece Le\u00f3n XIV y qu\u00e9 es?<\/strong><\/p>\n\n\n\n<p><strong>RESPUESTA<\/strong>: Su imagen tiene muchos elementos tradicionales, pero en el fondo es un aut\u00e9ntico reformista de la Iglesia y un continuista del legado del papa Francisco. Es un hombre que ama la Iglesia, no como un museo, sino como el legado hist\u00f3rico. Tiene una estrategia, pero sin duda su car\u00e1cter, su forma de ser imprime un car\u00e1cter muy especial a este pontificado.<\/p>\n\n\n\n<p><strong>P: La misma pregunta, pero para el Vaticano.<\/strong><\/p>\n\n\n\n<p><strong>R:<\/strong> El Vaticano es un juego de laberintos. Es fundamentalmente humano. A pesar de su obra, de su car\u00e1cter, de su misi\u00f3n divina, religiosa y doctrinal, est\u00e1 gobernado por humanos con todas sus virtudes y sus defectos. Es una instituci\u00f3n que lleva 2.000 a\u00f1os de historia y que es muy desconocida para el gran p\u00fablico en muchos aspectos. Hay muchas leyendas, manipulaciones y mentiras que se han contado sobre el Vaticano. Y hay mucha gente que me dice, \u00abt\u00fa parece que quieras destruir la Iglesia Cat\u00f3lica\u00bb, mi objetivo en absoluto es ese. Si se quiere reformar la Iglesia hay que conocer la realidad por m\u00e1s dura y dif\u00edcil que sea.<\/p>\n\n\n\n<p>En su libro, de hecho, relata un encuentro que el periodista mantuvo en oto\u00f1o de 2025 con el cardenal J. L. R -al leerlo entender\u00e1n por qu\u00e9 da solo sus iniciales-. Tras insistir a\u00f1os antes, fue el propio cardenal el que le convoc\u00f3 en un hotel X de Madrid. En aquel encuentro, m\u00e1s propio de una conspiraci\u00f3n que de un primer cara cara entre periodista y protagonista, el mensaje a Lozano fue claro: \u00abMe han advertido sobre usted. S\u00e9 que quiere destruir la Iglesia (&#8230;) Que Dios le perdone la vanidad. Y que Roma le cierre todas las puertas\u00bb.<\/p>\n\n\n\n<p>\u00abSoy una persona muy respetuosa hacia la gente de fe\u00bb, nos dice Lozano.&nbsp;<strong>\u00abConsidero que la fe es una cosa personal e \u00edntima de cada una de las personas; otra cosa son los representantes de esa fe que, repito, son humanos\u00bb<\/strong>, a\u00f1ade.<\/p>\n\n\n\n<p>Y as\u00ed, el libro explica la elecci\u00f3n&nbsp;<strong>Robert Francis Prevost<\/strong>, un papa capaz de unir las dos almas de la Iglesia: la tradicionalista y la reformista; y permite comprender&nbsp;<strong>un pontificado silencioso, con la discreci\u00f3n como bandera<\/strong>, pero condicionado por un contexto geopol\u00edtico especialmente complejo y el auge de los populismos autoritarios.<\/p>\n\n\n\n<p><strong>P: \u00bfPor qu\u00e9 tanto empe\u00f1o en acabar con el legado del papa Francisco?<\/strong><\/p>\n\n\n\n<p><strong>R:<\/strong>&nbsp;Porque lo han intentado durante 12 a\u00f1os. La irrupci\u00f3n de Francisco en el Vaticano supuso un antes y un despu\u00e9s en la historia de la Iglesia. Fue un papa que intent\u00f3 cambios radicales. Quiso acabar con ese clericalismo que \u00e9l siempre critic\u00f3 que, al fin y al cabo, es un abuso de poder que a veces se convierte en abusos sexuales. Todas estas cosas, estas inercias, estas din\u00e1micas que llevan siglos en el coraz\u00f3n de la Iglesia Cat\u00f3lica quiso modificarlas. Era una piedra en el zapato del proyecto neoliberal y neofascista en el cual estamos inmersos en el mundo. Tuvo enfrentamientos muy serios con la ultraderecha y tambi\u00e9n con los cardenales ultraconservadores que se conjuraron para intentar manipular el c\u00f3nclave de su sucesor. Esta guerra muchas veces sucia cargada de manipulaciones,<em>&nbsp;fake news<\/em>, descalificaciones como hereje o anticristo&#8230; Todo eso hizo mella en una parte importante del mundo cat\u00f3lico, y creyeron que pod\u00edan ganar la batalla del c\u00f3nclave para buscar a un personaje en las ant\u00edpodas de Francisco.<\/p>\n\n\n\n<p><strong>P: \u00bfY qu\u00e9 pas\u00f3 para que no pasara?<\/strong><\/p>\n\n\n\n<p><strong>R:<\/strong> &nbsp;Hicieron todo tipo de maniobras, pero fue un peque\u00f1o n\u00facleo m\u00e1s bien progresista (liderados por&nbsp;<em>Il Dottore<\/em>) el que se moviliz\u00f3 pr\u00e1cticamente unos meses antes de la muerte del papa Francisco para enfrentarse y aguar la campa\u00f1a de los ultraconservadores.<\/p>\n\n\n\n<p><strong>P: \u00bfConoc\u00eda Prevost la operaci\u00f3n?<\/strong><\/p>\n\n\n\n<p><strong>R:<\/strong> En absoluto. Le\u00f3n XIV se enter\u00f3 unos d\u00edas despu\u00e9s de su elecci\u00f3n. Se enter\u00f3 de que hubo un grupo de gente que hab\u00eda estado trabajando para conseguir que este cardenal fuese un cardenal de consenso. Todo el mundo piensa que su elecci\u00f3n f\u00e1cil y consensuada. Ni mucho menos. Fue una guerra muy soterrada; el enfrentamiento fue muy bestia.<\/p>\n\n\n\n<p><strong>P: \u00bfC\u00f3mo se le explica a un cat\u00f3lico todo esto que va en contra de lo que predica la propia Iglesia?<\/strong><\/p>\n\n\n\n<p><strong>R:<\/strong> &nbsp;Repito, la Iglesia es humana y como humana tiene una forma de actuar, no ahora, sino desde hace siglos. Ha habido papas muy trascendentales en la historia de la humanidad como lo fue Juan Pablo II, destruyendo el comunismo, primero en Polonia y despu\u00e9s haciendo que cayeran todas las cargas en el resto de Europa del Este. El papa Juan XXIII fue un papa hist\u00f3rico a nivel interno con la convocatoria del Concilio Vaticano II para transformar la Iglesia para convertirla en m\u00e1s sinodal. Y el papa Francisco jug\u00f3 su papel en las relaciones entre EEUU y Cuba o su papel en Colombia para que cayeran las armas de las guerrillas o en el Acuerdo de Par\u00eds. Un papa que abogaba por la justicia social, por los derechos de la gente, poniendo en el centro de la Iglesia a los m\u00e1s desfavorecidos. El papa de ahora sigue la misma l\u00ednea en un mundo muy convulso. El reto m\u00e1s importante en este momento para Le\u00f3n XIV es la IA, sin duda.<\/p>\n\n\n\n<p><strong>\u00abNo es un papa que vaya anunciar sus reformas a bombo y platillo porque sabe anunciarlas puede llevar a que no se hagan y esto causa frustraci\u00f3n y sospechas\u00bb<\/strong><\/p>\n\n\n\n<p><strong>P: En el libro dice que el papa es un estratega del alma y un jugador de ajedrez en el que mientras todos miran a la reina, \u00e9l ya ha movido el p\u00e9on al otro lado del tablero. \u00bfCu\u00e1les son esos peones?<\/strong><\/p>\n\n\n\n<p><strong>R:<\/strong> Sin duda, es un maestro del ajedrez. Cuando un pe\u00f3n se mueve, \u00e9l ya tiene calculadas tres jugadas por delante, tiene calculado hasta el jaque mate. Estos peones son implementar las reformas que el papa Francisco apunt\u00f3 y que por esta guerra sucia de 12 a\u00f1os no pudo hacer; y otras que estaban en marcha como seguir transformando la Iglesia con tres objetivos: seguir los principios del Evangelio, recuperar lo que ya se aprob\u00f3 en el Concilio Vaticano II, una Iglesia m\u00e1s sinodal, m\u00e1s abierta, m\u00e1s democr\u00e1tica, e intentar situar una instituci\u00f3n anacr\u00f3nica en el siglo XXI.<\/p>\n\n\n\n<p><strong>P: De hecho, habla del Gobierno colegiado. \u00bfQu\u00e9 es eso?<\/strong><\/p>\n\n\n\n<p><strong>R:<\/strong> El Gobierno no hace sino seguir la estela del papa Francisco que cre\u00f3 con el proceso sinodal que est\u00e1 viviendo la Iglesia. El proceso sinodal no es otra cosa que la escucha que hace la instituci\u00f3n del mundo cat\u00f3lico, del mundo global, de la Iglesia universal. Le\u00f3n XIV quiere un gobierno colegiado que le ayude a gobernar el barco de San Pedro. Un papa que apuesta por mujeres en puestos de responsabilidad, tambi\u00e9n laicos, hombres y mujeres. \u00c9l mantendr\u00e1 siempre la \u00faltima palabra, pero desea que sus reformas sean reformas que tengan un m\u00ednimo de consenso y puestas en com\u00fan. Pero, ojo, no es un papa que vaya anunciar sus reformas a bombo y platillo porque sabe anunciarlas puede llevar a que no se hagan y esto causa frustraci\u00f3n y sospechas. \u00c9l intenta seguir luchando contra el gran c\u00e1ncer, los abusos sexuales y los grav\u00edsimos temas econ\u00f3micos de la banca vaticana. Es decir, tender puentes.<\/p>\n\n\n\n<p><strong>P: \u00bfY c\u00f3mo va a tender puentes con Donald Trump?<\/strong><\/p>\n\n\n\n<p><strong>R:<\/strong> Es realmente dif\u00edcil. Un a\u00f1o despu\u00e9s de subir al trono de San Pedro ha optado por una estrategia muy clara: ha condenado el genocidio contra el pueblo palestino, los ataques a Gaza, el atentado de Ham\u00e1s que dio pie a esta represi\u00f3n y a esta salvajada. \u00c9l ha criticado el asalto a la soberan\u00eda de Venezuela o la falta de di\u00e1logo en la guerra de Ucrania. Ahora bien, nunca ha hablado de Netanyahu, ni de Putin, ni de Donald Trump porque sabe que cuando se ataca o se pone en contra de un personaje se produce una violencia verbal y una tensi\u00f3n que hace imposible hablar de los hechos. Ahora, el \u00faltimo tuit de Trump con una imagen de \u00e9l como si fuera Jesucristo ha sido un punto de inflexi\u00f3n. S\u00e9 que probablemente anular\u00e1 cualquier perspectiva de viaje a EEUU mientras se mantenga la Administraci\u00f3n Trump.<\/p>\n\n\n\n<figure class=\"wp-block-image size-large\"><img decoding=\"async\" width=\"1024\" height=\"727\" src=\"https:\/\/losperiodistas.com.mx\/portal\/wp-content\/uploads\/2026\/04\/17772871233117-1024x727.webp\" alt=\"\" class=\"wp-image-121279\" srcset=\"https:\/\/losperiodistas.com.mx\/portal\/wp-content\/uploads\/2026\/04\/17772871233117-1024x727.webp 1024w, https:\/\/losperiodistas.com.mx\/portal\/wp-content\/uploads\/2026\/04\/17772871233117-300x213.webp 300w, https:\/\/losperiodistas.com.mx\/portal\/wp-content\/uploads\/2026\/04\/17772871233117-768x545.webp 768w, https:\/\/losperiodistas.com.mx\/portal\/wp-content\/uploads\/2026\/04\/17772871233117.webp 1220w\" sizes=\"(max-width: 1024px) 100vw, 1024px\" \/><figcaption class=\"wp-element-caption\">El papa Le\u00f3n XIV.<\/figcaption><\/figure>\n\n\n\n<p><strong>P: \u00abLa elecci\u00f3n del Prevost ha sido guiada por el Esp\u00edritu, pero tambi\u00e9n por la necesidad de coser heridas\u00bb, dijo el cardenal Omella. \u00bfSangran mucho esas heridas?<\/strong><\/p>\n\n\n\n<p><strong>R:<\/strong> Sangran y seguir\u00e1n sangrando. Ten en cuenta que, aunque Prevos super\u00f3 el centenar de votos a favor en el c\u00f3nclave, qued\u00f3 una treintena de cardenales, del grupo m\u00e1s radical, que fueron derrotados. Es un grupo peque\u00f1o, s\u00ed, pero con un poder extraordinario. Esta gente domina absolutamente el relato que existe hoy sobre la Iglesia Cat\u00f3lica en el mundo. \u00bfC\u00f3mo lo hace? A trav\u00e9s de las grandes tecnol\u00f3gicas que est\u00e1n en sus manos, a trav\u00e9s de los grandes&nbsp;<em>holdings<\/em>&nbsp;de comunicaci\u00f3n que controlan a trav\u00e9s de sus redes sociales, a trav\u00e9s de la IA. El papa es consciente de que este grupo ya est\u00e1 en marcha de nuevo para grandes campa\u00f1as y montajes contra \u00e9l. Pero el peque\u00f1o grupo que logr\u00f3 situar a Prevost como papa est\u00e1 trabajando en estos momentos para desenmascarar estas campa\u00f1as.<\/p>\n\n\n\n<p><strong>P: \u00bfCu\u00e1les son los mayores peligros que tiene Le\u00f3n XIV a su alrededor?<\/strong><\/p>\n\n\n\n<p><strong>R:<\/strong> Internamente, la burocracia vaticana que impide que se puedan acelerar las cosas. Externamente, los l\u00edderes de opini\u00f3n a nivel internacional que a trav\u00e9s de las redes sociales van difundiendo&nbsp;<em>fake news<\/em>&nbsp;y mensajes absolutamente ultraconservadores en contra de la mujer, de los inmigrantes, de la homosexualidad. Y a nivel de geopol\u00edtica, la batalla de Le\u00f3n XIV es imponer cordura en un mundo que ha perdido las referencias de lo que ha sido hasta ahora.<\/p>\n\n\n\n<p><strong>P: \u00bfEs Le\u00f3n XI el papa m\u00e1s desconocido?<\/strong><\/p>\n\n\n\n<p><strong>R:<\/strong> Venimos de un papa locuaz, de un papa argentino, obviamente, con todo lo que ello significaba. Con una personalidad, digamos, muy medi\u00e1tica. Un papa que abr\u00eda la boca y daba 12 titulares a los medios de comunicaci\u00f3n. Este papa es m\u00e1s reflexivo, dice exactamente lo mismo que dec\u00eda Francisco, pero lo hace de otra manera. \u00c9l considera que la discreci\u00f3n es un elemento clave para poder trabajar en silencio. Es el papa del silencio y por tanto es el gran desconocido. Hay gente que me dice \u00abperdona, \u00bfc\u00f3mo se llama el Papa?\u00bb. Hay gente que ignora c\u00f3mo se llama el papa. Esto quiere decir algo, algo importante, que es un personaje que no figura. No solo es estrategia, tambi\u00e9n es car\u00e1cter, es su manera de ser.<\/p>\n\n\n\n<p>Fuente: <a href=\"https:\/\/www.elmundo.es\/cultura\/literatura\/2026\/04\/27\/69ef43b7fdddff39298b458d.html\">https:\/\/www.elmundo.es\/cultura\/literatura\/2026\/04\/27\/69ef43b7fdddff39298b458d.html<\/a><\/p>\n","protected":false},"excerpt":{"rendered":"<p>Vicens Lozano el \u00fanico vaticanista que antes de cerrarse las puertas de la Capilla Sixtina acert\u00f3 con el nombre del [&hellip;]<\/p>\n","protected":false},"author":1,"featured_media":121276,"comment_status":"open","ping_status":"open","sticky":false,"template":"","format":"standard","meta":{"site-sidebar-layout":"default","site-content-layout":"","ast-site-content-layout":"default","site-content-style":"default","site-sidebar-style":"default","ast-global-header-display":"","ast-banner-title-visibility":"","ast-main-header-display":"","ast-hfb-above-header-display":"","ast-hfb-below-header-display":"","ast-hfb-mobile-header-display":"","site-post-title":"","ast-breadcrumbs-content":"","ast-featured-img":"","footer-sml-layout":"","theme-transparent-header-meta":"","adv-header-id-meta":"","stick-header-meta":"","header-above-stick-meta":"","header-main-stick-meta":"","header-below-stick-meta":"","astra-migrate-meta-layouts":"default","ast-page-background-enabled":"default","ast-page-background-meta":{"desktop":{"background-color":"var(--ast-global-color-4)","background-image":"","background-repeat":"repeat","background-position":"center center","background-size":"auto","background-attachment":"scroll","background-type":"","background-media":"","overlay-type":"","overlay-color":"","overlay-opacity":"","overlay-gradient":""},"tablet":{"background-color":"","background-image":"","background-repeat":"repeat","background-position":"center center","background-size":"auto","background-attachment":"scroll","background-type":"","background-media":"","overlay-type":"","overlay-color":"","overlay-opacity":"","overlay-gradient":""},"mobile":{"background-color":"","background-image":"","background-repeat":"repeat","background-position":"center center","background-size":"auto","background-attachment":"scroll","background-type":"","background-media":"","overlay-type":"","overlay-color":"","overlay-opacity":"","overlay-gradient":""}},"ast-content-background-meta":{"desktop":{"background-color":"var(--ast-global-color-5)","background-image":"","background-repeat":"repeat","background-position":"center center","background-size":"auto","background-attachment":"scroll","background-type":"","background-media":"","overlay-type":"","overlay-color":"","overlay-opacity":"","overlay-gradient":""},"tablet":{"background-color":"var(--ast-global-color-5)","background-image":"","background-repeat":"repeat","background-position":"center center","background-size":"auto","background-attachment":"scroll","background-type":"","background-media":"","overlay-type":"","overlay-color":"","overlay-opacity":"","overlay-gradient":""},"mobile":{"background-color":"var(--ast-global-color-5)","background-image":"","background-repeat":"repeat","background-position":"center center","background-size":"auto","background-attachment":"scroll","background-type":"","background-media":"","overlay-type":"","overlay-color":"","overlay-opacity":"","overlay-gradient":""}},"footnotes":""},"categories":[8],"tags":[48649,48650,48648],"class_list":["post-121275","post","type-post","status-publish","format-standard","has-post-thumbnail","hentry","category-noticias","tag-guerras-en-e-vaticano","tag-libro-leon-xiv-sombras-bajo-la-cupula","tag-vaticanista-vicens-lozano"],"_links":{"self":[{"href":"https:\/\/losperiodistas.com.mx\/portal\/wp-json\/wp\/v2\/posts\/121275","targetHints":{"allow":["GET"]}}],"collection":[{"href":"https:\/\/losperiodistas.com.mx\/portal\/wp-json\/wp\/v2\/posts"}],"about":[{"href":"https:\/\/losperiodistas.com.mx\/portal\/wp-json\/wp\/v2\/types\/post"}],"author":[{"embeddable":true,"href":"https:\/\/losperiodistas.com.mx\/portal\/wp-json\/wp\/v2\/users\/1"}],"replies":[{"embeddable":true,"href":"https:\/\/losperiodistas.com.mx\/portal\/wp-json\/wp\/v2\/comments?post=121275"}],"version-history":[{"count":1,"href":"https:\/\/losperiodistas.com.mx\/portal\/wp-json\/wp\/v2\/posts\/121275\/revisions"}],"predecessor-version":[{"id":121280,"href":"https:\/\/losperiodistas.com.mx\/portal\/wp-json\/wp\/v2\/posts\/121275\/revisions\/121280"}],"wp:featuredmedia":[{"embeddable":true,"href":"https:\/\/losperiodistas.com.mx\/portal\/wp-json\/wp\/v2\/media\/121276"}],"wp:attachment":[{"href":"https:\/\/losperiodistas.com.mx\/portal\/wp-json\/wp\/v2\/media?parent=121275"}],"wp:term":[{"taxonomy":"category","embeddable":true,"href":"https:\/\/losperiodistas.com.mx\/portal\/wp-json\/wp\/v2\/categories?post=121275"},{"taxonomy":"post_tag","embeddable":true,"href":"https:\/\/losperiodistas.com.mx\/portal\/wp-json\/wp\/v2\/tags?post=121275"}],"curies":[{"name":"wp","href":"https:\/\/api.w.org\/{rel}","templated":true}]}}