{"id":121268,"date":"2026-04-28T05:43:24","date_gmt":"2026-04-28T11:43:24","guid":{"rendered":"https:\/\/losperiodistas.com.mx\/portal\/?p=121268"},"modified":"2026-04-28T05:43:26","modified_gmt":"2026-04-28T11:43:26","slug":"muere-edith-eger-a-los-98-anos-autora-de-la-bailarina-de-auschwitz-y-superviviente-del-holocausto-3n","status":"publish","type":"post","link":"https:\/\/losperiodistas.com.mx\/portal\/muere-edith-eger-a-los-98-anos-autora-de-la-bailarina-de-auschwitz-y-superviviente-del-holocausto-3n\/","title":{"rendered":"Muere Edith Eger a los 98 a\u00f1os, autora de &#8216;La bailarina de Auschwitz&#8217; y superviviente del Holocausto | 3N"},"content":{"rendered":"\n<p class=\"has-pale-cyan-blue-background-color has-background has-medium-font-size\">Fue profesora en la Universidad de California, tuvo su propia cl\u00ednica en La Jolla y a los 16 a\u00f1os fue deportada al campo de concentraci\u00f3n, teniendo que emigrar a Checoslovaquia con la ca\u00edda de los nazis.<\/p>\n\n\n\n<figure class=\"wp-block-image size-large\"><img fetchpriority=\"high\" decoding=\"async\" width=\"1024\" height=\"576\" src=\"https:\/\/losperiodistas.com.mx\/portal\/wp-content\/uploads\/2026\/04\/muere-edith-eger-98-anos-autora-bailarina-auschwitz-superviviente-holocausto_98-1024x576.jpeg\" alt=\"\" class=\"wp-image-121269\" title=\"Muere Edith Eger a los 98 a&ntilde;os, autora de 'La bailarina de Auschwitz' y superviviente del Holocausto\" srcset=\"https:\/\/losperiodistas.com.mx\/portal\/wp-content\/uploads\/2026\/04\/muere-edith-eger-98-anos-autora-bailarina-auschwitz-superviviente-holocausto_98-1024x576.jpeg 1024w, https:\/\/losperiodistas.com.mx\/portal\/wp-content\/uploads\/2026\/04\/muere-edith-eger-98-anos-autora-bailarina-auschwitz-superviviente-holocausto_98-300x169.jpeg 300w, https:\/\/losperiodistas.com.mx\/portal\/wp-content\/uploads\/2026\/04\/muere-edith-eger-98-anos-autora-bailarina-auschwitz-superviviente-holocausto_98-768x432.jpeg 768w, https:\/\/losperiodistas.com.mx\/portal\/wp-content\/uploads\/2026\/04\/muere-edith-eger-98-anos-autora-bailarina-auschwitz-superviviente-holocausto_98-1536x864.jpeg 1536w, https:\/\/losperiodistas.com.mx\/portal\/wp-content\/uploads\/2026\/04\/muere-edith-eger-98-anos-autora-bailarina-auschwitz-superviviente-holocausto_98.jpeg 1900w\" sizes=\"(max-width: 1024px) 100vw, 1024px\" \/><\/figure>\n\n\n\n<p>Muere Edith Eger a los 98 a\u00f1os, autora de &#8216;La bailarina de Auschwitz&#8217; y superviviente del Holocausto | Europa Press<\/p>\n\n\n\n<p class=\"has-vivid-red-color has-text-color has-link-color has-medium-font-size wp-elements-2cd66cf7b8e7e721cf5f0950cf575a88\"><strong>Manuel Pinardo \/ 3N<\/strong><\/p>\n\n\n\n<p><strong>Edith Eger,<\/strong><strong>superviviente<\/strong>&nbsp;del&nbsp;<strong>Holocausto<\/strong>, psic\u00f3loga y autora del bestseller&nbsp;<strong>&#8216;La bailarina de Auschwitz&#8217;<\/strong>,&nbsp;<strong>ha muerto&nbsp;<\/strong>este lunes 27 de abril a los 98 a\u00f1os, seg\u00fan ha informado su editorial en Espa\u00f1a, Planeta.<\/p>\n\n\n\n<p>De nacionalidad h\u00fangara,&nbsp;<strong>Eger fue deportada con 16 a\u00f1os al campo de concentraci\u00f3n de Auschwitz en 1944<\/strong>. Dicha experiencia la cont\u00f3 d\u00e9cadas despu\u00e9s en una obra que cuenta con m\u00e1s de&nbsp;<strong>un mill\u00f3n de lectores&nbsp;<\/strong>en todo el mundo y m\u00e1s de 500.000 ejemplares vendidos en castellano.<\/p>\n\n\n\n<h2 class=\"wp-block-heading\">Historia de resistencia<\/h2>\n\n\n\n<p>La autora relat\u00f3 en &#8216;La bailarina de Auschwitz&#8217; su historia de resistencia, esperanza y sanaci\u00f3n, en la que narra como fue deportada con tan solo 16 a\u00f1os al campo de concentraci\u00f3n de Auschwitz,&nbsp;<strong>perdi\u00f3 a sus padres y sobrevivi\u00f3 gracias a sus habilidades como bailarina.<\/strong><\/p>\n\n\n\n<p>El<strong>&nbsp;ballet fue el billete<\/strong>&nbsp;de salvaci\u00f3n de Eger, ya que&nbsp;<strong>Joseph Mengele, el s\u00e1dico m\u00e9dico encargado de seleccionar qui\u00e9n viv\u00eda en Auschwitz, ped\u00eda encuentros con ella para que bailara para \u00e9l.<\/strong><\/p>\n\n\n\n<p>Fue capaz de enfrentarse al horror \u00ab<strong>sin perder su capacidad de amar, imaginar y resistir<\/strong>\u00ab, a\u00f1ade la nota. \u00ab<strong>La mejor venganza contra Hitler es que mi libro se haya traducido al alem\u00e1n y se est\u00e9 vendiendo en Fr\u00e1ncfort<\/strong>\u00ab, se\u00f1al\u00f3 en una entrevista en 2018.<\/p>\n\n\n\n<h2 class=\"wp-block-heading\">Estadounidenses la rescataron<\/h2>\n\n\n\n<p>Despu\u00e9s de Auschwitz, pas\u00f3 por el campo de concentraci\u00f3n de Mauthausen para continuar hasta Gunskirchen, Austria, donde,<strong>&nbsp;con la espalda rota, moribunda y rodeada de cad\u00e1veres<\/strong>&nbsp;consigui\u00f3 llamar la atenci\u00f3n de los soldados estadounidenses que le<strong>&nbsp;rescataron a ella y su hermana<\/strong>&nbsp;en 1945.<\/p>\n\n\n\n<p>La superviviente pidi\u00f3 a las nuevas generaciones que cuestionaran la autoridad: \u00ab<strong>Tienes que cuestionar la autoridad antes de aceptar ciegamente las cosas, porque de otra forma se acabar\u00eda con la democracia\u00bb<\/strong>.<\/p>\n\n\n\n<p>\u00abCon la desaparici\u00f3n de Edith Eger, perdemos una voz \u00fanica, pero su mensaje seguir\u00e1 vivo en sus p\u00e1ginas y en los cientos de miles de lectores que han encontrado en&nbsp;<strong>su historia una fuente de inspiraci\u00f3n<\/strong>\u00ab, ha expresado su editorial en un comunicado.<\/p>\n\n\n\n<h2 class=\"wp-block-heading\">Superviviente y luchadora<\/h2>\n\n\n\n<p>Eger<strong>&nbsp;sobrevivi\u00f3 a Auschwitz y huy\u00f3 a Checoslovaquia<\/strong>&nbsp;para acabar finalmente en&nbsp;<strong>Estados Unidos<\/strong>. All\u00ed se&nbsp;<strong>doctor\u00f3 en Psicolog\u00eda<\/strong>&nbsp;y conoci\u00f3 a su mentor,&nbsp;<strong>Viktor Frankl<\/strong>, quien le mostr\u00f3 la necesidad de superar su trauma para alcanzar la felicidad.<\/p>\n\n\n\n<p>A lo largo de su carrera, fue profesora en la&nbsp;<strong>Universidad de California<\/strong>&nbsp;y<strong>&nbsp;tuvo su propia cl\u00ednica en La Jolla. Junto a &#8216;La bailarina de Auschwitz&#8217;, public\u00f3 &#8216;En Auschwitz no hab\u00eda Prozac&#8217;<\/strong>, que tambi\u00e9n se convirti\u00f3 en bestseller.<\/p>\n\n\n\n<p>Fuente: <a href=\"https:\/\/www.antena3.com\/noticias\/cultura\/muere-edith-eger-98-anos-autora-bailarina-auschwitz-superviviente-holocausto_2026042869f098b51ba3656059a11a5c.html\">https:\/\/www.antena3.com\/noticias\/cultura\/muere-edith-eger-98-anos-autora-bailarina-auschwitz-superviviente-holocausto_2026042869f098b51ba3656059a11a5c.html<\/a><\/p>\n","protected":false},"excerpt":{"rendered":"<p>Fue profesora en la Universidad de California, tuvo su propia cl\u00ednica en La Jolla y a los 16 a\u00f1os fue [&hellip;]<\/p>\n","protected":false},"author":1,"featured_media":121269,"comment_status":"open","ping_status":"open","sticky":false,"template":"","format":"standard","meta":{"site-sidebar-layout":"default","site-content-layout":"","ast-site-content-layout":"default","site-content-style":"default","site-sidebar-style":"default","ast-global-header-display":"","ast-banner-title-visibility":"","ast-main-header-display":"","ast-hfb-above-header-display":"","ast-hfb-below-header-display":"","ast-hfb-mobile-header-display":"","site-post-title":"","ast-breadcrumbs-content":"","ast-featured-img":"","footer-sml-layout":"","theme-transparent-header-meta":"","adv-header-id-meta":"","stick-header-meta":"","header-above-stick-meta":"","header-main-stick-meta":"","header-below-stick-meta":"","astra-migrate-meta-layouts":"default","ast-page-background-enabled":"default","ast-page-background-meta":{"desktop":{"background-color":"var(--ast-global-color-4)","background-image":"","background-repeat":"repeat","background-position":"center center","background-size":"auto","background-attachment":"scroll","background-type":"","background-media":"","overlay-type":"","overlay-color":"","overlay-opacity":"","overlay-gradient":""},"tablet":{"background-color":"","background-image":"","background-repeat":"repeat","background-position":"center center","background-size":"auto","background-attachment":"scroll","background-type":"","background-media":"","overlay-type":"","overlay-color":"","overlay-opacity":"","overlay-gradient":""},"mobile":{"background-color":"","background-image":"","background-repeat":"repeat","background-position":"center center","background-size":"auto","background-attachment":"scroll","background-type":"","background-media":"","overlay-type":"","overlay-color":"","overlay-opacity":"","overlay-gradient":""}},"ast-content-background-meta":{"desktop":{"background-color":"var(--ast-global-color-5)","background-image":"","background-repeat":"repeat","background-position":"center center","background-size":"auto","background-attachment":"scroll","background-type":"","background-media":"","overlay-type":"","overlay-color":"","overlay-opacity":"","overlay-gradient":""},"tablet":{"background-color":"var(--ast-global-color-5)","background-image":"","background-repeat":"repeat","background-position":"center center","background-size":"auto","background-attachment":"scroll","background-type":"","background-media":"","overlay-type":"","overlay-color":"","overlay-opacity":"","overlay-gradient":""},"mobile":{"background-color":"var(--ast-global-color-5)","background-image":"","background-repeat":"repeat","background-position":"center center","background-size":"auto","background-attachment":"scroll","background-type":"","background-media":"","overlay-type":"","overlay-color":"","overlay-opacity":"","overlay-gradient":""}},"footnotes":""},"categories":[8],"tags":[48647,48646,48645,3971],"class_list":["post-121268","post","type-post","status-publish","format-standard","has-post-thumbnail","hentry","category-noticias","tag-en-auschwitz-no-habia-prozac","tag-la-bailarina-de-auschwitz","tag-edith-eger","tag-holocausto"],"_links":{"self":[{"href":"https:\/\/losperiodistas.com.mx\/portal\/wp-json\/wp\/v2\/posts\/121268","targetHints":{"allow":["GET"]}}],"collection":[{"href":"https:\/\/losperiodistas.com.mx\/portal\/wp-json\/wp\/v2\/posts"}],"about":[{"href":"https:\/\/losperiodistas.com.mx\/portal\/wp-json\/wp\/v2\/types\/post"}],"author":[{"embeddable":true,"href":"https:\/\/losperiodistas.com.mx\/portal\/wp-json\/wp\/v2\/users\/1"}],"replies":[{"embeddable":true,"href":"https:\/\/losperiodistas.com.mx\/portal\/wp-json\/wp\/v2\/comments?post=121268"}],"version-history":[{"count":1,"href":"https:\/\/losperiodistas.com.mx\/portal\/wp-json\/wp\/v2\/posts\/121268\/revisions"}],"predecessor-version":[{"id":121270,"href":"https:\/\/losperiodistas.com.mx\/portal\/wp-json\/wp\/v2\/posts\/121268\/revisions\/121270"}],"wp:featuredmedia":[{"embeddable":true,"href":"https:\/\/losperiodistas.com.mx\/portal\/wp-json\/wp\/v2\/media\/121269"}],"wp:attachment":[{"href":"https:\/\/losperiodistas.com.mx\/portal\/wp-json\/wp\/v2\/media?parent=121268"}],"wp:term":[{"taxonomy":"category","embeddable":true,"href":"https:\/\/losperiodistas.com.mx\/portal\/wp-json\/wp\/v2\/categories?post=121268"},{"taxonomy":"post_tag","embeddable":true,"href":"https:\/\/losperiodistas.com.mx\/portal\/wp-json\/wp\/v2\/tags?post=121268"}],"curies":[{"name":"wp","href":"https:\/\/api.w.org\/{rel}","templated":true}]}}