{"id":121254,"date":"2026-04-28T04:42:35","date_gmt":"2026-04-28T10:42:35","guid":{"rendered":"https:\/\/losperiodistas.com.mx\/portal\/?p=121254"},"modified":"2026-04-28T04:42:37","modified_gmt":"2026-04-28T10:42:37","slug":"morena-tabasco-abre-la-puerta-a-andy-lopez-beltran-si-busca-candidatura-local-proceso","status":"publish","type":"post","link":"https:\/\/losperiodistas.com.mx\/portal\/morena-tabasco-abre-la-puerta-a-andy-lopez-beltran-si-busca-candidatura-local-proceso\/","title":{"rendered":"Morena Tabasco abre la puerta a \u201cAndy\u201d L\u00f3pez Beltr\u00e1n si busca candidatura local | Proceso"},"content":{"rendered":"\n<p class=\"has-light-green-cyan-background-color has-background has-medium-font-size\"><strong>De concretarse,&nbsp;\u201cAndy\u201d&nbsp;ser\u00eda recibido en Morena Tabasco \u201ccomo todos los que buscan un cargo\u201d, siempre y cuando se someta a las normas partidistas, seg\u00fan el dirigente de Morena en Tabasco, Jes\u00fas&nbsp;Selv\u00e1n.<\/strong><\/p>\n\n\n\n<p><\/p>\n\n\n\n<figure class=\"wp-block-image\"><a href=\"https:\/\/www.proceso.com.mx\/u\/fotografias\/m\/2026\/4\/27\/f1280x720-246789_378464_5050.jpg\"><img decoding=\"async\" src=\"https:\/\/www.proceso.com.mx\/u\/fotografias\/m\/2026\/4\/27\/f685x385-246789_284482_5050.jpg\" alt=\"Morena Tabasco abre la puerta a \u201cAndy\u201d L\u00f3pez Beltr\u00e1n si busca candidatura local\"\/><\/a><figcaption class=\"wp-element-caption\">Andr\u00e9s Manuel L\u00f3pez Beltr\u00e1n. Foto: Miguel Dimayuga<\/figcaption><\/figure>\n\n\n\n<p><\/p>\n\n\n\n<p class=\"has-medium-font-size\"><strong><a href=\"https:\/\/www.proceso.com.mx\/autor\/rodulfo-reyes.html\">Por\u00a0Rodulfo Reyes<\/a> \/ Proceso<\/strong><\/p>\n\n\n\n<p><\/p>\n\n\n\n<p>VILLAHERMOSA,&nbsp;Tab., (apro).-&nbsp;El dirigente de Morena en Tabasco, Jes\u00fas&nbsp;Selv\u00e1n, afirm\u00f3&nbsp;que&nbsp;si Andr\u00e9s Manuel L\u00f3pez Beltr\u00e1n decidiera buscar un cargo de elecci\u00f3n popular en la entidad, ser\u00eda bienvenido, aunque tendr\u00eda que sujetarse a las reglas internas del partido, como someterse al sondeo y a la encuesta para definir candidaturas.&nbsp;<\/p>\n\n\n\n<p>En rueda de prensa,&nbsp;Selv\u00e1n&nbsp;calific\u00f3 al hijo del&nbsp;expresidente&nbsp;Andr\u00e9s Manuel L\u00f3pez Obrador como \u201cun gran activo\u201d del movimiento, y sostuvo que en Tabasco existe un amplio respaldo al&nbsp;lopezobradorismo.&nbsp;<\/p>\n\n\n\n<p class=\"has-ast-global-color-4-background-color has-background\"><strong>Noticias Relacionadas<\/strong><\/p>\n\n\n\n<ul class=\"wp-block-list\">\n<li><a href=\"https:\/\/www.proceso.com.mx\/nacional\/2026\/1\/20\/sheinbaum-confirma-reunion-con-luisa-maria-alcalde-andy-lopez-bletran-los-invite-los-salude-366860.html\">Sheinbaum confirma reuni\u00f3n con Luisa Mar\u00eda Alcalde y Andy L\u00f3pez Bletr\u00e1n: \u00abLos invit\u00e9 y los salud\u00e9\u00bb<\/a><\/li>\n\n\n\n<li><a href=\"https:\/\/www.proceso.com.mx\/nacional\/2025\/11\/21\/de-andy-lopez-beltran-alito-moreno-asi-han-celebrado-los-politicos-el-triunfo-de-fatima-bosch-363227.html\">De \u201cAndy\u201d L\u00f3pez Beltr\u00e1n a \u201cAlito\u201d Moreno: As\u00ed han celebrado los pol\u00edticos el triunfo de F\u00e1tima Bosch<\/a><\/li>\n\n\n\n<li><a href=\"https:\/\/www.proceso.com.mx\/nacional\/politica\/2025\/10\/19\/andy-lopez-beltran-vuelve-actividades-partidistas-tras-polemica-por-viaje-japon-361106.html\">\u201cAndy\u201d L\u00f3pez Beltr\u00e1n vuelve a actividades partidistas tras pol\u00e9mica por viaje a Jap\u00f3n<\/a><\/li>\n<\/ul>\n\n\n\n<p>\u201cM\u00e1s del 98% de los morenistas en Tabasco son&nbsp;lopezobradoristas\u201d, expres\u00f3 el dirigente, al se\u00f1alar que por esa afinidad no habr\u00eda rechazo a una eventual aspiraci\u00f3n electoral del tambi\u00e9n secretario de Organizaci\u00f3n del Comit\u00e9 Ejecutivo Nacional de Morena.&nbsp;<\/p>\n\n\n\n<p>Selv\u00e1n&nbsp;asegur\u00f3 que no existe impedimento para que&nbsp;\u00abAndy\u201d&nbsp;busque contender en su \u201cterru\u00f1o\u201d, aunque insisti\u00f3 en que tendr\u00eda que pasar por el mismo procedimiento que cualquier otro aspirante.&nbsp;<\/p>\n\n\n\n<p>Dijo que, hasta el momento, no tiene conocimiento de que L\u00f3pez Beltr\u00e1n pretenda competir por un cargo en Tabasco, y atribuy\u00f3 las versiones a rumores.&nbsp;<\/p>\n\n\n\n<p>Sin embargo, reiter\u00f3 que, de concretarse,&nbsp;\u201cAndy\u201d&nbsp;ser\u00eda recibido en Morena Tabasco \u201ccomo todos los que buscan un cargo\u201d, siempre y cuando se someta a las normas partidistas.&nbsp;&nbsp;<\/p>\n\n\n\n<p>Fuente: <a href=\"https:\/\/www.proceso.com.mx\/nacional\/estados\/2026\/4\/27\/morena-tabasco-abre-la-puerta-andy-lopez-beltran-si-busca-candidatura-local-373000.html\">https:\/\/www.proceso.com.mx\/nacional\/estados\/2026\/4\/27\/morena-tabasco-abre-la-puerta-andy-lopez-beltran-si-busca-candidatura-local-373000.html<\/a><\/p>\n","protected":false},"excerpt":{"rendered":"<p>De concretarse,&nbsp;\u201cAndy\u201d&nbsp;ser\u00eda recibido en Morena Tabasco \u201ccomo todos los que buscan un cargo\u201d, siempre y cuando se someta a las [&hellip;]<\/p>\n","protected":false},"author":1,"featured_media":121255,"comment_status":"open","ping_status":"open","sticky":false,"template":"","format":"standard","meta":{"site-sidebar-layout":"default","site-content-layout":"","ast-site-content-layout":"default","site-content-style":"default","site-sidebar-style":"default","ast-global-header-display":"","ast-banner-title-visibility":"","ast-main-header-display":"","ast-hfb-above-header-display":"","ast-hfb-below-header-display":"","ast-hfb-mobile-header-display":"","site-post-title":"","ast-breadcrumbs-content":"","ast-featured-img":"","footer-sml-layout":"","theme-transparent-header-meta":"","adv-header-id-meta":"","stick-header-meta":"","header-above-stick-meta":"","header-main-stick-meta":"","header-below-stick-meta":"","astra-migrate-meta-layouts":"default","ast-page-background-enabled":"default","ast-page-background-meta":{"desktop":{"background-color":"var(--ast-global-color-4)","background-image":"","background-repeat":"repeat","background-position":"center center","background-size":"auto","background-attachment":"scroll","background-type":"","background-media":"","overlay-type":"","overlay-color":"","overlay-opacity":"","overlay-gradient":""},"tablet":{"background-color":"","background-image":"","background-repeat":"repeat","background-position":"center center","background-size":"auto","background-attachment":"scroll","background-type":"","background-media":"","overlay-type":"","overlay-color":"","overlay-opacity":"","overlay-gradient":""},"mobile":{"background-color":"","background-image":"","background-repeat":"repeat","background-position":"center center","background-size":"auto","background-attachment":"scroll","background-type":"","background-media":"","overlay-type":"","overlay-color":"","overlay-opacity":"","overlay-gradient":""}},"ast-content-background-meta":{"desktop":{"background-color":"var(--ast-global-color-5)","background-image":"","background-repeat":"repeat","background-position":"center center","background-size":"auto","background-attachment":"scroll","background-type":"","background-media":"","overlay-type":"","overlay-color":"","overlay-opacity":"","overlay-gradient":""},"tablet":{"background-color":"var(--ast-global-color-5)","background-image":"","background-repeat":"repeat","background-position":"center center","background-size":"auto","background-attachment":"scroll","background-type":"","background-media":"","overlay-type":"","overlay-color":"","overlay-opacity":"","overlay-gradient":""},"mobile":{"background-color":"var(--ast-global-color-5)","background-image":"","background-repeat":"repeat","background-position":"center center","background-size":"auto","background-attachment":"scroll","background-type":"","background-media":"","overlay-type":"","overlay-color":"","overlay-opacity":"","overlay-gradient":""}},"footnotes":""},"categories":[8],"tags":[29829,48636,48637],"class_list":["post-121254","post","type-post","status-publish","format-standard","has-post-thumbnail","hentry","category-noticias","tag-andy-lopez-beltran","tag-candidatos-tabasco","tag-morena-tabasco"],"_links":{"self":[{"href":"https:\/\/losperiodistas.com.mx\/portal\/wp-json\/wp\/v2\/posts\/121254","targetHints":{"allow":["GET"]}}],"collection":[{"href":"https:\/\/losperiodistas.com.mx\/portal\/wp-json\/wp\/v2\/posts"}],"about":[{"href":"https:\/\/losperiodistas.com.mx\/portal\/wp-json\/wp\/v2\/types\/post"}],"author":[{"embeddable":true,"href":"https:\/\/losperiodistas.com.mx\/portal\/wp-json\/wp\/v2\/users\/1"}],"replies":[{"embeddable":true,"href":"https:\/\/losperiodistas.com.mx\/portal\/wp-json\/wp\/v2\/comments?post=121254"}],"version-history":[{"count":1,"href":"https:\/\/losperiodistas.com.mx\/portal\/wp-json\/wp\/v2\/posts\/121254\/revisions"}],"predecessor-version":[{"id":121256,"href":"https:\/\/losperiodistas.com.mx\/portal\/wp-json\/wp\/v2\/posts\/121254\/revisions\/121256"}],"wp:featuredmedia":[{"embeddable":true,"href":"https:\/\/losperiodistas.com.mx\/portal\/wp-json\/wp\/v2\/media\/121255"}],"wp:attachment":[{"href":"https:\/\/losperiodistas.com.mx\/portal\/wp-json\/wp\/v2\/media?parent=121254"}],"wp:term":[{"taxonomy":"category","embeddable":true,"href":"https:\/\/losperiodistas.com.mx\/portal\/wp-json\/wp\/v2\/categories?post=121254"},{"taxonomy":"post_tag","embeddable":true,"href":"https:\/\/losperiodistas.com.mx\/portal\/wp-json\/wp\/v2\/tags?post=121254"}],"curies":[{"name":"wp","href":"https:\/\/api.w.org\/{rel}","templated":true}]}}