{"id":121250,"date":"2026-04-28T04:38:22","date_gmt":"2026-04-28T10:38:22","guid":{"rendered":"https:\/\/losperiodistas.com.mx\/portal\/?p=121250"},"modified":"2026-04-28T04:38:25","modified_gmt":"2026-04-28T10:38:25","slug":"exportaciones-mexicanas-aumentaron-27-7-en-marzo-impulsadas-por-los-electronicos-el-economista","status":"publish","type":"post","link":"https:\/\/losperiodistas.com.mx\/portal\/exportaciones-mexicanas-aumentaron-27-7-en-marzo-impulsadas-por-los-electronicos-el-economista\/","title":{"rendered":"Exportaciones mexicanas aumentaron 27.7% en marzo impulsadas por los electr\u00f3nicos | El Economista"},"content":{"rendered":"\n<p class=\"has-medium-font-size\">M\u00e9xico aument\u00f3 sus exportaciones a una tasa interanual de 27.7% en marzo, hasta 70,727 millones de d\u00f3lares.<\/p>\n\n\n\n<figure class=\"wp-block-embed is-type-video is-provider-youtube wp-block-embed-youtube wp-embed-aspect-16-9 wp-has-aspect-ratio\"><div class=\"wp-block-embed__wrapper\">\n<iframe title=\"Exportaciones de M\u00e9xico crecen 27.7% en marzo\" width=\"500\" height=\"281\" src=\"https:\/\/www.youtube.com\/embed\/Axxh0T7PgQQ?feature=oembed\" frameborder=\"0\" allow=\"accelerometer; autoplay; clipboard-write; encrypted-media; gyroscope; picture-in-picture; web-share\" referrerpolicy=\"strict-origin-when-cross-origin\" allowfullscreen><\/iframe>\n<\/div><\/figure>\n\n\n\n<p><\/p>\n\n\n\n<p class=\"has-medium-font-size\"><strong>Por:\u00a0<a href=\"https:\/\/www.eleconomista.com.mx\/autor\/roberto.morales\">Roberto Morales<\/a> \/ El Economista<\/strong><\/p>\n\n\n\n<p><\/p>\n\n\n\n<p>M\u00e9xico aument\u00f3 sus exportaciones a una tasa interanual de 27.7% en marzo, hasta 70,727 millones de d\u00f3lares,&nbsp;<strong>impulsadas por las ventas manufactureras no automotrices<\/strong>, principalmente de productos el\u00e9ctricos y electr\u00f3nicos, inform\u00f3 este lunes el Inegi.<\/p>\n\n\n\n<p>Con este resultado, las ventas externas mexicanas<strong>&nbsp;acumularon 10 meses de aumentos anuales<\/strong>&nbsp;continuos, seis de ellos a tasas de doble d\u00edgito, y lograron su mayor dinamismo desde marzo de 2022.<\/p>\n\n\n\n<h2 class=\"wp-block-heading\">Te puede interesar<\/h2>\n\n\n\n<ul class=\"wp-block-list\">\n<li><img decoding=\"async\" width=\"128\" height=\"72\" src=\"https:\/\/imagenes.eleconomista.com.mx\/files\/webp_128_72\/uploads\/2024\/10\/29\/67207a1f839fc.jpeg\" alt=\"El Economista\"><\/li>\n\n\n\n<li><a href=\"https:\/\/www.eleconomista.com.mx\/empresas\">Empresas<\/a><a href=\"https:\/\/www.eleconomista.com.mx\/empresas\/superavit-automotor-mexico-refleja-coproduccion-eu-20260424-810320.html\">Super\u00e1vit automotor de M\u00e9xico refleja coproducci\u00f3n con EU<\/a><\/li>\n\n\n\n<li><img decoding=\"async\" width=\"128\" height=\"72\" src=\"https:\/\/imagenes.eleconomista.com.mx\/files\/webp_128_72\/files\/fp\/uploads\/2026\/04\/14\/69ded654800f0.r_d.1175-364-640.jpeg\" alt=\"El Economista\"><a href=\"https:\/\/www.eleconomista.com.mx\/empresas\">E<\/a><\/li>\n\n\n\n<li><a href=\"https:\/\/www.eleconomista.com.mx\/empresas\">mpresas<\/a><a href=\"https:\/\/www.eleconomista.com.mx\/empresas\/mexico-conserva-lugar-top-10-mayores-exportadores-mundo-20260420-809478.html\">M\u00e9xico conserva su lugar en el top 10 de mayores exportadores del mundo<\/a><\/li>\n<\/ul>\n\n\n\n<p><\/p>\n\n\n\n<p><\/p>\n\n\n\n<p>Tambi\u00e9n hubo un empuje de las exportaciones extractivas, las cuales se incrementaron a una tasa interanual de 95.3%, para llegar a 20,727 millones de d\u00f3lares, beneficiadas por los altos precios de los metales.<\/p>\n\n\n\n<p>Por su parte, las importaciones totalizaron 64,795 millones de d\u00f3lares, un alza de 24.3% sobre el mismo mes de 2025. Este indicador subi\u00f3 as\u00ed por s\u00e9ptimo mes consecutivo y fue su mejor desempe\u00f1o desde septiembre de 2022.<\/p>\n\n\n\n<p>Consecuentemente,&nbsp;<strong>el pa\u00eds obtuvo un super\u00e1vit de 5,932 millones de d\u00f3lares<\/strong>, un alza de 80.3% a tasa anual.<\/p>\n\n\n\n<p>En marzo de 2026, el valor de las exportaciones de productos manufacturados fue de 64\u2009722 millones de d\u00f3lares, lo que represent\u00f3 un aumento de 29.5% a tasa anual.<\/p>\n\n\n\n<p>Las mayores alzas se observaron en las exportaciones de productos de la minerometalurgia (61.8%), de equipos y aparatos el\u00e9ctricos y electr\u00f3nicos (17.8%), de alimentos, bebidas y tabaco (14.4%) y de productos automotrices (2.0 por ciento).<\/p>\n\n\n\n<p>A su vez, el incremento anual de las&nbsp;<strong>exportaciones de productos automotrices<\/strong>&nbsp;se deriv\u00f3 de una disminuci\u00f3n de 3.4% en las ventas canalizadas a Estados Unidos y de un incremento de 39.2% en las ventas dirigidas a otros mercados.<\/p>\n\n\n\n<p>En el mes de referencia,&nbsp;<strong>el valor de las exportaciones petroleras<\/strong>&nbsp;fue de 1,707 millones de d\u00f3lares. Este monto se conform\u00f3 de 1,290 millones de ventas de petr\u00f3leo crudo y de 417 millones de exportaciones de otros productos petroleros.<\/p>\n\n\n\n<p>En ese mes, el precio promedio de la&nbsp;<strong>mezcla mexicana<\/strong>&nbsp;de crudo de exportaci\u00f3n se situ\u00f3 en 84.10 d\u00f3lares por barril, cifra mayor en 23.86 d\u00f3lares a la del mes previo y en 20.67 d\u00f3lares a la de marzo de 2025.<\/p>\n\n\n\n<h2 class=\"wp-block-heading\">Te puede interesar<\/h2>\n\n\n\n<ul class=\"wp-block-list\">\n<li><img decoding=\"async\" width=\"128\" height=\"72\" src=\"https:\/\/imagenes.eleconomista.com.mx\/files\/webp_128_72\/files\/fp\/uploads\/2026\/04\/22\/69e91ce5782f3.r_d.383-139-640.jpeg\" alt=\"El Economista\"><a href=\"https:\/\/www.eleconomista.com.mx\/empresas\">Empresas<\/a><a href=\"https:\/\/www.eleconomista.com.mx\/empresas\/mexico-compra-4-10-litros-gasolina-estadounidense-exportada-20260426-810543.html\">M\u00e9xico compra 4 de cada 10 litros de gasolina estadounidense exportada<\/a><\/li>\n<\/ul>\n\n\n\n<p>El nivel de crudo exportado se ubic\u00f3 en 495,000 barriles diarios, nivel inferior al de 585,000 barriles diarios de febrero y al de 827,000 barriles diarios de marzo de 2025.<\/p>\n\n\n\n<p>En el tercer mes de 2026, el&nbsp;<strong>valor de las exportaciones agropecuarias y pesqueras&nbsp;<\/strong>fue de 2,219 millones de d\u00f3lares, monto que implic\u00f3 un aumento anual de 0.7 por ciento.<\/p>\n\n\n\n<p>Los mayores avances anuales se registraron en las&nbsp;<strong>exportaciones de frutas y frutos&nbsp;<\/strong>comestibles (38.5%), de c\u00edtricos (36.1%), de legumbres y hortalizas frescas (13.1%), de jitomate (9.5%) y de pimiento (7.5 por ciento).<\/p>\n\n\n\n<figure class=\"wp-block-embed is-type-rich is-provider-twitter wp-block-embed-twitter\"><div class=\"wp-block-embed__wrapper\">\n<blockquote class=\"twitter-tweet\" data-width=\"500\" data-dnt=\"true\"><p lang=\"es\" dir=\"ltr\">De acuerdo con la informaci\u00f3n oportuna de comercio exterior, en marzo 2026, se registr\u00f3 un super\u00e1vit comercial de 5,932 millones de d\u00f3lares (mdd).<br><br>\u25aa\ufe0f70,727 mdd <a href=\"https:\/\/twitter.com\/hashtag\/exportaciones?src=hash&amp;ref_src=twsrc%5Etfw\">#exportaciones<\/a><br>\u25aa\ufe0f64,795 mdd <a href=\"https:\/\/twitter.com\/hashtag\/importaciones?src=hash&amp;ref_src=twsrc%5Etfw\">#importaciones<\/a><br><br>\ud83d\udcc4 Consulta el bolet\u00edn de indicador: <a href=\"https:\/\/t.co\/Hnkua5n7DG\">https:\/\/t.co\/Hnkua5n7DG<\/a><br><br>\ud83d\udcca Explora\u2026 <a href=\"https:\/\/t.co\/m1DpHFcCZS\">pic.twitter.com\/m1DpHFcCZS<\/a><\/p>&mdash; INEGI INFORMA (@INEGI_INFORMA) <a href=\"https:\/\/twitter.com\/INEGI_INFORMA\/status\/2048734234739720343?ref_src=twsrc%5Etfw\">April 27, 2026<\/a><\/blockquote><script async src=\"https:\/\/platform.twitter.com\/widgets.js\" charset=\"utf-8\"><\/script>\n<\/div><\/figure>\n\n\n\n<p>En contraste, los descensos anuales m\u00e1s relevantes se presentaron en las exportaciones de cebolla y ajo (58.5%) y&nbsp;<strong>de aguacate<\/strong>&nbsp;(12.8 por ciento).<\/p>\n\n\n\n<p>Las exportaciones extractivas se ubicaron en 2 078 millones de d\u00f3lares, con un alza anual de 95.3 por ciento.<\/p>\n\n\n\n<p>En el periodo enero-marzo de 2026, el valor de las exportaciones totales sum\u00f3 175,586 millones de d\u00f3lares, lo que signific\u00f3 un crecimiento anual de 17.9 por ciento. Dicha tasa deriv\u00f3 de un aumento de 19.7% en las exportaciones no petroleras y de un retroceso de 25.5% en las petroleras.<\/p>\n\n\n\n<h2 class=\"wp-block-heading\">Te puede interesar<\/h2>\n\n\n\n<ul class=\"wp-block-list\">\n<li><img loading=\"lazy\" decoding=\"async\" width=\"128\" height=\"72\" src=\"https:\/\/imagenes.eleconomista.com.mx\/files\/webp_128_72\/uploads\/2026\/04\/14\/69de54a1372f3.png\" alt=\"El Economista\"><a href=\"https:\/\/www.eleconomista.com.mx\/empresas\">Empresas<\/a><a href=\"https:\/\/www.eleconomista.com.mx\/empresas\/sheinbaum-aplaude-mexico-top-10-mayores-exportadores-mundo-20260414-808640.html\">Sheinbaum aplaude que M\u00e9xico est\u00e9 en el top 10 de los mayores exportadores del mundo<\/a><\/li>\n<\/ul>\n\n\n\n<p>En el mes de referencia, las importaciones de bienes de consumo llegaron a 8,421 millones de d\u00f3lares, cifra que represent\u00f3 un incremento anual de 19.3 por ciento.<\/p>\n\n\n\n<p>Se importaron bienes de uso intermedio por un valor de 51 404 millones de d\u00f3lares, nivel superior en 27.2% al reportado en marzo de 2025.<\/p>\n\n\n\n<p>Finalmente, las importaciones de bienes de capital alcanzaron 4,970 millones de d\u00f3lares, lo que implic\u00f3 un incremento anual de 7.0 por ciento.&nbsp;<strong>En el primer trimestre de 2026<\/strong>, el valor acumulado de las importaciones totales fue de 176,598 millones de d\u00f3lares, monto mayor en 18.4 % al observado en igual lapso de 2025. A su interior, las importaciones no petroleras aumentaron 19.7% y las petroleras, 1.3%, a tasa anual.<\/p>\n\n\n\n<figure class=\"wp-block-image\"><img decoding=\"async\" src=\"https:\/\/imagenes.eleconomista.com.mx\/files\/webp_768_768\/uploads\/2026\/04\/28\/69f0746375431.jpeg\" alt=\"image\"\/><\/figure>\n\n\n\n<figure class=\"wp-block-image\"><img decoding=\"async\" src=\"https:\/\/imagenes.eleconomista.com.mx\/files\/webp_768_768\/uploads\/2026\/04\/28\/69f0747d6b674.jpeg\" alt=\"image\"\/><\/figure>\n\n\n\n<p>Fuente: <a href=\"https:\/\/www.eleconomista.com.mx\/empresas\/exportaciones-mexicanas-amentaron-27-7-marzo-impulsadas-electronicos-20260427-810655.html\">https:\/\/www.eleconomista.com.mx\/empresas\/exportaciones-mexicanas-amentaron-27-7-marzo-impulsadas-electronicos-20260427-810655.html<\/a><\/p>\n","protected":false},"excerpt":{"rendered":"<p>M\u00e9xico aument\u00f3 sus exportaciones a una tasa interanual de 27.7% en marzo, hasta 70,727 millones de d\u00f3lares. Por:\u00a0Roberto Morales \/ [&hellip;]<\/p>\n","protected":false},"author":1,"featured_media":121252,"comment_status":"open","ping_status":"open","sticky":false,"template":"","format":"standard","meta":{"site-sidebar-layout":"default","site-content-layout":"","ast-site-content-layout":"default","site-content-style":"default","site-sidebar-style":"default","ast-global-header-display":"","ast-banner-title-visibility":"","ast-main-header-display":"","ast-hfb-above-header-display":"","ast-hfb-below-header-display":"","ast-hfb-mobile-header-display":"","site-post-title":"","ast-breadcrumbs-content":"","ast-featured-img":"","footer-sml-layout":"","theme-transparent-header-meta":"","adv-header-id-meta":"","stick-header-meta":"","header-above-stick-meta":"","header-main-stick-meta":"","header-below-stick-meta":"","astra-migrate-meta-layouts":"default","ast-page-background-enabled":"default","ast-page-background-meta":{"desktop":{"background-color":"var(--ast-global-color-4)","background-image":"","background-repeat":"repeat","background-position":"center center","background-size":"auto","background-attachment":"scroll","background-type":"","background-media":"","overlay-type":"","overlay-color":"","overlay-opacity":"","overlay-gradient":""},"tablet":{"background-color":"","background-image":"","background-repeat":"repeat","background-position":"center center","background-size":"auto","background-attachment":"scroll","background-type":"","background-media":"","overlay-type":"","overlay-color":"","overlay-opacity":"","overlay-gradient":""},"mobile":{"background-color":"","background-image":"","background-repeat":"repeat","background-position":"center center","background-size":"auto","background-attachment":"scroll","background-type":"","background-media":"","overlay-type":"","overlay-color":"","overlay-opacity":"","overlay-gradient":""}},"ast-content-background-meta":{"desktop":{"background-color":"var(--ast-global-color-5)","background-image":"","background-repeat":"repeat","background-position":"center center","background-size":"auto","background-attachment":"scroll","background-type":"","background-media":"","overlay-type":"","overlay-color":"","overlay-opacity":"","overlay-gradient":""},"tablet":{"background-color":"var(--ast-global-color-5)","background-image":"","background-repeat":"repeat","background-position":"center center","background-size":"auto","background-attachment":"scroll","background-type":"","background-media":"","overlay-type":"","overlay-color":"","overlay-opacity":"","overlay-gradient":""},"mobile":{"background-color":"var(--ast-global-color-5)","background-image":"","background-repeat":"repeat","background-position":"center center","background-size":"auto","background-attachment":"scroll","background-type":"","background-media":"","overlay-type":"","overlay-color":"","overlay-opacity":"","overlay-gradient":""}},"footnotes":""},"categories":[8],"tags":[48634,23685],"class_list":["post-121250","post","type-post","status-publish","format-standard","has-post-thumbnail","hentry","category-noticias","tag-balanza-comercial-mexico","tag-exportaciones-mexico"],"_links":{"self":[{"href":"https:\/\/losperiodistas.com.mx\/portal\/wp-json\/wp\/v2\/posts\/121250","targetHints":{"allow":["GET"]}}],"collection":[{"href":"https:\/\/losperiodistas.com.mx\/portal\/wp-json\/wp\/v2\/posts"}],"about":[{"href":"https:\/\/losperiodistas.com.mx\/portal\/wp-json\/wp\/v2\/types\/post"}],"author":[{"embeddable":true,"href":"https:\/\/losperiodistas.com.mx\/portal\/wp-json\/wp\/v2\/users\/1"}],"replies":[{"embeddable":true,"href":"https:\/\/losperiodistas.com.mx\/portal\/wp-json\/wp\/v2\/comments?post=121250"}],"version-history":[{"count":1,"href":"https:\/\/losperiodistas.com.mx\/portal\/wp-json\/wp\/v2\/posts\/121250\/revisions"}],"predecessor-version":[{"id":121253,"href":"https:\/\/losperiodistas.com.mx\/portal\/wp-json\/wp\/v2\/posts\/121250\/revisions\/121253"}],"wp:featuredmedia":[{"embeddable":true,"href":"https:\/\/losperiodistas.com.mx\/portal\/wp-json\/wp\/v2\/media\/121252"}],"wp:attachment":[{"href":"https:\/\/losperiodistas.com.mx\/portal\/wp-json\/wp\/v2\/media?parent=121250"}],"wp:term":[{"taxonomy":"category","embeddable":true,"href":"https:\/\/losperiodistas.com.mx\/portal\/wp-json\/wp\/v2\/categories?post=121250"},{"taxonomy":"post_tag","embeddable":true,"href":"https:\/\/losperiodistas.com.mx\/portal\/wp-json\/wp\/v2\/tags?post=121250"}],"curies":[{"name":"wp","href":"https:\/\/api.w.org\/{rel}","templated":true}]}}