{"id":121247,"date":"2026-04-28T04:32:28","date_gmt":"2026-04-28T10:32:28","guid":{"rendered":"https:\/\/losperiodistas.com.mx\/portal\/?p=121247"},"modified":"2026-04-28T04:32:29","modified_gmt":"2026-04-28T10:32:29","slug":"malta-la-tierra-de-maria-aleteia","status":"publish","type":"post","link":"https:\/\/losperiodistas.com.mx\/portal\/malta-la-tierra-de-maria-aleteia\/","title":{"rendered":"Malta, la tierra de Mar\u00eda | Aleteia"},"content":{"rendered":"\n<p class=\"has-medium-font-size\"><em>Este es el primer art\u00edculo de una serie que forma parte de una colaboraci\u00f3n prolongada y continua entre Aleteia y VisitMalta. La serie se extender\u00e1 a lo largo de doce meses. Los primeros seis meses se centrar\u00e1n en la devoci\u00f3n mariana en las islas maltesas, mientras que la segunda mitad profundizar\u00e1 en la conexi\u00f3n entre el archipi\u00e9lago malt\u00e9s y Nuestra Se\u00f1ora de Lourdes<\/em><\/p>\n\n\n\n<figure class=\"wp-block-image size-full\"><img fetchpriority=\"high\" decoding=\"async\" width=\"620\" height=\"350\" src=\"https:\/\/losperiodistas.com.mx\/portal\/wp-content\/uploads\/2026\/04\/web3-virgin-mary-blessed-mother-procession-malta-night-shutterstock_125808908-anibal-trejo-shutterstock-editorial.webp\" alt=\"\" class=\"wp-image-121248\" srcset=\"https:\/\/losperiodistas.com.mx\/portal\/wp-content\/uploads\/2026\/04\/web3-virgin-mary-blessed-mother-procession-malta-night-shutterstock_125808908-anibal-trejo-shutterstock-editorial.webp 620w, https:\/\/losperiodistas.com.mx\/portal\/wp-content\/uploads\/2026\/04\/web3-virgin-mary-blessed-mother-procession-malta-night-shutterstock_125808908-anibal-trejo-shutterstock-editorial-300x169.webp 300w\" sizes=\"(max-width: 620px) 100vw, 620px\" \/><\/figure>\n\n\n\n<p>Anibel Trejo | Shutterstock Editorial<\/p>\n\n\n\n<p><a href=\"https:\/\/es.aleteia.org\/author\/daniel-r-esparza\/\">Daniel Esparza<\/a><em>\u00a0&#8211;\u00a0<\/em><a href=\"https:\/\/es.aleteia.org\/author\/jean-pierre-fava-malta-tourism-authority\/\">Jean-Pierre Fava &#8211; Malta Tourism Authority<\/a><em>\u00a0<\/em>\/ Aleteia<\/p>\n\n\n\n<p><\/p>\n\n\n\n<p>La primera parte mostrar\u00e1 y ayudar\u00e1 a los lectores a comprender c\u00f3mo la fe, la historia, la cultura y la tradici\u00f3n se entrelazan para dar forma a la historia de una naci\u00f3n. Esta campa\u00f1a se centrar\u00e1 en la influencia de la devoci\u00f3n mariana, que refleja la veneraci\u00f3n y la devoci\u00f3n hacia la Sant\u00edsima Virgen, las cuales han influido enormemente en la historia y la cultura de&nbsp;<a href=\"https:\/\/www.visitmalta.com\/en\/\" target=\"_blank\" rel=\"noreferrer noopener\">Malta<\/a>&nbsp;y m\u00e1s all\u00e1. Los pr\u00f3ximos seis meses mostrar\u00e1n que esta devoci\u00f3n mariana milenaria y la Divina Providencia inspiraron a los malteses a aceptar de manera plena e inmediata, y a creer en, las apariciones de Nuestra Se\u00f1ora en Massabielle.<\/p>\n\n\n\n<p>Los malteses son bien conocidos por su profunda fe cat\u00f3lica y su devoci\u00f3n centenaria a la Sant\u00edsima Virgen. La gente viaja para experimentar las culturas y tradiciones de otros pueblos, y los turistas y peregrinos motivados por la fe no son la excepci\u00f3n. Malta ofrece todo esto y m\u00e1s, ya que toda la naci\u00f3n es una prueba viviente de los 2000 a\u00f1os de historia del cristianismo desde sus or\u00edgenes. Aprendemos sobre la historia de Malta para apreciar su cultura y tambi\u00e9n para ayudar a profundizar nuestra fe.<\/p>\n\n\n\n<h2 class=\"wp-block-heading\">San Pablo<\/h2>\n\n\n\n<p>Desde la prehistoria, las islas de Malta y Gozo fueron las \u00fanicas partes del archipi\u00e9lago que estuvieron habitadas. La comunidad cristiana maltesa es tan antigua como la de \u00c9feso, Jerusal\u00e9n, Corinto y Roma, gracias al ap\u00f3stol Pablo. Cabe destacar que Malta es un pa\u00eds, mientras que las dem\u00e1s son ciudades. De hecho, Malta es uno de los pocos pa\u00edses que abraz\u00f3 la fe cristiana, lo que explica su historia cristiana de 2000 a\u00f1os. De hecho, nuestras islas son conocidas como las Islas de San Pablo. El naufragio del Ap\u00f3stol de los Gentiles en el a\u00f1o 60 d. C. fue providencial, al igual que su estancia forzosa en Malta durante los meses de invierno, en los que no se pod\u00eda navegar. \u00c9l predic\u00f3 la Buena Nueva de Cristo Resucitado a nuestros antepasados. Los habitantes quedaron impresionados por sus elocuentes palabras y se convirtieron al ser testigos de los milagros que realiz\u00f3 en nombre de Cristo. Desde entonces, y hasta el d\u00eda de hoy, los malteses se encuentran entre los cat\u00f3licos m\u00e1s fervientes del mundo.<\/p>\n\n\n\n<figure class=\"wp-block-image\"><img decoding=\"async\" src=\"https:\/\/wp.es.aleteia.org\/wp-content\/uploads\/sites\/7\/2022\/07\/Malta-Trip-ALETEIA-P1560204.jpg?w=1024\" alt=\"Metropolitan Cathedral of Saint Paul Mdina Malta\" class=\"wp-image-703348\"\/><figcaption class=\"wp-element-caption\">San Pablo en la catedral Metropolitana de Malta.<\/figcaption><\/figure>\n\n\n\n<p>Las Escrituras no ofrecen muchos detalles sobre el aspecto de Mar\u00eda. Uno de esos artistas \u2014seg\u00fan la tradici\u00f3n\u2014 es tambi\u00e9n el autor de uno de los Evangelios. La tradici\u00f3n cristiana ha atribuido a Lucas muchos talentos diferentes. Uno de ellos, el de ser un pintor excepcional y el autor del primer \u00abretrato\u00bb de la propia Mar\u00eda. Considerado el m\u00e1s literario de todos los escritores de los Evangelios, no solo se le atribuye el Evangelio seg\u00fan San Lucas y los Hechos de los Ap\u00f3stoles: las iglesias orientales lo consideran el \u00abicon\u00f3grafo\u00bb original, responsable de \u00abescribir\u00bb el primer icono de la Sant\u00edsima Virgen Mar\u00eda. Un relato antiguo explica c\u00f3mo, durante el siglo V, una emperatriz bizantina llev\u00f3 un icono atribuido a San Lucas desde Jerusal\u00e9n hasta Constantinopla. El Monasterio de Hodegon fue construido para consagrarlo, y m\u00e1s tarde todas las copias de este \u00edcono se conocieron como&nbsp;<a href=\"https:\/\/es.wikipedia.org\/wiki\/Odighitria\" target=\"_blank\" rel=\"noreferrer noopener\">Odighitria<\/a>&nbsp;(La que muestra el camino al Salvador). La mayor\u00eda cree que la imagen original se perdi\u00f3 durante la Edad Media. Este es el mismo Lucas que tambi\u00e9n fue compa\u00f1ero y escriba de Pablo durante sus viajes por el Mediterr\u00e1neo. Durante su estancia, Pablo tambi\u00e9n convirti\u00f3 al gobernador de la isla,&nbsp;<a href=\"https:\/\/en-wikipedia-org.translate.goog\/wiki\/Saint_Publius?_x_tr_sl=en&amp;_x_tr_tl=es&amp;_x_tr_hl=es&amp;_x_tr_pto=tc\" target=\"_blank\" rel=\"noreferrer noopener\">Publio<\/a>&nbsp;(el primer obispo y primer santo de Malta), san\u00f3 a los enfermos y gan\u00f3 almas para Cristo, sentando las bases del cristianismo malt\u00e9s. Cabe destacar que, en Hechos 28, Lucas cuenta la historia en primera persona del plural (\u00abnosotros\u00bb).<\/p>\n\n\n\n<p>El patrimonio monumental paleocristiano de estas islas, adem\u00e1s de dar testimonio de la vitalidad de la primera comunidad cristiana maltesa, sit\u00faa a Malta entre los centros arqueol\u00f3gicos m\u00e1s importantes para el estudio del mundo cristiano antiguo. La variedad de formas arquitect\u00f3nicas que se observan en nuestras catacumbas cristianas subterr\u00e1neas y las caracter\u00edsticas especiales que definen las costumbres y los usos predominantes durante los primeros siglos de la era cristiana hacen que el patrimonio paleocristiano malt\u00e9s sea \u00fanico.<\/p>\n\n\n\n<h2 class=\"wp-block-heading\">Devoci\u00f3n a la Sant\u00edsima Virgen<\/h2>\n\n\n\n<p>La Sant\u00edsima Virgen siempre ha ocupado un lugar importante en las tradiciones cristianas maltesas. Cuando el Ap\u00f3stol naufrag\u00f3 en nuestras costas, lo acompa\u00f1aba el evangelista Lucas, quien escribi\u00f3 en su Evangelio una antolog\u00eda de doctrinas marianas. Por lo tanto, es probable que Lucas hablara a los malteses sobre la Madre del Salvador, y que nuestros antepasados acogieran con entusiasmo sus palabras.<\/p>\n\n\n\n<p>El hecho de que Lucas naufragara junto a Pablo en el archipi\u00e9lago malt\u00e9s podr\u00eda explicar por qu\u00e9 tanto los artefactos hist\u00f3ricos como las tradiciones orales proporcionan evidencia de una devoci\u00f3n mariana muy temprana extendida por estas islas. El Evangelio de Lucas es el m\u00e1s mariano de todos, y est\u00e1 repleto de las semillas de lo que m\u00e1s tarde se convertir\u00eda en desarrollos teol\u00f3gicos mariol\u00f3gicos completos. De hecho, las tradiciones maltesas entienden que es probable que Lucas les haya hablado a los isle\u00f1os sobre la Madre del Salvador.<\/p>\n\n\n\n<p>Diversos artefactos hist\u00f3ricos y tradiciones orales que se remontan al naufragio del ap\u00f3stol apuntan a que los lugare\u00f1os que hab\u00edan aceptado la Buena Nueva eran devotos de la Sant\u00edsima Virgen. Por lo tanto, tambi\u00e9n podemos considerar a Malta como uno de los primeros santuarios marianos. Todos los que estudian la historia de la humanidad coinciden en que nuestros lugares sagrados fueron construidos y esculpidos por nuestros antepasados para satisfacer las necesidades espirituales de los primeros marineros del Mediterr\u00e1neo que hac\u00edan escala en los puertos malteses en busca de refugio, comercio y provisiones. De especial inter\u00e9s es un antiguo icono siculo-bizantino de la Sant\u00edsima Virgen realizado en Malta, la Virgen con el Ni\u00f1o de Mellie\u0127a (la&nbsp;<a href=\"https:\/\/es.wikipedia.org\/wiki\/Odighitria\" target=\"_blank\" rel=\"noreferrer noopener\">Odighitria<\/a>). Este santo icono es venerado junto con otros veinte santuarios marianos de la Red Mariana Europea, as\u00ed como con otros santuarios marianos de la asociaci\u00f3n \u00abMar\u00eda Madre de Europa\u00bb. El Santuario de Nuestra Se\u00f1ora de Mellie\u0127a es el Santuario Nacional de Nuestra Se\u00f1ora de Malta.<\/p>\n\n\n\n<p>Existen numerosas formas de devoci\u00f3n mariana (la veneraci\u00f3n de un t\u00edtulo mariano concreto) que est\u00e1n muy extendidas y siguen siendo importantes en las tradiciones cristianas maltesas (iglesias, capillas, altares, pinturas, im\u00e1genes, santuarios y fiestas). Las numerosas y variadas capillas que salpican el paisaje malt\u00e9s son tambi\u00e9n una prueba de que Malta fue, desde sus inicios, un centro de devoci\u00f3n mariana indiscutible. En el archipi\u00e9lago malt\u00e9s hay suficientes iglesias, grandes y peque\u00f1as, como para poder asistir a misa en una knisja (palabra maltesa para iglesia) diferente casi todos los d\u00edas durante todo el a\u00f1o: un total impresionante de 359, la mayor\u00eda de las cuales (m\u00e1s de 200) est\u00e1n dedicadas a la Virgen Mar\u00eda. Algunas de ellas son santuarios marianos conocidos por ser lugares donde se han concedido innumerables gracias especiales y milagrosas a muchas personas a lo largo de los siglos. Los numerosos exvotos en los Santuarios Marianos Nacionales de Nuestra Se\u00f1ora de Mellieha y Madonna Ta\u2019 Pinu, as\u00ed como en muchos otros santuarios, en agradecimiento por oraciones contestadas \u2014desde notas escritas a mano hasta diminutas prendas de beb\u00e9, e incluso un casco de motocicleta\u2014 confirman que as\u00ed es, y los peregrinos viajan en masa tanto para pedirle a la Virgen una gracia especial como para agradecerle las que ya han recibido.<\/p>\n\n\n\n<figure class=\"wp-block-image\"><img decoding=\"async\" src=\"https:\/\/wp.es.aleteia.org\/wp-content\/uploads\/sites\/7\/2024\/07\/Mellieha-Malta-shutterstock_1267698136.jpg?w=1024\" alt=\"Mellieha-Malta-shutterstock\" class=\"wp-image-822657\"\/><figcaption class=\"wp-element-caption\">Notre-Dame de Mellie\u0127a.<\/figcaption><\/figure>\n\n\n\n<h2 class=\"wp-block-heading\">La devoci\u00f3n mariana de Malta en un momento decisivo<\/h2>\n\n\n\n<p>Mar\u00eda tambi\u00e9n derram\u00f3 sus gracias sobre toda Europa, a trav\u00e9s de la devoci\u00f3n y la oraci\u00f3n maltesas. La fiesta de Nuestra Se\u00f1ora del Rosario, celebrada el 7 de octubre, se conoc\u00eda antiguamente como&nbsp;<a href=\"https:\/\/www.visitmalta.com\/en\/attraction\/church-our-lady-victories\/\" target=\"_blank\" rel=\"noreferrer noopener\">Nuestra Se\u00f1ora de la Victori<\/a>a, debido al triunfo de la flota de la Liga Santa contra los otomanos en este mismo d\u00eda de 1571. La Liga Santa (una fuerza conjunta formada por los Estados Pontificios, los Caballeros de Malta, el Reino de las Dos Sicilias, Cerde\u00f1a, el Reino de Espa\u00f1a, el Sacro Imperio Romano Germ\u00e1nico, Venecia, G\u00e9nova y Saboya) libr\u00f3 y gan\u00f3 una intensa batalla contra la flota del Imperio Otomano: la batalla de Lepanto.<\/p>\n\n\n\n<p>La Liga se encontraba en clara inferioridad num\u00e9rica. El papa San P\u00edo V orden\u00f3 que las iglesias de Roma permanecieran abiertas para la oraci\u00f3n d\u00eda y noche, animando a los fieles de toda Europa a pedir la intercesi\u00f3n de la Sant\u00edsima Virgen Mar\u00eda mediante el rezo del Rosario. Cuando le lleg\u00f3 al papa P\u00edo la noticia de la victoria de la Liga Santa, la atribuy\u00f3 a la intercesi\u00f3n de la Sant\u00edsima Virgen Mar\u00eda. As\u00ed, a\u00f1adi\u00f3 una nueva festividad al calendario lit\u00fargico romano: el 7 de octubre se convirti\u00f3 en la fiesta del Santo Rosario. De hecho, al papa San P\u00edo V se le conoce como el \u00abPapa del Santo Rosario\u00bb, ya que era especialmente famoso por su devoci\u00f3n a la Sant\u00edsima Virgen Mar\u00eda y por ser un gran promotor del Santo Rosario. De hecho, en 1569 ya hab\u00eda promulgado una bula papal,&nbsp;<em>Consueverunt Romani Pontifices<\/em>, en la que garantizaba la uniformidad del Santo Rosario.<\/p>\n\n\n\n<p>Los documentos muestran que en 1571, casi al mismo tiempo que el papa San P\u00edo V instituy\u00f3 la fiesta de Nuestra Se\u00f1ora del Rosario, se fund\u00f3 la Cofrad\u00eda del Santo Rosario en la iglesia dominicana de la Anunciaci\u00f3n, en Vittoriosa, lo que la convirti\u00f3 en la primera cofrad\u00eda oficial del Santo Rosario fundada en las islas maltesas, \u00a1y probablemente una de las primeras en todo el mundo!<\/p>\n\n\n\n<p>En&nbsp;<a href=\"https:\/\/www.visitmalta.com\/en\/\" target=\"_blank\" rel=\"noreferrer noopener\">Malta<\/a>&nbsp;ocurri\u00f3 un acontecimiento extraordinario similar seis a\u00f1os antes. El 8 de septiembre de 1565, los malteses y los Caballeros de Malta vencieron a los otomanos gracias a otro milagro mariano. En la festividad de la Natividad de Nuestra Se\u00f1ora, conocida en Malta tambi\u00e9n como Marija Bambina (Mar\u00eda Ni\u00f1a), el m\u00e1s peque\u00f1o de los principados cristianos venci\u00f3 a la superpotencia de la \u00e9poca.<\/p>\n\n\n\n<p>La historia comienza el 18 de mayo de 1565, cuando se avist\u00f3 frente a las costas de Malta una armada de m\u00e1s de 200 buques de guerra. Una fuerza expedicionaria otomana invasora, estimada en 30 000 hombres, desembarc\u00f3 y pronto comenzaron los preparativos para el asedio. Sin embargo, los Caballeros de San Juan y los malteses prevalecieron contra todo pron\u00f3stico y, tras un terrible asedio, la mayor superpotencia de la \u00e9poca abandon\u00f3 la lucha, acept\u00f3 la derrota y zarp\u00f3 de regreso a casa. Ni siquiera el Gran Maestre, Jean Parisot de la Valette, cre\u00eda que esto fuera una coincidencia. De hecho, durante la heroica lucha por defender la Santa Fe y la cristiandad occidental, encontr\u00f3 consuelo espiritual y rez\u00f3 pidiendo gu\u00eda ante el icono bizantino del siglo XII conocido como Damaskin\u00ec (Nuestra Se\u00f1ora de Damasco o La Damascena), que en ese momento se encontraba en la iglesia de Nuestra Se\u00f1ora de Damasco en Birgu (o il Borgo).<\/p>\n\n\n\n<p>De hecho, al levantarse el asedio aquel fat\u00eddico 8 de septiembre, deposit\u00f3 su sombrero y su espada en los escalones del altar como ofrendas votivas para mostrar su gratitud y agradecimiento a Nuestra Se\u00f1ora por haberlo liberado a \u00e9l, a los defensores y a toda la cristiandad occidental de los turcos otomanos. Esta victoria se logr\u00f3 contra todo pron\u00f3stico, y nadie cre\u00eda que la armada turca pudiera ser derrotada por la guarnici\u00f3n relativamente peque\u00f1a de los Caballeros de San Juan Bautista. Fue un milagro, una gracia concedida por la Sant\u00edsima Virgen a sus devotos hijos. Inmediatamente, los malteses y los Caballeros a\u00f1adieron otro t\u00edtulo a su Madre Celestial y comenzaron a llamarla&nbsp;<a href=\"https:\/\/www.visitmalta.com\/en\/attraction\/church-our-lady-victories\/\" target=\"_blank\" rel=\"noreferrer noopener\">Nuestra Se\u00f1ora de la Victoria&nbsp;<\/a>(en malt\u00e9s: Il-Madonna tal-Vitorja). En 1566, La Vallette coloc\u00f3 la primera piedra de su nueva ciudad, a la que m\u00e1s tarde se le dio su nombre en honor al gran l\u00edder militar: La Valletta.<\/p>\n\n\n\n<p>Orden\u00f3 que el primer edificio de su ciudad fuera una iglesia, que se erigi\u00f3 sobre la primera piedra de la Ciudad Fortificada, y tambi\u00e9n financi\u00f3 la construcci\u00f3n de dicha iglesia. Se dedic\u00f3 a la&nbsp;<a href=\"https:\/\/www.visitmalta.com\/en\/attraction\/church-nativity-our-lady\/\" target=\"_blank\" rel=\"noreferrer noopener\">Natividad de la Sant\u00edsima Virgen<\/a>&nbsp;y, dado que fue el 8 de septiembre cuando los turcos levantaron el asedio, resultaba muy apropiado aclamar a la Virgen como Nuestra Se\u00f1ora de la Victoria.<\/p>\n\n\n\n<h2 class=\"wp-block-heading\">Reflexi\u00f3n final:<\/h2>\n\n\n\n<p><a href=\"https:\/\/www.visitmalta.com\/en\/\" target=\"_blank\" rel=\"noreferrer noopener\">Malta<\/a>&nbsp;es, sin lugar a dudas, una tierra mariana. A lo largo de los siglos, los malteses han permanecido devotos de la Sant\u00edsima Virgen, recurriendo a ella en momentos de peligro y honr\u00e1ndola en el marco del culto p\u00fablico, especialmente en fiestas muy queridas como la de Santa Marija. En esto, Malta recuerda tanto a Francia como a los Estados Unidos: Francia ha estado estrechamente asociada desde hace mucho tiempo con la Asunci\u00f3n, mientras que los Estados Unidos est\u00e1n bajo el patrocinio de la Inmaculada Concepci\u00f3n. Malta, a su manera, tiene especialmente queridos ambos misterios \u2014la Inmaculada Concepci\u00f3n y la Asunci\u00f3n\u2014, que enmarcan el principio y el fin de la vida terrenal de Mar\u00eda.<\/p>\n\n\n\n<p>Quiz\u00e1s esa sea la forma m\u00e1s clara de entender la devoci\u00f3n mariana maltesa: como una confianza inquebrantable en la intercesi\u00f3n de Mar\u00eda. En Can\u00e1, ella percibe una necesidad humana y se la presenta a su Hijo. Para generaciones de cat\u00f3licos malteses, ese ha sido el quid de la cuesti\u00f3n.<\/p>\n\n\n\n<p>Fuente: <a href=\"https:\/\/es.aleteia.org\/2026\/04\/27\/malta-la-tierra-de-maria\/\">https:\/\/es.aleteia.org\/2026\/04\/27\/malta-la-tierra-de-maria\/<\/a><\/p>\n","protected":false},"excerpt":{"rendered":"<p>Este es el primer art\u00edculo de una serie que forma parte de una colaboraci\u00f3n prolongada y continua entre Aleteia y [&hellip;]<\/p>\n","protected":false},"author":1,"featured_media":121248,"comment_status":"open","ping_status":"open","sticky":false,"template":"","format":"standard","meta":{"site-sidebar-layout":"default","site-content-layout":"","ast-site-content-layout":"default","site-content-style":"default","site-sidebar-style":"default","ast-global-header-display":"","ast-banner-title-visibility":"","ast-main-header-display":"","ast-hfb-above-header-display":"","ast-hfb-below-header-display":"","ast-hfb-mobile-header-display":"","site-post-title":"","ast-breadcrumbs-content":"","ast-featured-img":"","footer-sml-layout":"","theme-transparent-header-meta":"","adv-header-id-meta":"","stick-header-meta":"","header-above-stick-meta":"","header-main-stick-meta":"","header-below-stick-meta":"","astra-migrate-meta-layouts":"default","ast-page-background-enabled":"default","ast-page-background-meta":{"desktop":{"background-color":"var(--ast-global-color-4)","background-image":"","background-repeat":"repeat","background-position":"center center","background-size":"auto","background-attachment":"scroll","background-type":"","background-media":"","overlay-type":"","overlay-color":"","overlay-opacity":"","overlay-gradient":""},"tablet":{"background-color":"","background-image":"","background-repeat":"repeat","background-position":"center center","background-size":"auto","background-attachment":"scroll","background-type":"","background-media":"","overlay-type":"","overlay-color":"","overlay-opacity":"","overlay-gradient":""},"mobile":{"background-color":"","background-image":"","background-repeat":"repeat","background-position":"center center","background-size":"auto","background-attachment":"scroll","background-type":"","background-media":"","overlay-type":"","overlay-color":"","overlay-opacity":"","overlay-gradient":""}},"ast-content-background-meta":{"desktop":{"background-color":"var(--ast-global-color-5)","background-image":"","background-repeat":"repeat","background-position":"center center","background-size":"auto","background-attachment":"scroll","background-type":"","background-media":"","overlay-type":"","overlay-color":"","overlay-opacity":"","overlay-gradient":""},"tablet":{"background-color":"var(--ast-global-color-5)","background-image":"","background-repeat":"repeat","background-position":"center center","background-size":"auto","background-attachment":"scroll","background-type":"","background-media":"","overlay-type":"","overlay-color":"","overlay-opacity":"","overlay-gradient":""},"mobile":{"background-color":"var(--ast-global-color-5)","background-image":"","background-repeat":"repeat","background-position":"center center","background-size":"auto","background-attachment":"scroll","background-type":"","background-media":"","overlay-type":"","overlay-color":"","overlay-opacity":"","overlay-gradient":""}},"footnotes":""},"categories":[8],"tags":[48632,48633,48631,9314],"class_list":["post-121247","post","type-post","status-publish","format-standard","has-post-thumbnail","hentry","category-noticias","tag-cultura-malta","tag-devocion-mariana-malta","tag-historia-mala","tag-malta"],"_links":{"self":[{"href":"https:\/\/losperiodistas.com.mx\/portal\/wp-json\/wp\/v2\/posts\/121247","targetHints":{"allow":["GET"]}}],"collection":[{"href":"https:\/\/losperiodistas.com.mx\/portal\/wp-json\/wp\/v2\/posts"}],"about":[{"href":"https:\/\/losperiodistas.com.mx\/portal\/wp-json\/wp\/v2\/types\/post"}],"author":[{"embeddable":true,"href":"https:\/\/losperiodistas.com.mx\/portal\/wp-json\/wp\/v2\/users\/1"}],"replies":[{"embeddable":true,"href":"https:\/\/losperiodistas.com.mx\/portal\/wp-json\/wp\/v2\/comments?post=121247"}],"version-history":[{"count":1,"href":"https:\/\/losperiodistas.com.mx\/portal\/wp-json\/wp\/v2\/posts\/121247\/revisions"}],"predecessor-version":[{"id":121249,"href":"https:\/\/losperiodistas.com.mx\/portal\/wp-json\/wp\/v2\/posts\/121247\/revisions\/121249"}],"wp:featuredmedia":[{"embeddable":true,"href":"https:\/\/losperiodistas.com.mx\/portal\/wp-json\/wp\/v2\/media\/121248"}],"wp:attachment":[{"href":"https:\/\/losperiodistas.com.mx\/portal\/wp-json\/wp\/v2\/media?parent=121247"}],"wp:term":[{"taxonomy":"category","embeddable":true,"href":"https:\/\/losperiodistas.com.mx\/portal\/wp-json\/wp\/v2\/categories?post=121247"},{"taxonomy":"post_tag","embeddable":true,"href":"https:\/\/losperiodistas.com.mx\/portal\/wp-json\/wp\/v2\/tags?post=121247"}],"curies":[{"name":"wp","href":"https:\/\/api.w.org\/{rel}","templated":true}]}}