{"id":121244,"date":"2026-04-28T00:10:00","date_gmt":"2026-04-28T06:10:00","guid":{"rendered":"https:\/\/losperiodistas.com.mx\/portal\/?p=121244"},"modified":"2026-04-28T00:10:02","modified_gmt":"2026-04-28T06:10:02","slug":"en-el-senado-esperan-manana-a-la-gobernadora-de-chihuahua-vocero-niega-que-haya-confirmado-asistencia-el-universal","status":"publish","type":"post","link":"https:\/\/losperiodistas.com.mx\/portal\/en-el-senado-esperan-manana-a-la-gobernadora-de-chihuahua-vocero-niega-que-haya-confirmado-asistencia-el-universal\/","title":{"rendered":"En el Senado esperan ma\u00f1ana a la gobernadora de Chihuahua; vocero niega que haya confirmado asistencia | El Universal"},"content":{"rendered":"\n<p>Chocan versiones de asistencia o no de la mandataria<\/p>\n\n\n\n<figure class=\"wp-block-image size-large\"><img fetchpriority=\"high\" decoding=\"async\" width=\"1024\" height=\"640\" src=\"https:\/\/losperiodistas.com.mx\/portal\/wp-content\/uploads\/2026\/04\/GobernadoraMaruCampos-1024x640.png\" alt=\"\" class=\"wp-image-121245\" srcset=\"https:\/\/losperiodistas.com.mx\/portal\/wp-content\/uploads\/2026\/04\/GobernadoraMaruCampos-1024x640.png 1024w, https:\/\/losperiodistas.com.mx\/portal\/wp-content\/uploads\/2026\/04\/GobernadoraMaruCampos-300x187.png 300w, https:\/\/losperiodistas.com.mx\/portal\/wp-content\/uploads\/2026\/04\/GobernadoraMaruCampos-768x480.png 768w, https:\/\/losperiodistas.com.mx\/portal\/wp-content\/uploads\/2026\/04\/GobernadoraMaruCampos.png 1332w\" sizes=\"(max-width: 1024px) 100vw, 1024px\" \/><figcaption class=\"wp-element-caption\">La gobernadora de Chihuahua, Maru Campos Galv\u00e1n. Foto: Especial<\/figcaption><\/figure>\n\n\n\n<p class=\"has-vivid-red-color has-text-color has-link-color wp-elements-d5fb306b572b3aeb07b32ee675e4e579\">V\u00edctor Gamboa \/ El Universal<\/p>\n\n\n\n<p><strong>Senadores de la Rep\u00fablica<\/strong> dijeron hoy que la gobernadora de <strong>Chihuahua<\/strong>, <strong>Mar\u00eda Eugenia Campos<\/strong>, confirm\u00f3 su asistencia este martes a reuni\u00f3n con las comisiones de Puntos Constitucionales y de Seguridad P\u00fablica explicar la presencia en territorio nacional de agentes presuntamente de la Agencia Central de Inteligencia (<strong>CIA<\/strong>) y su participaci\u00f3n en operativos antinarco. Sin embargo, el gobierno de Chihuahua inform\u00f3 a EL UNIVERSAL que a\u00fan valoran la participaci\u00f3n.<\/p>\n\n\n\n<p>En entrevista con <strong>EL UNIVERSAL<\/strong>, el senador Oscar Cant\u00f3n Zetina asegur\u00f3 que la gobernadora se comunic\u00f3 telef\u00f3nicamente con el presidente de la Junta de Coordinaci\u00f3n Pol\u00edtica (<strong>Jucopo<\/strong>), Ignacio Mier Velazco, para confirmar su asistencia.<\/p>\n\n\n\n<p>\u201cS\u00ed vienen la gobernadora y el fiscal, ya confirmaron por v\u00eda telef\u00f3nica, no por escrito, como que hicimos la invitaci\u00f3n, pero, bueno, no ser\u00eda relevante, \u00bfno?, porque directamente confirmaron y, entonces, estamos ya en espera de ma\u00f1ana tener esa reuni\u00f3n de trabajo\u201d, se\u00f1al\u00f3.<\/p>\n\n\n\n<p>En tanto, el vocero del estado, <strong>Jos\u00e9 Luis Mart\u00ednez<\/strong>, neg\u00f3 que haya confirmaci\u00f3n alguna.<\/p>\n\n\n\n<p>Cant\u00f3n Zetina afirm\u00f3 que ser\u00e1 una \u201c<strong>reuni\u00f3n hist\u00f3rica<\/strong>\u201d, en la que \u201cnosotros esperamos que se esclarezca la verdad de los hechos, que se vea exactamente cu\u00e1l fue la actuaci\u00f3n de estos agentes estadunidenses en esos operativos o tambi\u00e9n en las actividades que el gobierno de Chihuahua ha desarrollado sin, eso s\u00ed sabemos, sin el conocimiento de la autoridad federal\u201d.<\/p>\n\n\n\n<p>Advirti\u00f3 que la participaci\u00f3n de agentes extranjeros en operativos en M\u00e9xico puede ser una<strong> violaci\u00f3n muy grave a la Constituci\u00f3n<\/strong>, a la Ley de Seguridad P\u00fablica, y por supuesto que lo contempla perfectamente el C\u00f3digo Penal Federal.<\/p>\n\n\n\n<p>El legislador morenista afirm\u00f3 que esto puede generar consecuencias muy graves como la destituci\u00f3n del fiscal y de la gobernadora y fincarles cargos penales, pero eso depender\u00e1 de la informaci\u00f3n que proporcionen ambos funcionarios.<\/p>\n\n\n\n<p>\u201cA partir de la informaci\u00f3n y de su versi\u00f3n, entonces, se tendr\u00e1 que ver cu\u00e1les ser\u00edan las consecuencias. Lo que s\u00ed est\u00e1 muy claro es que la <strong>Fiscal\u00eda General de la Rep\u00fablica<\/strong> ya inici\u00f3 carpetas de investigaci\u00f3n en estos temas para determinar lo que pudo haber ocurrido o qu\u00e9 tipo de delitos o de faltas se pueden configurar\u201d, precis\u00f3.<\/p>\n\n\n\n<p>Cant\u00f3n Zetina no descart\u00f3 la posibilidad de que el Senado \u201cpudiera considerar que es momento de emprender un camino y solicitar a la C\u00e1mara de Diputados un juicio pol\u00edtico. Pero va a depender de la informaci\u00f3n\u201d que den a conocer la gobernadora y el fiscal.<\/p>\n\n\n\n<p>Fuente: <a href=\"https:\/\/www.eluniversal.com.mx\/nacion\/gobernadora-de-chihuahua-acepta-invitacion-al-senado-para-explicar-caso-de-agentes-de-la-cia-no-descartan-solicitar-juicio-politico\/\" target=\"_blank\" rel=\"noreferrer noopener\">El Universal<\/a><\/p>\n","protected":false},"excerpt":{"rendered":"<p>Chocan versiones de asistencia o no de la mandataria <\/p>\n","protected":false},"author":1,"featured_media":121245,"comment_status":"open","ping_status":"open","sticky":false,"template":"","format":"standard","meta":{"site-sidebar-layout":"default","site-content-layout":"","ast-site-content-layout":"default","site-content-style":"default","site-sidebar-style":"default","ast-global-header-display":"","ast-banner-title-visibility":"","ast-main-header-display":"","ast-hfb-above-header-display":"","ast-hfb-below-header-display":"","ast-hfb-mobile-header-display":"","site-post-title":"","ast-breadcrumbs-content":"","ast-featured-img":"","footer-sml-layout":"","theme-transparent-header-meta":"","adv-header-id-meta":"","stick-header-meta":"","header-above-stick-meta":"","header-main-stick-meta":"","header-below-stick-meta":"","astra-migrate-meta-layouts":"default","ast-page-background-enabled":"default","ast-page-background-meta":{"desktop":{"background-color":"var(--ast-global-color-4)","background-image":"","background-repeat":"repeat","background-position":"center center","background-size":"auto","background-attachment":"scroll","background-type":"","background-media":"","overlay-type":"","overlay-color":"","overlay-opacity":"","overlay-gradient":""},"tablet":{"background-color":"","background-image":"","background-repeat":"repeat","background-position":"center center","background-size":"auto","background-attachment":"scroll","background-type":"","background-media":"","overlay-type":"","overlay-color":"","overlay-opacity":"","overlay-gradient":""},"mobile":{"background-color":"","background-image":"","background-repeat":"repeat","background-position":"center center","background-size":"auto","background-attachment":"scroll","background-type":"","background-media":"","overlay-type":"","overlay-color":"","overlay-opacity":"","overlay-gradient":""}},"ast-content-background-meta":{"desktop":{"background-color":"var(--ast-global-color-5)","background-image":"","background-repeat":"repeat","background-position":"center center","background-size":"auto","background-attachment":"scroll","background-type":"","background-media":"","overlay-type":"","overlay-color":"","overlay-opacity":"","overlay-gradient":""},"tablet":{"background-color":"var(--ast-global-color-5)","background-image":"","background-repeat":"repeat","background-position":"center center","background-size":"auto","background-attachment":"scroll","background-type":"","background-media":"","overlay-type":"","overlay-color":"","overlay-opacity":"","overlay-gradient":""},"mobile":{"background-color":"var(--ast-global-color-5)","background-image":"","background-repeat":"repeat","background-position":"center center","background-size":"auto","background-attachment":"scroll","background-type":"","background-media":"","overlay-type":"","overlay-color":"","overlay-opacity":"","overlay-gradient":""}},"footnotes":""},"categories":[8],"tags":[48475,48628,48629,3391,4293,48630],"class_list":["post-121244","post","type-post","status-publish","format-standard","has-post-thumbnail","hentry","category-noticias","tag-agentes-de-la-cia","tag-gobernadora-de-chihuahua","tag-maria-eugenia-campos","tag-seguridad-publica","tag-senado","tag-senadores-de-la-republica"],"_links":{"self":[{"href":"https:\/\/losperiodistas.com.mx\/portal\/wp-json\/wp\/v2\/posts\/121244","targetHints":{"allow":["GET"]}}],"collection":[{"href":"https:\/\/losperiodistas.com.mx\/portal\/wp-json\/wp\/v2\/posts"}],"about":[{"href":"https:\/\/losperiodistas.com.mx\/portal\/wp-json\/wp\/v2\/types\/post"}],"author":[{"embeddable":true,"href":"https:\/\/losperiodistas.com.mx\/portal\/wp-json\/wp\/v2\/users\/1"}],"replies":[{"embeddable":true,"href":"https:\/\/losperiodistas.com.mx\/portal\/wp-json\/wp\/v2\/comments?post=121244"}],"version-history":[{"count":1,"href":"https:\/\/losperiodistas.com.mx\/portal\/wp-json\/wp\/v2\/posts\/121244\/revisions"}],"predecessor-version":[{"id":121246,"href":"https:\/\/losperiodistas.com.mx\/portal\/wp-json\/wp\/v2\/posts\/121244\/revisions\/121246"}],"wp:featuredmedia":[{"embeddable":true,"href":"https:\/\/losperiodistas.com.mx\/portal\/wp-json\/wp\/v2\/media\/121245"}],"wp:attachment":[{"href":"https:\/\/losperiodistas.com.mx\/portal\/wp-json\/wp\/v2\/media?parent=121244"}],"wp:term":[{"taxonomy":"category","embeddable":true,"href":"https:\/\/losperiodistas.com.mx\/portal\/wp-json\/wp\/v2\/categories?post=121244"},{"taxonomy":"post_tag","embeddable":true,"href":"https:\/\/losperiodistas.com.mx\/portal\/wp-json\/wp\/v2\/tags?post=121244"}],"curies":[{"name":"wp","href":"https:\/\/api.w.org\/{rel}","templated":true}]}}