{"id":121237,"date":"2026-04-28T00:04:22","date_gmt":"2026-04-28T06:04:22","guid":{"rendered":"https:\/\/losperiodistas.com.mx\/portal\/?p=121237"},"modified":"2026-04-28T00:04:23","modified_gmt":"2026-04-28T06:04:23","slug":"puebla-se-consolida-como-el-latido-de-mexico-en-tianguis-turistico","status":"publish","type":"post","link":"https:\/\/losperiodistas.com.mx\/portal\/puebla-se-consolida-como-el-latido-de-mexico-en-tianguis-turistico\/","title":{"rendered":"Puebla se consolida como el \u201cLatido de M\u00e9xico\u201d en Tianguis Tur\u00edstico"},"content":{"rendered":"\n<p><em>En 2027 la entidad poblana ser\u00e1 sede de la feria de turismo m\u00e1s importante del pa\u00eds.<\/em><\/p>\n\n\n\n<figure class=\"wp-block-image size-large\"><img fetchpriority=\"high\" decoding=\"async\" width=\"1024\" height=\"683\" src=\"https:\/\/losperiodistas.com.mx\/portal\/wp-content\/uploads\/2026\/04\/PueblaTurismo-1024x683.jpeg\" alt=\"\" class=\"wp-image-121238\" srcset=\"https:\/\/losperiodistas.com.mx\/portal\/wp-content\/uploads\/2026\/04\/PueblaTurismo-1024x683.jpeg 1024w, https:\/\/losperiodistas.com.mx\/portal\/wp-content\/uploads\/2026\/04\/PueblaTurismo-300x200.jpeg 300w, https:\/\/losperiodistas.com.mx\/portal\/wp-content\/uploads\/2026\/04\/PueblaTurismo-768x512.jpeg 768w, https:\/\/losperiodistas.com.mx\/portal\/wp-content\/uploads\/2026\/04\/PueblaTurismo.jpeg 1280w\" sizes=\"(max-width: 1024px) 100vw, 1024px\" \/><figcaption class=\"wp-element-caption\">En representaci\u00f3n del gobernador Alejandro Armenta Mier, la secretaria de Desarrollo Tur\u00edstico, Carla L\u00f3pez-Malo Villal\u00f3n, inaugur\u00f3 el pabell\u00f3n de Puebla<\/figcaption><\/figure>\n\n\n\n<p class=\"has-vivid-red-color has-text-color has-link-color wp-elements-eb27e7450528140191efa4df35f811c5\">Redacci\u00f3n<\/p>\n\n\n\n<p>El estado de Puebla reafirma su posicionamiento como uno de los destinos m\u00e1s relevantes del pa\u00eds y se consolida con fuerza como el \u201cLatido de M\u00e9xico\u201d. En representaci\u00f3n del gobernador Alejandro Armenta Mier, la secretaria de Desarrollo Tur\u00edstico, Carla L\u00f3pez-Malo Villal\u00f3n, asisti\u00f3 a la inauguraci\u00f3n de la edici\u00f3n n\u00famero 50 del Tianguis Tur\u00edstico.<\/p>\n\n\n\n<p>Al inaugurar el pabell\u00f3n de Puebla, la secretaria Carla L\u00f3pez-Malo, se\u00f1al\u00f3 que acuden al evento m\u00e1s importante de turismo en M\u00e9xico una comitiva de m\u00e1s de 130 personas, entre presidentes municipales de Pueblos M\u00e1gicos, hoteleros, restauranteros, cocineras tradicionales, artesanos y artesan\u00edas con una oferta diversificada para que las y los visitantes lleguen a la entidad.<\/p>\n\n\n\n<p>Al destacar el impacto positivo que este evento generar\u00e1 en la entidad, el gobernador Alejandro Armenta Mier, durante la ma\u00f1anera de este lunes de Puebla, anunci\u00f3 que el pr\u00f3ximo mi\u00e9rcoles recibir\u00e1 la estafeta del Tianguis Tur\u00edstico, con lo que la entidad se confirma como sede de este importante encuentro en el 2027. \u201cPuebla, es el Latido de M\u00e9xico y epicentro del deporte, todo esto se traduce en desarrollo y derrama econ\u00f3mica para todas y todos\u201d, enfatiz\u00f3.<\/p>\n\n\n\n<figure class=\"wp-block-gallery has-nested-images columns-default is-cropped wp-block-gallery-1 is-layout-flex wp-block-gallery-is-layout-flex\">\n<figure class=\"wp-block-image size-large\"><img decoding=\"async\" width=\"1024\" height=\"683\" data-id=\"121239\" src=\"https:\/\/losperiodistas.com.mx\/portal\/wp-content\/uploads\/2026\/04\/PueblaTurismo05-1024x683.jpeg\" alt=\"\" class=\"wp-image-121239\" srcset=\"https:\/\/losperiodistas.com.mx\/portal\/wp-content\/uploads\/2026\/04\/PueblaTurismo05-1024x683.jpeg 1024w, https:\/\/losperiodistas.com.mx\/portal\/wp-content\/uploads\/2026\/04\/PueblaTurismo05-300x200.jpeg 300w, https:\/\/losperiodistas.com.mx\/portal\/wp-content\/uploads\/2026\/04\/PueblaTurismo05-768x512.jpeg 768w, https:\/\/losperiodistas.com.mx\/portal\/wp-content\/uploads\/2026\/04\/PueblaTurismo05.jpeg 1280w\" sizes=\"(max-width: 1024px) 100vw, 1024px\" \/><\/figure>\n\n\n\n<figure class=\"wp-block-image size-large\"><img decoding=\"async\" width=\"1024\" height=\"683\" data-id=\"121240\" src=\"https:\/\/losperiodistas.com.mx\/portal\/wp-content\/uploads\/2026\/04\/PueblaTurismo04-1024x683.jpeg\" alt=\"\" class=\"wp-image-121240\" srcset=\"https:\/\/losperiodistas.com.mx\/portal\/wp-content\/uploads\/2026\/04\/PueblaTurismo04-1024x683.jpeg 1024w, https:\/\/losperiodistas.com.mx\/portal\/wp-content\/uploads\/2026\/04\/PueblaTurismo04-300x200.jpeg 300w, https:\/\/losperiodistas.com.mx\/portal\/wp-content\/uploads\/2026\/04\/PueblaTurismo04-768x512.jpeg 768w, https:\/\/losperiodistas.com.mx\/portal\/wp-content\/uploads\/2026\/04\/PueblaTurismo04.jpeg 1280w\" sizes=\"(max-width: 1024px) 100vw, 1024px\" \/><\/figure>\n\n\n\n<figure class=\"wp-block-image size-large\"><img loading=\"lazy\" decoding=\"async\" width=\"1024\" height=\"683\" data-id=\"121241\" src=\"https:\/\/losperiodistas.com.mx\/portal\/wp-content\/uploads\/2026\/04\/PueblaTurismo03-1024x683.jpeg\" alt=\"\" class=\"wp-image-121241\" srcset=\"https:\/\/losperiodistas.com.mx\/portal\/wp-content\/uploads\/2026\/04\/PueblaTurismo03-1024x683.jpeg 1024w, https:\/\/losperiodistas.com.mx\/portal\/wp-content\/uploads\/2026\/04\/PueblaTurismo03-300x200.jpeg 300w, https:\/\/losperiodistas.com.mx\/portal\/wp-content\/uploads\/2026\/04\/PueblaTurismo03-768x512.jpeg 768w, https:\/\/losperiodistas.com.mx\/portal\/wp-content\/uploads\/2026\/04\/PueblaTurismo03.jpeg 1280w\" sizes=\"(max-width: 1024px) 100vw, 1024px\" \/><\/figure>\n\n\n\n<figure class=\"wp-block-image size-large\"><img loading=\"lazy\" decoding=\"async\" width=\"1024\" height=\"683\" data-id=\"121242\" src=\"https:\/\/losperiodistas.com.mx\/portal\/wp-content\/uploads\/2026\/04\/PueblaTurismo02-1024x683.jpeg\" alt=\"\" class=\"wp-image-121242\" srcset=\"https:\/\/losperiodistas.com.mx\/portal\/wp-content\/uploads\/2026\/04\/PueblaTurismo02-1024x683.jpeg 1024w, https:\/\/losperiodistas.com.mx\/portal\/wp-content\/uploads\/2026\/04\/PueblaTurismo02-300x200.jpeg 300w, https:\/\/losperiodistas.com.mx\/portal\/wp-content\/uploads\/2026\/04\/PueblaTurismo02-768x512.jpeg 768w, https:\/\/losperiodistas.com.mx\/portal\/wp-content\/uploads\/2026\/04\/PueblaTurismo02.jpeg 1280w\" sizes=\"(max-width: 1024px) 100vw, 1024px\" \/><\/figure>\n<\/figure>\n\n\n\n<p>Cabe mencionar que en el pabell\u00f3n de Puebla en el Tianguis Tur\u00edstico se pronostican m\u00e1s de mil 500 citas de negocios. La secretaria Carla L\u00f3pez-Malo resalt\u00f3 que est\u00e1n nominados a m\u00e1s de ocho premios, adem\u00e1s detall\u00f3 que tambi\u00e9n realizar\u00e1n diversas firmas de convenio para fortalecer el sector en la entidad. \u00abHoy Puebla tiene un rostro humano\u00bb, afirm\u00f3.<\/p>\n\n\n\n<p>En el marco de uno de los foros m\u00e1s importantes del turismo a nivel nacional e internacional, donde convergen oportunidades de negocio, alianzas estrat\u00e9gicas y nuevas rutas de crecimiento, Puebla se coloca como un referente por su riqueza hist\u00f3rica, cultural y gastron\u00f3mica, elementos que la consolidan como un destino de alto valor para visitantes e inversionistas.<\/p>\n\n\n\n<p>La presencia de Puebla en el Tianguis Tur\u00edstico reafirma que la entidad es referente a nivel nacional e internacional derivado de eventos importantes como la Olimpiada CONADE Nacional 2026, la Copa del Mundo de Tiro con Arco. La entidad se distingue como un destino de alto valor para visitantes e inversionistas, esta caracter\u00edstica permite fortalecer la cadena de valor tur\u00edstica, atraer nuevas inversiones, generar econom\u00eda local y mayores oportunidades para todos los sectores.<\/p>\n\n\n\n<p>En este marco, en representaci\u00f3n de la presidenta de M\u00e9xico, Claudia Sheinbaum, la secretaria de Gobernaci\u00f3n, Rosa Isela Rodr\u00edguez, afirm\u00f3 que el Tianguis Tur\u00edstico 2026 es una gran oportunidad para la grandeza del pa\u00eds, las tradiciones, cultura, gastronom\u00eda, todo lo que hace \u00fanico en el mundo a M\u00e9xico. Un gran escenario para que el pa\u00eds siga con la generaci\u00f3n de recursos y una distribuci\u00f3n equitativa de la riqueza.<\/p>\n\n\n\n<p>Durante el evento inaugural, la secretaria de Turismo del Gobierno de M\u00e9xico, Josefina Rodr\u00edguez Zamora, inform\u00f3 que participan nueve pa\u00edses, adem\u00e1s de Colombia como invitado, se esperan m\u00e1s de 8 mil participantes 58 mil citas de negocios, 40 por ciento m\u00e1s que en la edici\u00f3n anterior, mil 300 empresas expositoras y una derrama econ\u00f3mica de mil 500 millones de pesos.<\/p>\n\n\n\n<p>La secretaria de Turismo del Gobierno de M\u00e9xico subray\u00f3 que el Tianguis Tur\u00edstico es una plataforma estrat\u00e9gica de negocios que impulsa la prosperidad compartida y proyecta a M\u00e9xico como un destino abierto al mundo, hoy m\u00e1s fuerte y vibrante que nunca. Destac\u00f3 que el turismo se consolida como una herramienta clave para el desarrollo inclusivo y la mejora de la calidad de vida de las familias, a trav\u00e9s de una pol\u00edtica que garantiza que sus beneficios lleguen directamente a las comunidades, pueblos originarios, mujeres emprendedoras y a la econom\u00eda local.<\/p>\n\n\n\n<p>La directora ejecutiva de Convenciones y Parques, Michelle Talavera Herrera, se\u00f1al\u00f3 que la entidad est\u00e1 preparada para recibir la edici\u00f3n n\u00famero 51 del Tianguis Tur\u00edstico el pr\u00f3ximo a\u00f1o en el Centro Expositor, el cual servir\u00e1 para promocionar al estado y realizar citas de negocios con compradores nacionales y extranjeros, as\u00ed como las 32 entidades del pa\u00eds.<\/p>\n\n\n\n<p>El subsecretario de Turismo de Guerrero, Emilio V\u00e1zquez, destac\u00f3 la s\u00f3lida colaboraci\u00f3n entre ese estado y Puebla, al se\u00f1alar que, en coordinaci\u00f3n con la secretaria Carla L\u00f3pez-Malo, se ha consolidado una sinergia estrat\u00e9gica en beneficio del sector. Subray\u00f3 la importancia de la conectividad a\u00e9rea, como el vuelo hacia Zihuatanejo, que fortalece el intercambio tur\u00edstico y fomenta que m\u00e1s guerrerenses visiten territorio poblano y viceversa.<\/p>\n\n\n\n<p>Por su parte, la secretaria de Turismo de Oaxaca, Saymi Pineda Velasco, reconoci\u00f3 el trabajo del Gobierno del Estado en el impulso y fortalecimiento del sector tur\u00edstico. Anunci\u00f3 que, como parte de esta visi\u00f3n de integraci\u00f3n regional, pr\u00f3ximamente Puebla y Huatulco estar\u00e1n conectados a partir de junio, lo que permitir\u00e1 ampliar la oferta tur\u00edstica y generar nuevas oportunidades de desarrollo para ambas entidades.<\/p>\n","protected":false},"excerpt":{"rendered":"<p>En 2027 la entidad poblana ser\u00e1 sede de la feria de turismo m\u00e1s importante del pa\u00eds.<\/p>\n","protected":false},"author":1,"featured_media":121238,"comment_status":"open","ping_status":"open","sticky":false,"template":"","format":"standard","meta":{"site-sidebar-layout":"default","site-content-layout":"","ast-site-content-layout":"default","site-content-style":"default","site-sidebar-style":"default","ast-global-header-display":"","ast-banner-title-visibility":"","ast-main-header-display":"","ast-hfb-above-header-display":"","ast-hfb-below-header-display":"","ast-hfb-mobile-header-display":"","site-post-title":"","ast-breadcrumbs-content":"","ast-featured-img":"","footer-sml-layout":"","theme-transparent-header-meta":"","adv-header-id-meta":"","stick-header-meta":"","header-above-stick-meta":"","header-main-stick-meta":"","header-below-stick-meta":"","astra-migrate-meta-layouts":"default","ast-page-background-enabled":"default","ast-page-background-meta":{"desktop":{"background-color":"var(--ast-global-color-4)","background-image":"","background-repeat":"repeat","background-position":"center center","background-size":"auto","background-attachment":"scroll","background-type":"","background-media":"","overlay-type":"","overlay-color":"","overlay-opacity":"","overlay-gradient":""},"tablet":{"background-color":"","background-image":"","background-repeat":"repeat","background-position":"center center","background-size":"auto","background-attachment":"scroll","background-type":"","background-media":"","overlay-type":"","overlay-color":"","overlay-opacity":"","overlay-gradient":""},"mobile":{"background-color":"","background-image":"","background-repeat":"repeat","background-position":"center center","background-size":"auto","background-attachment":"scroll","background-type":"","background-media":"","overlay-type":"","overlay-color":"","overlay-opacity":"","overlay-gradient":""}},"ast-content-background-meta":{"desktop":{"background-color":"var(--ast-global-color-5)","background-image":"","background-repeat":"repeat","background-position":"center center","background-size":"auto","background-attachment":"scroll","background-type":"","background-media":"","overlay-type":"","overlay-color":"","overlay-opacity":"","overlay-gradient":""},"tablet":{"background-color":"var(--ast-global-color-5)","background-image":"","background-repeat":"repeat","background-position":"center center","background-size":"auto","background-attachment":"scroll","background-type":"","background-media":"","overlay-type":"","overlay-color":"","overlay-opacity":"","overlay-gradient":""},"mobile":{"background-color":"var(--ast-global-color-5)","background-image":"","background-repeat":"repeat","background-position":"center center","background-size":"auto","background-attachment":"scroll","background-type":"","background-media":"","overlay-type":"","overlay-color":"","overlay-opacity":"","overlay-gradient":""}},"footnotes":""},"categories":[8],"tags":[45382,48627,48626,19919,42655],"class_list":["post-121237","post","type-post","status-publish","format-standard","has-post-thumbnail","hentry","category-noticias","tag-carla-lopez-malo-villalon","tag-feria-de-turismo","tag-puebla-el-latido-de-mexico","tag-rosa-isela-rodriguez","tag-tianguis-turistico"],"_links":{"self":[{"href":"https:\/\/losperiodistas.com.mx\/portal\/wp-json\/wp\/v2\/posts\/121237","targetHints":{"allow":["GET"]}}],"collection":[{"href":"https:\/\/losperiodistas.com.mx\/portal\/wp-json\/wp\/v2\/posts"}],"about":[{"href":"https:\/\/losperiodistas.com.mx\/portal\/wp-json\/wp\/v2\/types\/post"}],"author":[{"embeddable":true,"href":"https:\/\/losperiodistas.com.mx\/portal\/wp-json\/wp\/v2\/users\/1"}],"replies":[{"embeddable":true,"href":"https:\/\/losperiodistas.com.mx\/portal\/wp-json\/wp\/v2\/comments?post=121237"}],"version-history":[{"count":1,"href":"https:\/\/losperiodistas.com.mx\/portal\/wp-json\/wp\/v2\/posts\/121237\/revisions"}],"predecessor-version":[{"id":121243,"href":"https:\/\/losperiodistas.com.mx\/portal\/wp-json\/wp\/v2\/posts\/121237\/revisions\/121243"}],"wp:featuredmedia":[{"embeddable":true,"href":"https:\/\/losperiodistas.com.mx\/portal\/wp-json\/wp\/v2\/media\/121238"}],"wp:attachment":[{"href":"https:\/\/losperiodistas.com.mx\/portal\/wp-json\/wp\/v2\/media?parent=121237"}],"wp:term":[{"taxonomy":"category","embeddable":true,"href":"https:\/\/losperiodistas.com.mx\/portal\/wp-json\/wp\/v2\/categories?post=121237"},{"taxonomy":"post_tag","embeddable":true,"href":"https:\/\/losperiodistas.com.mx\/portal\/wp-json\/wp\/v2\/tags?post=121237"}],"curies":[{"name":"wp","href":"https:\/\/api.w.org\/{rel}","templated":true}]}}