{"id":121232,"date":"2026-04-27T23:37:03","date_gmt":"2026-04-28T05:37:03","guid":{"rendered":"https:\/\/losperiodistas.com.mx\/portal\/?p=121232"},"modified":"2026-04-27T23:37:05","modified_gmt":"2026-04-28T05:37:05","slug":"que-es-el-domo-de-calor-por-el-que-mexico-esta-teniendo-altas-temperaturas-en-casi-todo-el-pais-bbc","status":"publish","type":"post","link":"https:\/\/losperiodistas.com.mx\/portal\/que-es-el-domo-de-calor-por-el-que-mexico-esta-teniendo-altas-temperaturas-en-casi-todo-el-pais-bbc\/","title":{"rendered":"Qu\u00e9 es el domo de calor por el que M\u00e9xico est\u00e1 teniendo altas temperaturas en casi todo el pa\u00eds | BBC"},"content":{"rendered":"\n<figure class=\"wp-block-image size-large\"><img fetchpriority=\"high\" decoding=\"async\" width=\"1024\" height=\"576\" src=\"https:\/\/losperiodistas.com.mx\/portal\/wp-content\/uploads\/2026\/04\/Domo-de-Calor-1024x576.png\" alt=\"\" class=\"wp-image-121233\" srcset=\"https:\/\/losperiodistas.com.mx\/portal\/wp-content\/uploads\/2026\/04\/Domo-de-Calor-1024x576.png 1024w, https:\/\/losperiodistas.com.mx\/portal\/wp-content\/uploads\/2026\/04\/Domo-de-Calor-300x169.png 300w, https:\/\/losperiodistas.com.mx\/portal\/wp-content\/uploads\/2026\/04\/Domo-de-Calor-768x432.png 768w, https:\/\/losperiodistas.com.mx\/portal\/wp-content\/uploads\/2026\/04\/Domo-de-Calor.png 1333w\" sizes=\"(max-width: 1024px) 100vw, 1024px\" \/><figcaption class=\"wp-element-caption\">Casi todo el pa\u00eds experimenta altas temperaturas.<\/figcaption><\/figure>\n\n\n\n<p class=\"has-vivid-red-color has-text-color has-link-color wp-elements-01f436bfc08110478111dbc793911148\">Redacci\u00f3n \/ BBC<\/p>\n\n\n\n<p><strong>De norte a sur y de este a oeste, las altas temperaturas est\u00e1n dominando los term\u00f3metros en casi todo M\u00e9xico ante un fen\u00f3meno conocido como el \u00abdomo de calor\u00bb.<\/strong><\/p>\n\n\n\n<p>Temperaturas m\u00e1ximas de hasta 45 \u00b0C fueron pronosticadas para este lunes para siete estados del pa\u00eds -Durango, Sinaloa, Michoac\u00e1n, Guerrero, Tamaulipas, San Luis Potos\u00ed y Oaxaca- y calor considerable en otras entidades que abarcan casi 90% del territorio de M\u00e9xico.<\/p>\n\n\n\n<p>Seg\u00fan el Servicio Meteorol\u00f3gico Nacional (SMN), el pa\u00eds enfrenta una circulaci\u00f3n anticicl\u00f3nica en niveles medios de la atm\u00f3sfera, lo que se traduce en una onda de calor que se ha extendido en los \u00faltimos d\u00edas por el pa\u00eds y que se mantendr\u00e1 al inicio de esta semana.<\/p>\n\n\n\n<p>Ciudad de M\u00e9xico superar\u00e1 los 30 \u00b0C, algo inusual para las temperaturas promedio de la capital del pa\u00eds en esta \u00e9poca del a\u00f1o. La metr\u00f3poli tambi\u00e9n experimenta una mala calidad del aire por la alta radiaci\u00f3n solar y el escaso viento que favorece la acumulaci\u00f3n de ozono.<\/p>\n\n\n\n<p>El fen\u00f3meno asociado al \u00abdomo de calor\u00bb tambi\u00e9n se produce en otras de las grandes urbes del pa\u00eds donde los contaminantes se mantienen por m\u00e1s tiempo en el ambiente.<\/p>\n\n\n\n<p>\u00abAnte las altas temperaturas se exhorta a la poblaci\u00f3n a mantenerse bien hidratados, vestir ropa de manga larga de colores claros, no exponerse tiempos prolongados bajo el sol y brindar especial atenci\u00f3n a la ni\u00f1ez y adultos mayores\u00bb, recomend\u00f3 el SMN.<\/p>\n\n\n\n<figure class=\"wp-block-image size-full\"><img decoding=\"async\" width=\"800\" height=\"533\" src=\"https:\/\/losperiodistas.com.mx\/portal\/wp-content\/uploads\/2026\/04\/imagen-138.png\" alt=\"\" class=\"wp-image-121234\" srcset=\"https:\/\/losperiodistas.com.mx\/portal\/wp-content\/uploads\/2026\/04\/imagen-138.png 800w, https:\/\/losperiodistas.com.mx\/portal\/wp-content\/uploads\/2026\/04\/imagen-138-300x200.png 300w, https:\/\/losperiodistas.com.mx\/portal\/wp-content\/uploads\/2026\/04\/imagen-138-768x512.png 768w\" sizes=\"(max-width: 800px) 100vw, 800px\" \/><figcaption class=\"wp-element-caption\">Las autoridades recomiendan a las personas mantenerse hidratadas y protegidas del sol.<\/figcaption><\/figure>\n\n\n\n<h2 class=\"wp-block-heading\" id=\"Qu\u00e9-es-el-domo-de-calor\">\u00bfQu\u00e9 es el domo de calor?<\/h2>\n\n\n\n<p>El fen\u00f3meno se forma en un \u00e1rea de alta presi\u00f3n atmosf\u00e9rica cuando el aire caliente es empujado hacia abajo y queda atrapado en un solo lugar, lo que hace que las temperaturas se disparen en una amplia regi\u00f3n donde se produce.<\/p>\n\n\n\n<p>Es esencialmente una masa de aire caliente arraigada obstinadamente en un lugar, atrapando a los que est\u00e1n dentro a nivel del suelo en una ola de calor prolongada.<\/p>\n\n\n\n<p>Los cient\u00edficos creen que estos eventos son provocados por un cambio brusco en las temperaturas del oc\u00e9ano.<\/p>\n\n\n\n<p>A su vez, el aumento de la temperatura del agua calienta el aire y los vientos empujan ese calor hacia la tierra.<\/p>\n\n\n\n<p>Una vez que el aire caliente llega a tierra, queda atrapado por un sistema de alta presi\u00f3n, formando una c\u00fapula flanqueada por sistemas de baja presi\u00f3n a ambos lados.<\/p>\n\n\n\n<p>La alta presi\u00f3n calienta a\u00fan m\u00e1s la columna de aire comprimi\u00e9ndola, actuando efectivamente como un domo.<\/p>\n\n\n\n<figure class=\"wp-block-image size-full\"><img decoding=\"async\" width=\"800\" height=\"691\" src=\"https:\/\/losperiodistas.com.mx\/portal\/wp-content\/uploads\/2026\/04\/imagen-139.png\" alt=\"\" class=\"wp-image-121235\" srcset=\"https:\/\/losperiodistas.com.mx\/portal\/wp-content\/uploads\/2026\/04\/imagen-139.png 800w, https:\/\/losperiodistas.com.mx\/portal\/wp-content\/uploads\/2026\/04\/imagen-139-300x259.png 300w, https:\/\/losperiodistas.com.mx\/portal\/wp-content\/uploads\/2026\/04\/imagen-139-768x663.png 768w\" sizes=\"(max-width: 800px) 100vw, 800px\" \/><\/figure>\n\n\n\n<p>Los eventos de calor extremo ocurren dentro de la variaci\u00f3n natural del clima debido a los cambios en los patrones clim\u00e1ticos globales.<\/p>\n\n\n\n<p>Sin embargo, los cient\u00edficos se\u00f1alan que el aumento en la frecuencia, duraci\u00f3n e intensidad de estos eventos en las \u00faltimas d\u00e9cadas est\u00e1 claramente relacionado con el calentamiento observado del planeta y puede atribuirse a la actividad humana.<\/p>\n\n\n\n<p>Las emisiones causadas por la quema de combustibles f\u00f3siles han estado atrapando el calor en la atm\u00f3sfera desde el comienzo de la era industrial.<\/p>\n\n\n\n<p>Este calor adicional no se distribuye uniformemente por todo el mundo y provoca fen\u00f3menos meteorol\u00f3gicos extremos, como las intensas olas de calor.<\/p>\n\n\n\n<p>Y, a menos que se reduzcan las emisiones globales, este ciclo continuar\u00e1.<\/p>\n\n\n\n<p>Fuente: <a href=\"https:\/\/www.bbc.com\/mundo\/articles\/cdjpwwg4rmro\">BBC<\/a><\/p>\n","protected":false},"excerpt":{"rendered":"<p>Redacci\u00f3n \/ BBC De norte a sur y de este a oeste, las altas temperaturas est\u00e1n dominando los term\u00f3metros en [&hellip;]<\/p>\n","protected":false},"author":1,"featured_media":121233,"comment_status":"open","ping_status":"open","sticky":false,"template":"","format":"standard","meta":{"site-sidebar-layout":"default","site-content-layout":"","ast-site-content-layout":"default","site-content-style":"default","site-sidebar-style":"default","ast-global-header-display":"","ast-banner-title-visibility":"","ast-main-header-display":"","ast-hfb-above-header-display":"","ast-hfb-below-header-display":"","ast-hfb-mobile-header-display":"","site-post-title":"","ast-breadcrumbs-content":"","ast-featured-img":"","footer-sml-layout":"","theme-transparent-header-meta":"","adv-header-id-meta":"","stick-header-meta":"","header-above-stick-meta":"","header-main-stick-meta":"","header-below-stick-meta":"","astra-migrate-meta-layouts":"default","ast-page-background-enabled":"default","ast-page-background-meta":{"desktop":{"background-color":"var(--ast-global-color-4)","background-image":"","background-repeat":"repeat","background-position":"center center","background-size":"auto","background-attachment":"scroll","background-type":"","background-media":"","overlay-type":"","overlay-color":"","overlay-opacity":"","overlay-gradient":""},"tablet":{"background-color":"","background-image":"","background-repeat":"repeat","background-position":"center center","background-size":"auto","background-attachment":"scroll","background-type":"","background-media":"","overlay-type":"","overlay-color":"","overlay-opacity":"","overlay-gradient":""},"mobile":{"background-color":"","background-image":"","background-repeat":"repeat","background-position":"center center","background-size":"auto","background-attachment":"scroll","background-type":"","background-media":"","overlay-type":"","overlay-color":"","overlay-opacity":"","overlay-gradient":""}},"ast-content-background-meta":{"desktop":{"background-color":"var(--ast-global-color-5)","background-image":"","background-repeat":"repeat","background-position":"center center","background-size":"auto","background-attachment":"scroll","background-type":"","background-media":"","overlay-type":"","overlay-color":"","overlay-opacity":"","overlay-gradient":""},"tablet":{"background-color":"var(--ast-global-color-5)","background-image":"","background-repeat":"repeat","background-position":"center center","background-size":"auto","background-attachment":"scroll","background-type":"","background-media":"","overlay-type":"","overlay-color":"","overlay-opacity":"","overlay-gradient":""},"mobile":{"background-color":"var(--ast-global-color-5)","background-image":"","background-repeat":"repeat","background-position":"center center","background-size":"auto","background-attachment":"scroll","background-type":"","background-media":"","overlay-type":"","overlay-color":"","overlay-opacity":"","overlay-gradient":""}},"footnotes":""},"categories":[8],"tags":[48333,48625,10493,5017,11563,9932,4372],"class_list":["post-121232","post","type-post","status-publish","format-standard","has-post-thumbnail","hentry","category-noticias","tag-altas-temperaturas","tag-domo-de-calor","tag-durango","tag-guerrero","tag-michoacan","tag-sinaloa","tag-tamaulipas"],"_links":{"self":[{"href":"https:\/\/losperiodistas.com.mx\/portal\/wp-json\/wp\/v2\/posts\/121232","targetHints":{"allow":["GET"]}}],"collection":[{"href":"https:\/\/losperiodistas.com.mx\/portal\/wp-json\/wp\/v2\/posts"}],"about":[{"href":"https:\/\/losperiodistas.com.mx\/portal\/wp-json\/wp\/v2\/types\/post"}],"author":[{"embeddable":true,"href":"https:\/\/losperiodistas.com.mx\/portal\/wp-json\/wp\/v2\/users\/1"}],"replies":[{"embeddable":true,"href":"https:\/\/losperiodistas.com.mx\/portal\/wp-json\/wp\/v2\/comments?post=121232"}],"version-history":[{"count":1,"href":"https:\/\/losperiodistas.com.mx\/portal\/wp-json\/wp\/v2\/posts\/121232\/revisions"}],"predecessor-version":[{"id":121236,"href":"https:\/\/losperiodistas.com.mx\/portal\/wp-json\/wp\/v2\/posts\/121232\/revisions\/121236"}],"wp:featuredmedia":[{"embeddable":true,"href":"https:\/\/losperiodistas.com.mx\/portal\/wp-json\/wp\/v2\/media\/121233"}],"wp:attachment":[{"href":"https:\/\/losperiodistas.com.mx\/portal\/wp-json\/wp\/v2\/media?parent=121232"}],"wp:term":[{"taxonomy":"category","embeddable":true,"href":"https:\/\/losperiodistas.com.mx\/portal\/wp-json\/wp\/v2\/categories?post=121232"},{"taxonomy":"post_tag","embeddable":true,"href":"https:\/\/losperiodistas.com.mx\/portal\/wp-json\/wp\/v2\/tags?post=121232"}],"curies":[{"name":"wp","href":"https:\/\/api.w.org\/{rel}","templated":true}]}}