{"id":121229,"date":"2026-04-27T23:30:01","date_gmt":"2026-04-28T05:30:01","guid":{"rendered":"https:\/\/losperiodistas.com.mx\/portal\/?p=121229"},"modified":"2026-04-27T23:30:03","modified_gmt":"2026-04-28T05:30:03","slug":"renuncia-cesar-gustavo-jauregui-a-la-fiscalia-de-chihuahua-la-jornada","status":"publish","type":"post","link":"https:\/\/losperiodistas.com.mx\/portal\/renuncia-cesar-gustavo-jauregui-a-la-fiscalia-de-chihuahua-la-jornada\/","title":{"rendered":"Renuncia C\u00e9sar Gustavo J\u00e1uregui a la Fiscal\u00eda de Chihuahua | La Jornada"},"content":{"rendered":"\n<figure class=\"wp-block-image size-large\"><img fetchpriority=\"high\" decoding=\"async\" width=\"1024\" height=\"677\" src=\"https:\/\/losperiodistas.com.mx\/portal\/wp-content\/uploads\/2026\/04\/renuncia-cesar-gustavo-jauregui-a-la-fiscalia-de-chihuahua-1024x677.png\" alt=\"\" class=\"wp-image-121230\" srcset=\"https:\/\/losperiodistas.com.mx\/portal\/wp-content\/uploads\/2026\/04\/renuncia-cesar-gustavo-jauregui-a-la-fiscalia-de-chihuahua-1024x677.png 1024w, https:\/\/losperiodistas.com.mx\/portal\/wp-content\/uploads\/2026\/04\/renuncia-cesar-gustavo-jauregui-a-la-fiscalia-de-chihuahua-300x198.png 300w, https:\/\/losperiodistas.com.mx\/portal\/wp-content\/uploads\/2026\/04\/renuncia-cesar-gustavo-jauregui-a-la-fiscalia-de-chihuahua-768x508.png 768w, https:\/\/losperiodistas.com.mx\/portal\/wp-content\/uploads\/2026\/04\/renuncia-cesar-gustavo-jauregui-a-la-fiscalia-de-chihuahua.png 1202w\" sizes=\"(max-width: 1024px) 100vw, 1024px\" \/><figcaption class=\"wp-element-caption\">Renuncia C\u00e9sar Gustavo J\u00e1uregui a la Fiscal\u00eda de Chihuahua<\/figcaption><\/figure>\n\n\n\n<p class=\"has-vivid-red-color has-text-color has-link-color wp-elements-ace0249e8ea7369630c9ed8d248ef6f6\">Jes\u00fas Estrada \/ La Jornada<\/p>\n\n\n\n<p>C\u00e9sar Gustavo J\u00e1uregui Moreno present\u00f3 la noche de este lunes su renuncia irrevocable al cargo de fiscal general del estado, al asumir la responsabilidad pol\u00edtica por presuntas omisiones institucionales relacionadas con la presencia de personas extranjeras que se identificaron como funcionarios de otro pa\u00eds durante un operativo realizado entre el 17 y 19 de abril en la comunidad El Pinal, municipio de Morelos.<\/p>\n\n\n\n<p>La dimisi\u00f3n ocurri\u00f3 luego de que Wendy Ch\u00e1vez Villanueva, titular de la unidad especializada encargada de esclarecer dicho operativo, dio a conocer los primeros avances de la investigaci\u00f3n.&nbsp;<\/p>\n\n\n\n<p>En conferencia de prensa, J\u00e1uregui Moreno reconoci\u00f3 que la informaci\u00f3n inicial compartida sobre el caso fue inconsistente y que hubo fallas en los mecanismos de control, comunicaci\u00f3n y gesti\u00f3n institucional que, como titular de la Fiscal\u00eda estatal, ten\u00eda la obligaci\u00f3n de garantizar. \u201cReconozco esta responsabilidad pol\u00edtica y la necesidad de corregirla\u201d, expres\u00f3.<\/p>\n\n\n\n<figure class=\"wp-block-embed is-type-video is-provider-youtube wp-block-embed-youtube wp-embed-aspect-16-9 wp-has-aspect-ratio\"><div class=\"wp-block-embed__wrapper\">\n<iframe title=\"Renuncia C\u00e9sar Gustavo J\u00e1uregui a la Fiscal\u00eda de Chihuahua\" width=\"500\" height=\"281\" src=\"https:\/\/www.youtube.com\/embed\/18djotvR4qQ?feature=oembed\" frameborder=\"0\" allow=\"accelerometer; autoplay; clipboard-write; encrypted-media; gyroscope; picture-in-picture; web-share\" referrerpolicy=\"strict-origin-when-cross-origin\" allowfullscreen><\/iframe>\n<\/div><\/figure>\n\n\n\n<p>El ahora ex funcionario sostuvo que los recientes resultados en el combate al crimen organizado, entre ellos la destrucci\u00f3n de uno de los laboratorios de drogas m\u00e1s grandes en la historia del pa\u00eds, no justifican actuaciones alejadas del estricto apego a la ley.&nbsp;<\/p>\n\n\n\n<p>A\u00f1adi\u00f3 que su salida busca permitir que las investigaciones contin\u00faen con autonom\u00eda, prontitud y exhaustividad, restablecer la confianza p\u00fablica, reforzar la disciplina institucional, mejorar los controles internos y preservar la integridad de las operaciones leg\u00edtimas contra la delincuencia organizada.<\/p>\n\n\n\n<p>Fuente: <a href=\"https:\/\/www.jornada.com.mx\/noticia\/2026\/04\/27\/politica\/renuncia-cesar-gustavo-jauregui-a-la-fiscalia-de-chihuahua\" target=\"_blank\" rel=\"noreferrer noopener\">La Jornada<\/a><\/p>\n","protected":false},"excerpt":{"rendered":"<p>Jes\u00fas Estrada \/ La Jornada C\u00e9sar Gustavo J\u00e1uregui Moreno present\u00f3 la noche de este lunes su renuncia irrevocable al cargo [&hellip;]<\/p>\n","protected":false},"author":1,"featured_media":121230,"comment_status":"open","ping_status":"open","sticky":false,"template":"","format":"standard","meta":{"site-sidebar-layout":"default","site-content-layout":"","ast-site-content-layout":"default","site-content-style":"default","site-sidebar-style":"default","ast-global-header-display":"","ast-banner-title-visibility":"","ast-main-header-display":"","ast-hfb-above-header-display":"","ast-hfb-below-header-display":"","ast-hfb-mobile-header-display":"","site-post-title":"","ast-breadcrumbs-content":"","ast-featured-img":"","footer-sml-layout":"","theme-transparent-header-meta":"","adv-header-id-meta":"","stick-header-meta":"","header-above-stick-meta":"","header-main-stick-meta":"","header-below-stick-meta":"","astra-migrate-meta-layouts":"default","ast-page-background-enabled":"default","ast-page-background-meta":{"desktop":{"background-color":"var(--ast-global-color-4)","background-image":"","background-repeat":"repeat","background-position":"center center","background-size":"auto","background-attachment":"scroll","background-type":"","background-media":"","overlay-type":"","overlay-color":"","overlay-opacity":"","overlay-gradient":""},"tablet":{"background-color":"","background-image":"","background-repeat":"repeat","background-position":"center center","background-size":"auto","background-attachment":"scroll","background-type":"","background-media":"","overlay-type":"","overlay-color":"","overlay-opacity":"","overlay-gradient":""},"mobile":{"background-color":"","background-image":"","background-repeat":"repeat","background-position":"center center","background-size":"auto","background-attachment":"scroll","background-type":"","background-media":"","overlay-type":"","overlay-color":"","overlay-opacity":"","overlay-gradient":""}},"ast-content-background-meta":{"desktop":{"background-color":"var(--ast-global-color-5)","background-image":"","background-repeat":"repeat","background-position":"center center","background-size":"auto","background-attachment":"scroll","background-type":"","background-media":"","overlay-type":"","overlay-color":"","overlay-opacity":"","overlay-gradient":""},"tablet":{"background-color":"var(--ast-global-color-5)","background-image":"","background-repeat":"repeat","background-position":"center center","background-size":"auto","background-attachment":"scroll","background-type":"","background-media":"","overlay-type":"","overlay-color":"","overlay-opacity":"","overlay-gradient":""},"mobile":{"background-color":"var(--ast-global-color-5)","background-image":"","background-repeat":"repeat","background-position":"center center","background-size":"auto","background-attachment":"scroll","background-type":"","background-media":"","overlay-type":"","overlay-color":"","overlay-opacity":"","overlay-gradient":""}},"footnotes":""},"categories":[8],"tags":[48622,27743,48623,48624],"class_list":["post-121229","post","type-post","status-publish","format-standard","has-post-thumbnail","hentry","category-noticias","tag-cesar-gustavo-jauregui","tag-fiscalia-de-chihuahua","tag-renuncia-irrevocable","tag-wendy-chavez-villanueva"],"_links":{"self":[{"href":"https:\/\/losperiodistas.com.mx\/portal\/wp-json\/wp\/v2\/posts\/121229","targetHints":{"allow":["GET"]}}],"collection":[{"href":"https:\/\/losperiodistas.com.mx\/portal\/wp-json\/wp\/v2\/posts"}],"about":[{"href":"https:\/\/losperiodistas.com.mx\/portal\/wp-json\/wp\/v2\/types\/post"}],"author":[{"embeddable":true,"href":"https:\/\/losperiodistas.com.mx\/portal\/wp-json\/wp\/v2\/users\/1"}],"replies":[{"embeddable":true,"href":"https:\/\/losperiodistas.com.mx\/portal\/wp-json\/wp\/v2\/comments?post=121229"}],"version-history":[{"count":1,"href":"https:\/\/losperiodistas.com.mx\/portal\/wp-json\/wp\/v2\/posts\/121229\/revisions"}],"predecessor-version":[{"id":121231,"href":"https:\/\/losperiodistas.com.mx\/portal\/wp-json\/wp\/v2\/posts\/121229\/revisions\/121231"}],"wp:featuredmedia":[{"embeddable":true,"href":"https:\/\/losperiodistas.com.mx\/portal\/wp-json\/wp\/v2\/media\/121230"}],"wp:attachment":[{"href":"https:\/\/losperiodistas.com.mx\/portal\/wp-json\/wp\/v2\/media?parent=121229"}],"wp:term":[{"taxonomy":"category","embeddable":true,"href":"https:\/\/losperiodistas.com.mx\/portal\/wp-json\/wp\/v2\/categories?post=121229"},{"taxonomy":"post_tag","embeddable":true,"href":"https:\/\/losperiodistas.com.mx\/portal\/wp-json\/wp\/v2\/tags?post=121229"}],"curies":[{"name":"wp","href":"https:\/\/api.w.org\/{rel}","templated":true}]}}